{"id":9082,"date":"2022-06-09T12:23:44","date_gmt":"2022-06-09T10:23:44","guid":{"rendered":"https:\/\/www.lyceelecorbusier.eu\/dnmade-is\/?p=9082"},"modified":"2022-10-20T10:30:17","modified_gmt":"2022-10-20T08:30:17","slug":"esplanade-rencontrer-strasbourg","status":"publish","type":"post","link":"https:\/\/www.lyceelecorbusier.eu\/dnmade-is\/?p=9082","title":{"rendered":"Esplanade &#8211; Rencontrer Strasbourg"},"content":{"rendered":"<p><!--more--><\/p>\n<p>Le projet &#8220;Rencontrer Strasbourg&#8221; a pour objectif de cr\u00e9er l&#8217;identit\u00e9 sonore d&#8217;un quartier afin que les nouveaux habitants puissent avoir une vision d\u2019ensemble plus sensible de leur futur lieu de vie. Le quartier sur lequel nous avons effectu\u00e9 notre recherche est le quartier de l&#8217;Esplanade.<\/p>\n<!--[if lt IE 9]><script>document.createElement('audio');<\/script><![endif]-->\n<audio class=\"wp-audio-shortcode\" id=\"audio-9082-1\" preload=\"none\" style=\"width: 100%;\" controls=\"controls\"><source type=\"audio\/mpeg\" src=\"https:\/\/www.lyceelecorbusier.eu\/dnmade-is\/wp-content\/uploads\/sites\/44\/2022\/07\/partie-1-compresse-podcast-esplanade.mp3?_=1\" \/><a href=\"https:\/\/www.lyceelecorbusier.eu\/dnmade-is\/wp-content\/uploads\/sites\/44\/2022\/07\/partie-1-compresse-podcast-esplanade.mp3\">https:\/\/www.lyceelecorbusier.eu\/dnmade-is\/wp-content\/uploads\/sites\/44\/2022\/07\/partie-1-compresse-podcast-esplanade.mp3<\/a><\/audio>\n<p>suite :<\/p>\n<audio class=\"wp-audio-shortcode\" id=\"audio-9082-2\" preload=\"none\" style=\"width: 100%;\" controls=\"controls\"><source type=\"audio\/mpeg\" src=\"https:\/\/www.lyceelecorbusier.eu\/dnmade-is\/wp-content\/uploads\/sites\/44\/2022\/07\/partie-2-compresse-podcast-esplanade.mp3?_=2\" \/><a href=\"https:\/\/www.lyceelecorbusier.eu\/dnmade-is\/wp-content\/uploads\/sites\/44\/2022\/07\/partie-2-compresse-podcast-esplanade.mp3\">https:\/\/www.lyceelecorbusier.eu\/dnmade-is\/wp-content\/uploads\/sites\/44\/2022\/07\/partie-2-compresse-podcast-esplanade.mp3<\/a><\/audio>\n<p>&nbsp;<\/p>\n<p>Dans un premier temps nous nous sommes pench\u00e9s sur le type de parole qui nous int\u00e9ressait. Pour nous, il \u00e9tait \u00e9vident de parler des lieux cl\u00e9s du quartier afin de le faire d\u00e9couvrir aux nouveaux habitants. Pour ce faire nous avons choisi de r\u00e9colter les anecdotes de personnes qui c\u00f4toient le quartier, notamment ses habitants.<\/p>\n<p>Durant ce projet, il a fallut que nous contactions des partenaires chez qui nous pourrions mener notre atelier et enregistrer. C&#8217;est ainsi que nous nous sommes tourn\u00e9s vers le Centre socio culturel de l&#8217;ARES (Association des R\u00e9sidents de l&#8217;Esplanade) et la salle de spectacle La Pokop.<\/p>\n<p>Nous avons d&#8217;abord r\u00e9fl\u00e9chis \u00e0 un sc\u00e9nario d&#8217;ensemble :<\/p>\n<ul>\n<li>Capter l&#8217;attention (donner aux gens envie de participer)<\/li>\n<li>Expliquer (nous pr\u00e9senter, pr\u00e9senter le projet)<\/li>\n<li>R\u00e9colter (enregistrer)<\/li>\n<li>Animer l&#8217;atelier (utiliser le dispositif)<\/li>\n<\/ul>\n<p>Puis nous avons imaginer un dispositif pour aborder les habitants et faciliter le dialogue : un jeu de cartes, qui se divise en trois cat\u00e9gories : Actions, Qui et Quand.<\/p>\n<p>Une fois les trois cartes pioch\u00e9es, nous demandons \u00e0 l\u2019usager \u00e0 quel lieu de l\u2019Esplanade cette combinaison de carte lui fait penser. Pour l\u2019aider, il dispose d\u2019un plan du quartier avec des noms de lieux. Le jeu n\u2019est qu\u2019un pr\u00e9texte, il permet d\u2019ouvrir la discussion avec les habitants de mani\u00e8re ludique avant de r\u00e9colter leurs propres anecdotes sur le lieu choisi. Notre atelier est ambulant pour des questions de mobilit\u00e9.<\/p>\n<p>Le dispositif comporte un jeu de 36 cartes, un support pour les poser, un plan du quartier, une pancarte slogan et de quoi enregistrer.<\/p>\n<p><img loading=\"lazy\" class=\"alignnone wp-image-9162\" src=\"https:\/\/www.lyceelecorbusier.eu\/dnmade-is\/wp-content\/uploads\/sites\/44\/2022\/06\/image-1-compressed-copie-scaled.jpg\" alt=\"\" width=\"360\" height=\"270\" srcset=\"https:\/\/www.lyceelecorbusier.eu\/dnmade-is\/wp-content\/uploads\/sites\/44\/2022\/06\/image-1-compressed-copie-scaled.jpg 2560w, https:\/\/www.lyceelecorbusier.eu\/dnmade-is\/wp-content\/uploads\/sites\/44\/2022\/06\/image-1-compressed-copie-300x225.jpg 300w, https:\/\/www.lyceelecorbusier.eu\/dnmade-is\/wp-content\/uploads\/sites\/44\/2022\/06\/image-1-compressed-copie-1024x768.jpg 1024w, https:\/\/www.lyceelecorbusier.eu\/dnmade-is\/wp-content\/uploads\/sites\/44\/2022\/06\/image-1-compressed-copie-768x576.jpg 768w, https:\/\/www.lyceelecorbusier.eu\/dnmade-is\/wp-content\/uploads\/sites\/44\/2022\/06\/image-1-compressed-copie-1536x1152.jpg 1536w, https:\/\/www.lyceelecorbusier.eu\/dnmade-is\/wp-content\/uploads\/sites\/44\/2022\/06\/image-1-compressed-copie-2048x1536.jpg 2048w, https:\/\/www.lyceelecorbusier.eu\/dnmade-is\/wp-content\/uploads\/sites\/44\/2022\/06\/image-1-compressed-copie-1600x1200.jpg 1600w, https:\/\/www.lyceelecorbusier.eu\/dnmade-is\/wp-content\/uploads\/sites\/44\/2022\/06\/image-1-compressed-copie-960x720.jpg 960w\" sizes=\"(max-width: 360px) 100vw, 360px\" \/> <img loading=\"lazy\" class=\"alignnone wp-image-9161\" src=\"https:\/\/www.lyceelecorbusier.eu\/dnmade-is\/wp-content\/uploads\/sites\/44\/2022\/06\/image-0-compressed-scaled-e1655304508361.jpg\" alt=\"\" width=\"359\" height=\"270\" \/><\/p>\n<p><img loading=\"lazy\" class=\"alignnone wp-image-9165\" src=\"https:\/\/www.lyceelecorbusier.eu\/dnmade-is\/wp-content\/uploads\/sites\/44\/2022\/06\/image-8-compressed-scaled.jpg\" alt=\"\" width=\"360\" height=\"480\" srcset=\"https:\/\/www.lyceelecorbusier.eu\/dnmade-is\/wp-content\/uploads\/sites\/44\/2022\/06\/image-8-compressed-scaled.jpg 1920w, https:\/\/www.lyceelecorbusier.eu\/dnmade-is\/wp-content\/uploads\/sites\/44\/2022\/06\/image-8-compressed-225x300.jpg 225w, https:\/\/www.lyceelecorbusier.eu\/dnmade-is\/wp-content\/uploads\/sites\/44\/2022\/06\/image-8-compressed-768x1024.jpg 768w, https:\/\/www.lyceelecorbusier.eu\/dnmade-is\/wp-content\/uploads\/sites\/44\/2022\/06\/image-8-compressed-1152x1536.jpg 1152w, https:\/\/www.lyceelecorbusier.eu\/dnmade-is\/wp-content\/uploads\/sites\/44\/2022\/06\/image-8-compressed-1536x2048.jpg 1536w, https:\/\/www.lyceelecorbusier.eu\/dnmade-is\/wp-content\/uploads\/sites\/44\/2022\/06\/image-8-compressed-1200x1600.jpg 1200w\" sizes=\"(max-width: 360px) 100vw, 360px\" \/> <img loading=\"lazy\" class=\"alignnone wp-image-9163\" src=\"https:\/\/www.lyceelecorbusier.eu\/dnmade-is\/wp-content\/uploads\/sites\/44\/2022\/06\/image-2-compressed-scaled.jpg\" alt=\"\" width=\"360\" height=\"480\" srcset=\"https:\/\/www.lyceelecorbusier.eu\/dnmade-is\/wp-content\/uploads\/sites\/44\/2022\/06\/image-2-compressed-scaled.jpg 1920w, https:\/\/www.lyceelecorbusier.eu\/dnmade-is\/wp-content\/uploads\/sites\/44\/2022\/06\/image-2-compressed-225x300.jpg 225w, https:\/\/www.lyceelecorbusier.eu\/dnmade-is\/wp-content\/uploads\/sites\/44\/2022\/06\/image-2-compressed-768x1024.jpg 768w, https:\/\/www.lyceelecorbusier.eu\/dnmade-is\/wp-content\/uploads\/sites\/44\/2022\/06\/image-2-compressed-1152x1536.jpg 1152w, https:\/\/www.lyceelecorbusier.eu\/dnmade-is\/wp-content\/uploads\/sites\/44\/2022\/06\/image-2-compressed-1536x2048.jpg 1536w, https:\/\/www.lyceelecorbusier.eu\/dnmade-is\/wp-content\/uploads\/sites\/44\/2022\/06\/image-2-compressed-1200x1600.jpg 1200w\" sizes=\"(max-width: 360px) 100vw, 360px\" \/><\/p>\n<p>&nbsp;<\/p>\n<p>C&#8217;est avec cet attirail qu&#8217;on s&#8217;est rendu sur le terrain !<\/p>\n<p><img loading=\"lazy\" class=\"alignnone wp-image-9182\" src=\"https:\/\/www.lyceelecorbusier.eu\/dnmade-is\/wp-content\/uploads\/sites\/44\/2022\/06\/erf-compressed-scaled.jpg\" alt=\"\" width=\"260\" height=\"346\" srcset=\"https:\/\/www.lyceelecorbusier.eu\/dnmade-is\/wp-content\/uploads\/sites\/44\/2022\/06\/erf-compressed-scaled.jpg 1920w, https:\/\/www.lyceelecorbusier.eu\/dnmade-is\/wp-content\/uploads\/sites\/44\/2022\/06\/erf-compressed-225x300.jpg 225w, https:\/\/www.lyceelecorbusier.eu\/dnmade-is\/wp-content\/uploads\/sites\/44\/2022\/06\/erf-compressed-768x1024.jpg 768w, https:\/\/www.lyceelecorbusier.eu\/dnmade-is\/wp-content\/uploads\/sites\/44\/2022\/06\/erf-compressed-1152x1536.jpg 1152w, https:\/\/www.lyceelecorbusier.eu\/dnmade-is\/wp-content\/uploads\/sites\/44\/2022\/06\/erf-compressed-1536x2048.jpg 1536w, https:\/\/www.lyceelecorbusier.eu\/dnmade-is\/wp-content\/uploads\/sites\/44\/2022\/06\/erf-compressed-1200x1600.jpg 1200w\" sizes=\"(max-width: 260px) 100vw, 260px\" \/> <img loading=\"lazy\" class=\"alignnone wp-image-9181\" src=\"https:\/\/www.lyceelecorbusier.eu\/dnmade-is\/wp-content\/uploads\/sites\/44\/2022\/06\/defc-compressed-scaled.jpg\" alt=\"\" width=\"463\" height=\"347\" srcset=\"https:\/\/www.lyceelecorbusier.eu\/dnmade-is\/wp-content\/uploads\/sites\/44\/2022\/06\/defc-compressed-scaled.jpg 2560w, https:\/\/www.lyceelecorbusier.eu\/dnmade-is\/wp-content\/uploads\/sites\/44\/2022\/06\/defc-compressed-300x225.jpg 300w, https:\/\/www.lyceelecorbusier.eu\/dnmade-is\/wp-content\/uploads\/sites\/44\/2022\/06\/defc-compressed-1024x768.jpg 1024w, https:\/\/www.lyceelecorbusier.eu\/dnmade-is\/wp-content\/uploads\/sites\/44\/2022\/06\/defc-compressed-768x576.jpg 768w, https:\/\/www.lyceelecorbusier.eu\/dnmade-is\/wp-content\/uploads\/sites\/44\/2022\/06\/defc-compressed-1536x1152.jpg 1536w, https:\/\/www.lyceelecorbusier.eu\/dnmade-is\/wp-content\/uploads\/sites\/44\/2022\/06\/defc-compressed-2048x1536.jpg 2048w, https:\/\/www.lyceelecorbusier.eu\/dnmade-is\/wp-content\/uploads\/sites\/44\/2022\/06\/defc-compressed-1600x1200.jpg 1600w\" sizes=\"(max-width: 463px) 100vw, 463px\" \/><\/p>\n<p>Au cours du projet, nous avons rencontr\u00e9s quelques difficult\u00e9s. Il \u00e9tait compliqu\u00e9 de g\u00e9rer les cartes sans avoir de vrai support d&#8217;atelier, tout s&#8217;envolait et se m\u00e9langeais. Pour y rem\u00e9dier nous pourrions d\u00e9velopper davantage l&#8217;aspect ambulant en le rendant plus pratique et plus stable. La pancarte \u00e9tait un bon moyen d&#8217;attirer l\u2019attention des passants, en revanche elle n&#8217;est pas tr\u00e8s pratique \u00e0 transporter. Nous pourrions envisager d&#8217;y inclure une bandouli\u00e8re ou de changer le mat\u00e9riau pour qu&#8217;elle soit plus l\u00e9g\u00e8re. Nous avons essay\u00e9 de faire des cartes universelles, mais il \u00e9tait parfois compliqu\u00e9 pour les gens de s&#8217;imaginer dans le contexte donn\u00e9.<\/p>\n<p>&nbsp;<\/p>\n<p>Un QR code qui renvoi vers la bande sonore est distribu\u00e9 aux participants.<\/p>\n<p>Projet r\u00e9alis\u00e9 par Obelliane Maud, Beroujon Ludovic, Le Meur Margot et Homann Fiona<\/p>\n","protected":false},"excerpt":{"rendered":"","protected":false},"author":275,"featured_media":9397,"comment_status":"closed","ping_status":"closed","sticky":false,"template":"","format":"standard","meta":[],"categories":[35,4,53],"tags":[],"_links":{"self":[{"href":"https:\/\/www.lyceelecorbusier.eu\/dnmade-is\/index.php?rest_route=\/wp\/v2\/posts\/9082"}],"collection":[{"href":"https:\/\/www.lyceelecorbusier.eu\/dnmade-is\/index.php?rest_route=\/wp\/v2\/posts"}],"about":[{"href":"https:\/\/www.lyceelecorbusier.eu\/dnmade-is\/index.php?rest_route=\/wp\/v2\/types\/post"}],"author":[{"embeddable":true,"href":"https:\/\/www.lyceelecorbusier.eu\/dnmade-is\/index.php?rest_route=\/wp\/v2\/users\/275"}],"replies":[{"embeddable":true,"href":"https:\/\/www.lyceelecorbusier.eu\/dnmade-is\/index.php?rest_route=%2Fwp%2Fv2%2Fcomments&post=9082"}],"version-history":[{"count":25,"href":"https:\/\/www.lyceelecorbusier.eu\/dnmade-is\/index.php?rest_route=\/wp\/v2\/posts\/9082\/revisions"}],"predecessor-version":[{"id":9398,"href":"https:\/\/www.lyceelecorbusier.eu\/dnmade-is\/index.php?rest_route=\/wp\/v2\/posts\/9082\/revisions\/9398"}],"wp:featuredmedia":[{"embeddable":true,"href":"https:\/\/www.lyceelecorbusier.eu\/dnmade-is\/index.php?rest_route=\/wp\/v2\/media\/9397"}],"wp:attachment":[{"href":"https:\/\/www.lyceelecorbusier.eu\/dnmade-is\/index.php?rest_route=%2Fwp%2Fv2%2Fmedia&parent=9082"}],"wp:term":[{"taxonomy":"category","embeddable":true,"href":"https:\/\/www.lyceelecorbusier.eu\/dnmade-is\/index.php?rest_route=%2Fwp%2Fv2%2Fcategories&post=9082"},{"taxonomy":"post_tag","embeddable":true,"href":"https:\/\/www.lyceelecorbusier.eu\/dnmade-is\/index.php?rest_route=%2Fwp%2Fv2%2Ftags&post=9082"}],"curies":[{"name":"wp","href":"https:\/\/api.w.org\/{rel}","templated":true}]}}