{"id":8164,"date":"2022-02-23T08:15:51","date_gmt":"2022-02-23T07:15:51","guid":{"rendered":"https:\/\/www.lyceelecorbusier.eu\/dnmade-is\/?p=8164"},"modified":"2024-12-17T09:34:37","modified_gmt":"2024-12-17T08:34:37","slug":"projet-thomas-clement-vasco-ophelie","status":"publish","type":"post","link":"https:\/\/www.lyceelecorbusier.eu\/dnmade-is\/?p=8164","title":{"rendered":"Le Taccroupi &#8211; Au Vaisseau"},"content":{"rendered":"<p><!--more--><\/p>\n<h2>Premi\u00e8re \u00e9tape : o\u00f9 et pourquoi ?<\/h2>\n<div dir=\"auto\">Le mus\u00e9e nomm\u00e9 <strong>&#8220;Le Vaisseau&#8221;<\/strong> \u00e0 Strasbourg est un mus\u00e9e de d\u00e9couverte des sciences et des technologies destin\u00e9 aux enfants. Nous avons pu en faire la visite, ce qui a \u00e9t\u00e9 la premi\u00e8re approche du projet qui a pour objectif de <strong>susciter une certaine posture<\/strong> chez les visiteurs. Le but de cette premi\u00e8re approche \u00e9tait d\u2019observer les diff\u00e9rentes mani\u00e8res d\u2019attendre des visiteurs du mus\u00e9e, que ce soit chez les adultes ou encore chez les enfants.<\/div>\n<div dir=\"auto\">A partir des observations, nous avons pu produire des dessins, des \u00e9crits, des photos et des vid\u00e9os par lesquelles nous avons recens\u00e9 de nombreux aspects de l\u2019attente.<\/div>\n<div dir=\"auto\"><\/div>\n<div dir=\"auto\">Apr\u00e8s avoir \u00e9tudi\u00e9 chacune de ces productions, nous d\u00e9butons alors la phase de recherche en choisissant de travailler sur la position <em><strong>accroupie<\/strong><\/em> chez l&#8217;adulte accompagnant <img loading=\"lazy\" width=\"300\" height=\"165\" class=\"size-medium wp-image-8522 aligncenter\" src=\"https:\/\/www.lyceelecorbusier.eu\/dnmade-is\/wp-content\/uploads\/sites\/44\/2022\/02\/33FF99F0-5B23-4C64-B3C3-DCBCE2ADF8E5_1_105_c-300x165.jpg\" alt=\"\" srcset=\"https:\/\/www.lyceelecorbusier.eu\/dnmade-is\/wp-content\/uploads\/sites\/44\/2022\/02\/33FF99F0-5B23-4C64-B3C3-DCBCE2ADF8E5_1_105_c-300x165.jpg 300w, https:\/\/www.lyceelecorbusier.eu\/dnmade-is\/wp-content\/uploads\/sites\/44\/2022\/02\/33FF99F0-5B23-4C64-B3C3-DCBCE2ADF8E5_1_105_c-768x423.jpg 768w, https:\/\/www.lyceelecorbusier.eu\/dnmade-is\/wp-content\/uploads\/sites\/44\/2022\/02\/33FF99F0-5B23-4C64-B3C3-DCBCE2ADF8E5_1_105_c-960x529.jpg 960w, https:\/\/www.lyceelecorbusier.eu\/dnmade-is\/wp-content\/uploads\/sites\/44\/2022\/02\/33FF99F0-5B23-4C64-B3C3-DCBCE2ADF8E5_1_105_c.jpg 1024w\" sizes=\"(max-width: 300px) 100vw, 300px\" \/><\/div>\n<div dir=\"auto\"><\/div>\n<h2>Et apr\u00e8s ? On recherche !<\/h2>\n<div dir=\"auto\">Afin d&#8217;\u00e9tudier cette posture, nous nous sommes pos\u00e9s des questions comme : Co<em>mment l\u2019am\u00e8ne t-on ? \u00c0 quoi sert-elle ? Quels sont ses inconv\u00e9nients ? Ses avantages ?\u00a0<\/em><\/div>\n<div dir=\"auto\">Nous \u00e9tions int\u00e9ress\u00e9s par l\u2019aspect inhabituel de la position dans la vie de tous les jours, notamment dans un contexte d&#8217;attente. Aussi, nous voulions d\u00e9velopper la notion de <strong>position \u00ab active \u00bb<\/strong>, soit une posture o\u00f9 : l\u2019utilisateur est dans un acte de transition entre plusieurs positions notamment assis, debout ou allong\u00e9. L\u2019utilisateur peut donc r\u00e9agir \u00e0 tout instant et il se stabilise pour une dur\u00e9e plut\u00f4t courte.<\/div>\n<div dir=\"auto\">Ainsi, l\u2019int\u00e9r\u00eat de travailler sur cette posture \u00e9tait de transformer cette posture plut\u00f4t courte et inconfortable, en une <strong>position stable mais qui reste active voire mouvement\u00e9e<\/strong>. L\u2019id\u00e9e \u00e9tait de laisser libre cours \u00e0 l\u2019utilisateur dans sa mani\u00e8re d\u2019aborder l&#8217;objet.<\/div>\n<div dir=\"auto\"><img loading=\"lazy\" class=\"wp-image-8521 aligncenter\" src=\"https:\/\/www.lyceelecorbusier.eu\/dnmade-is\/wp-content\/uploads\/sites\/44\/2022\/02\/95e16a5c-f7b5-42d0-a6c3-c46cb6c1702f-1-1-300x165.jpg\" alt=\"\" width=\"615\" height=\"338\" srcset=\"https:\/\/www.lyceelecorbusier.eu\/dnmade-is\/wp-content\/uploads\/sites\/44\/2022\/02\/95e16a5c-f7b5-42d0-a6c3-c46cb6c1702f-1-1-300x165.jpg 300w, https:\/\/www.lyceelecorbusier.eu\/dnmade-is\/wp-content\/uploads\/sites\/44\/2022\/02\/95e16a5c-f7b5-42d0-a6c3-c46cb6c1702f-1-1-768x423.jpg 768w, https:\/\/www.lyceelecorbusier.eu\/dnmade-is\/wp-content\/uploads\/sites\/44\/2022\/02\/95e16a5c-f7b5-42d0-a6c3-c46cb6c1702f-1-1.jpg 780w\" sizes=\"(max-width: 615px) 100vw, 615px\" \/><\/div>\n<h2>Enfin : on r\u00e9alise et on teste<\/h2>\n<div dir=\"auto\">Notre prototype premier fut une assise dont les formes incitaient l\u2019utilisateur \u00e0 replier les jambes et \u00e0 se tenir courb\u00e9. Cependant, nous nous sommes vite rendus compte pendant les tests de ce prototype que le r\u00e9sultat n&#8217;atteignait pas nos objectifs. En effet, la position devient trop confortable, la personne n\u2019est plus r\u00e9ellement accroupie, on se rel\u00e8ve difficilement et le prototype prend de la place et trop de mati\u00e8re inutilisable.<\/div>\n<div class=\"su-image-carousel  su-image-carousel-has-spacing su-image-carousel-crop su-image-carousel-crop-16-9 su-image-carousel-has-lightbox su-image-carousel-has-outline su-image-carousel-adaptive su-image-carousel-slides-style-minimal su-image-carousel-controls-style-light su-image-carousel-align-none\" style=\"\" data-flickity-options='{\"groupCells\":true,\"cellSelector\":\".su-image-carousel-item\",\"adaptiveHeight\":false,\"cellAlign\":\"left\",\"prevNextButtons\":true,\"pageDots\":true,\"autoPlay\":3000,\"imagesLoaded\":true,\"contain\":true,\"selectedAttraction\":0.025,\"friction\":0.28}' id=\"su_image_carousel_69f71cca260d2\"><div class=\"su-image-carousel-item\"><div class=\"su-image-carousel-item-content\"><a href=\"https:\/\/www.lyceelecorbusier.eu\/dnmade-is\/wp-content\/uploads\/sites\/44\/2022\/02\/28b175c6-179e-4a33-9905-60c7b219eb4c-1.jpg\" target=\"_blank\" rel=\"noopener noreferrer\" data-caption=\"\"><img width=\"225\" height=\"300\" src=\"https:\/\/www.lyceelecorbusier.eu\/dnmade-is\/wp-content\/uploads\/sites\/44\/2022\/02\/28b175c6-179e-4a33-9905-60c7b219eb4c-1-225x300.jpg\" class=\"\" alt=\"\" loading=\"lazy\" srcset=\"https:\/\/www.lyceelecorbusier.eu\/dnmade-is\/wp-content\/uploads\/sites\/44\/2022\/02\/28b175c6-179e-4a33-9905-60c7b219eb4c-1-225x300.jpg 225w, https:\/\/www.lyceelecorbusier.eu\/dnmade-is\/wp-content\/uploads\/sites\/44\/2022\/02\/28b175c6-179e-4a33-9905-60c7b219eb4c-1-768x1024.jpg 768w, https:\/\/www.lyceelecorbusier.eu\/dnmade-is\/wp-content\/uploads\/sites\/44\/2022\/02\/28b175c6-179e-4a33-9905-60c7b219eb4c-1-1152x1536.jpg 1152w, https:\/\/www.lyceelecorbusier.eu\/dnmade-is\/wp-content\/uploads\/sites\/44\/2022\/02\/28b175c6-179e-4a33-9905-60c7b219eb4c-1-900x1200.jpg 900w, https:\/\/www.lyceelecorbusier.eu\/dnmade-is\/wp-content\/uploads\/sites\/44\/2022\/02\/28b175c6-179e-4a33-9905-60c7b219eb4c-1-720x960.jpg 720w, https:\/\/www.lyceelecorbusier.eu\/dnmade-is\/wp-content\/uploads\/sites\/44\/2022\/02\/28b175c6-179e-4a33-9905-60c7b219eb4c-1.jpg 1200w\" sizes=\"(max-width: 225px) 100vw, 225px\" \/><\/a><\/div><\/div><div class=\"su-image-carousel-item\"><div class=\"su-image-carousel-item-content\"><a href=\"https:\/\/www.lyceelecorbusier.eu\/dnmade-is\/wp-content\/uploads\/sites\/44\/2022\/02\/0ce644ec-8e32-41e7-add2-3693468cc847.jpg\" target=\"_blank\" rel=\"noopener noreferrer\" data-caption=\"\"><img width=\"225\" height=\"300\" src=\"https:\/\/www.lyceelecorbusier.eu\/dnmade-is\/wp-content\/uploads\/sites\/44\/2022\/02\/0ce644ec-8e32-41e7-add2-3693468cc847-225x300.jpg\" class=\"\" alt=\"\" loading=\"lazy\" srcset=\"https:\/\/www.lyceelecorbusier.eu\/dnmade-is\/wp-content\/uploads\/sites\/44\/2022\/02\/0ce644ec-8e32-41e7-add2-3693468cc847-225x300.jpg 225w, https:\/\/www.lyceelecorbusier.eu\/dnmade-is\/wp-content\/uploads\/sites\/44\/2022\/02\/0ce644ec-8e32-41e7-add2-3693468cc847-768x1024.jpg 768w, https:\/\/www.lyceelecorbusier.eu\/dnmade-is\/wp-content\/uploads\/sites\/44\/2022\/02\/0ce644ec-8e32-41e7-add2-3693468cc847-1152x1536.jpg 1152w, https:\/\/www.lyceelecorbusier.eu\/dnmade-is\/wp-content\/uploads\/sites\/44\/2022\/02\/0ce644ec-8e32-41e7-add2-3693468cc847-900x1200.jpg 900w, https:\/\/www.lyceelecorbusier.eu\/dnmade-is\/wp-content\/uploads\/sites\/44\/2022\/02\/0ce644ec-8e32-41e7-add2-3693468cc847-720x960.jpg 720w, https:\/\/www.lyceelecorbusier.eu\/dnmade-is\/wp-content\/uploads\/sites\/44\/2022\/02\/0ce644ec-8e32-41e7-add2-3693468cc847.jpg 1200w\" sizes=\"(max-width: 225px) 100vw, 225px\" \/><\/a><\/div><\/div><div class=\"su-image-carousel-item\"><div class=\"su-image-carousel-item-content\"><a href=\"https:\/\/www.lyceelecorbusier.eu\/dnmade-is\/wp-content\/uploads\/sites\/44\/2022\/02\/95F8CF21-6101-4F71-AFF0-981D633EA1CB_1_105_c.jpg\" target=\"_blank\" rel=\"noopener noreferrer\" data-caption=\"\"><img width=\"300\" height=\"166\" src=\"https:\/\/www.lyceelecorbusier.eu\/dnmade-is\/wp-content\/uploads\/sites\/44\/2022\/02\/95F8CF21-6101-4F71-AFF0-981D633EA1CB_1_105_c-300x166.jpg\" class=\"\" alt=\"\" loading=\"lazy\" srcset=\"https:\/\/www.lyceelecorbusier.eu\/dnmade-is\/wp-content\/uploads\/sites\/44\/2022\/02\/95F8CF21-6101-4F71-AFF0-981D633EA1CB_1_105_c-300x166.jpg 300w, https:\/\/www.lyceelecorbusier.eu\/dnmade-is\/wp-content\/uploads\/sites\/44\/2022\/02\/95F8CF21-6101-4F71-AFF0-981D633EA1CB_1_105_c.jpg 768w\" sizes=\"(max-width: 300px) 100vw, 300px\" \/><\/a><\/div><\/div><div class=\"su-image-carousel-item\"><div class=\"su-image-carousel-item-content\"><a href=\"https:\/\/www.lyceelecorbusier.eu\/dnmade-is\/wp-content\/uploads\/sites\/44\/2022\/02\/5CBE1914-DB64-4E74-BD10-34B1C7F8EDEA_1_105_c.jpg\" target=\"_blank\" rel=\"noopener noreferrer\" data-caption=\"\"><img width=\"300\" height=\"250\" src=\"https:\/\/www.lyceelecorbusier.eu\/dnmade-is\/wp-content\/uploads\/sites\/44\/2022\/02\/5CBE1914-DB64-4E74-BD10-34B1C7F8EDEA_1_105_c-300x250.jpg\" class=\"\" alt=\"\" loading=\"lazy\" srcset=\"https:\/\/www.lyceelecorbusier.eu\/dnmade-is\/wp-content\/uploads\/sites\/44\/2022\/02\/5CBE1914-DB64-4E74-BD10-34B1C7F8EDEA_1_105_c-300x250.jpg 300w, https:\/\/www.lyceelecorbusier.eu\/dnmade-is\/wp-content\/uploads\/sites\/44\/2022\/02\/5CBE1914-DB64-4E74-BD10-34B1C7F8EDEA_1_105_c-768x640.jpg 768w, https:\/\/www.lyceelecorbusier.eu\/dnmade-is\/wp-content\/uploads\/sites\/44\/2022\/02\/5CBE1914-DB64-4E74-BD10-34B1C7F8EDEA_1_105_c.jpg 780w\" sizes=\"(max-width: 300px) 100vw, 300px\" \/><\/a><\/div><\/div><div class=\"su-image-carousel-item\"><div class=\"su-image-carousel-item-content\"><a href=\"https:\/\/www.lyceelecorbusier.eu\/dnmade-is\/wp-content\/uploads\/sites\/44\/2022\/02\/8F5F5F1A-5B1B-4703-8E9F-3A90E287B3FF_1_105_c.jpg\" target=\"_blank\" rel=\"noopener noreferrer\" data-caption=\"\"><img width=\"300\" height=\"165\" src=\"https:\/\/www.lyceelecorbusier.eu\/dnmade-is\/wp-content\/uploads\/sites\/44\/2022\/02\/8F5F5F1A-5B1B-4703-8E9F-3A90E287B3FF_1_105_c-300x165.jpg\" class=\"\" alt=\"\" loading=\"lazy\" srcset=\"https:\/\/www.lyceelecorbusier.eu\/dnmade-is\/wp-content\/uploads\/sites\/44\/2022\/02\/8F5F5F1A-5B1B-4703-8E9F-3A90E287B3FF_1_105_c-300x165.jpg 300w, https:\/\/www.lyceelecorbusier.eu\/dnmade-is\/wp-content\/uploads\/sites\/44\/2022\/02\/8F5F5F1A-5B1B-4703-8E9F-3A90E287B3FF_1_105_c-1024x564.jpg 1024w, https:\/\/www.lyceelecorbusier.eu\/dnmade-is\/wp-content\/uploads\/sites\/44\/2022\/02\/8F5F5F1A-5B1B-4703-8E9F-3A90E287B3FF_1_105_c-768x423.jpg 768w, https:\/\/www.lyceelecorbusier.eu\/dnmade-is\/wp-content\/uploads\/sites\/44\/2022\/02\/8F5F5F1A-5B1B-4703-8E9F-3A90E287B3FF_1_105_c-960x529.jpg 960w, https:\/\/www.lyceelecorbusier.eu\/dnmade-is\/wp-content\/uploads\/sites\/44\/2022\/02\/8F5F5F1A-5B1B-4703-8E9F-3A90E287B3FF_1_105_c.jpg 1182w\" sizes=\"(max-width: 300px) 100vw, 300px\" \/><\/a><\/div><\/div><\/div><script id=\"su_image_carousel_69f71cca260d2_script\">if(window.SUImageCarousel){setTimeout(function() {window.SUImageCarousel.initGallery(document.getElementById(\"su_image_carousel_69f71cca260d2\"))}, 0);}var su_image_carousel_69f71cca260d2_script=document.getElementById(\"su_image_carousel_69f71cca260d2_script\");if(su_image_carousel_69f71cca260d2_script){su_image_carousel_69f71cca260d2_script.parentNode.removeChild(su_image_carousel_69f71cca260d2_script);}<\/script>\n<div dir=\"auto\"><\/div>\n<div dir=\"auto\">Nous avons donc opt\u00e9 pour une assise inhabituelle qui conjugue stabilit\u00e9 et instabilit\u00e9 \u00e0 la fois.<\/div>\n<div dir=\"auto\">Cet objet pourrait se transporter partout pour pouvoir s&#8217;utiliser n\u2019importe o\u00f9 dans le mus\u00e9e et rapidement afin que l&#8217;adulte puisse s&#8217;installer \u00e0 hauteur de l\u2019enfant lors des ateliers et conserver une libert\u00e9 de mouvement.<\/div>\n<div dir=\"auto\"><img loading=\"lazy\" class=\" wp-image-8524 aligncenter\" src=\"https:\/\/www.lyceelecorbusier.eu\/dnmade-is\/wp-content\/uploads\/sites\/44\/2022\/02\/5569cb70-bf42-4723-9a8a-12e95cdd8f6b-300x166.jpg\" alt=\"\" width=\"514\" height=\"284\" srcset=\"https:\/\/www.lyceelecorbusier.eu\/dnmade-is\/wp-content\/uploads\/sites\/44\/2022\/02\/5569cb70-bf42-4723-9a8a-12e95cdd8f6b-300x166.jpg 300w, https:\/\/www.lyceelecorbusier.eu\/dnmade-is\/wp-content\/uploads\/sites\/44\/2022\/02\/5569cb70-bf42-4723-9a8a-12e95cdd8f6b.jpg 576w\" sizes=\"(max-width: 514px) 100vw, 514px\" \/><\/div>\n<div dir=\"auto\"><\/div>\n<div dir=\"auto\">L\u2019id\u00e9e de prototype retenue a \u00e9t\u00e9 une <strong>assise de \u00ab l\u00e9g\u00e8re stabilisation \u00bb,<\/strong> c\u2019est-\u00e0-dire une assise dont le but n\u2019est pas de reposer l\u2019utilisateur, mais de lui permettre de rester plus facilement et plus longtemps dans une position habituellement difficilement maintenable.<\/div>\n<div dir=\"auto\"><\/div>\n<div dir=\"auto\">Nous avons donc r\u00e9alis\u00e9 un nouveau prototype en suivant cette direction.<\/div>\n<div dir=\"auto\"><\/div>\n<div dir=\"auto\">\n<div class=\"su-image-carousel  su-image-carousel-has-spacing su-image-carousel-crop su-image-carousel-crop-16-9 su-image-carousel-has-lightbox su-image-carousel-has-outline su-image-carousel-adaptive su-image-carousel-slides-style-minimal su-image-carousel-controls-style-light su-image-carousel-align-none\" style=\"\" data-flickity-options='{\"groupCells\":true,\"cellSelector\":\".su-image-carousel-item\",\"adaptiveHeight\":false,\"cellAlign\":\"left\",\"prevNextButtons\":true,\"pageDots\":true,\"autoPlay\":3000,\"imagesLoaded\":true,\"contain\":true,\"selectedAttraction\":0.025,\"friction\":0.28}' id=\"su_image_carousel_69f71cca27a79\"><div class=\"su-image-carousel-item\"><div class=\"su-image-carousel-item-content\"><a href=\"https:\/\/www.lyceelecorbusier.eu\/dnmade-is\/wp-content\/uploads\/sites\/44\/2022\/02\/AF7C7FC7-E9C4-42B9-A569-482013D40260_1_105_c.jpg\" target=\"_blank\" rel=\"noopener noreferrer\" data-caption=\"\"><img width=\"300\" height=\"166\" src=\"https:\/\/www.lyceelecorbusier.eu\/dnmade-is\/wp-content\/uploads\/sites\/44\/2022\/02\/AF7C7FC7-E9C4-42B9-A569-482013D40260_1_105_c-300x166.jpg\" class=\"\" alt=\"\" loading=\"lazy\" srcset=\"https:\/\/www.lyceelecorbusier.eu\/dnmade-is\/wp-content\/uploads\/sites\/44\/2022\/02\/AF7C7FC7-E9C4-42B9-A569-482013D40260_1_105_c-300x166.jpg 300w, https:\/\/www.lyceelecorbusier.eu\/dnmade-is\/wp-content\/uploads\/sites\/44\/2022\/02\/AF7C7FC7-E9C4-42B9-A569-482013D40260_1_105_c.jpg 768w\" sizes=\"(max-width: 300px) 100vw, 300px\" \/><\/a><\/div><\/div><div class=\"su-image-carousel-item\"><div class=\"su-image-carousel-item-content\"><a href=\"https:\/\/www.lyceelecorbusier.eu\/dnmade-is\/wp-content\/uploads\/sites\/44\/2022\/02\/5248C9EF-F40F-4EF9-8F43-D6CC6BD65BEB_1_105_c.jpg\" target=\"_blank\" rel=\"noopener noreferrer\" data-caption=\"\"><img width=\"300\" height=\"165\" src=\"https:\/\/www.lyceelecorbusier.eu\/dnmade-is\/wp-content\/uploads\/sites\/44\/2022\/02\/5248C9EF-F40F-4EF9-8F43-D6CC6BD65BEB_1_105_c-300x165.jpg\" class=\"\" alt=\"\" loading=\"lazy\" srcset=\"https:\/\/www.lyceelecorbusier.eu\/dnmade-is\/wp-content\/uploads\/sites\/44\/2022\/02\/5248C9EF-F40F-4EF9-8F43-D6CC6BD65BEB_1_105_c-300x165.jpg 300w, https:\/\/www.lyceelecorbusier.eu\/dnmade-is\/wp-content\/uploads\/sites\/44\/2022\/02\/5248C9EF-F40F-4EF9-8F43-D6CC6BD65BEB_1_105_c.jpg 768w\" sizes=\"(max-width: 300px) 100vw, 300px\" \/><\/a><\/div><\/div><div class=\"su-image-carousel-item\"><div class=\"su-image-carousel-item-content\"><a href=\"https:\/\/www.lyceelecorbusier.eu\/dnmade-is\/wp-content\/uploads\/sites\/44\/2022\/02\/969C9A03-7E69-4193-9E05-3D1A955DC102_1_105_c.jpg\" target=\"_blank\" rel=\"noopener noreferrer\" data-caption=\"\"><img width=\"300\" height=\"165\" src=\"https:\/\/www.lyceelecorbusier.eu\/dnmade-is\/wp-content\/uploads\/sites\/44\/2022\/02\/969C9A03-7E69-4193-9E05-3D1A955DC102_1_105_c-300x165.jpg\" class=\"\" alt=\"\" loading=\"lazy\" srcset=\"https:\/\/www.lyceelecorbusier.eu\/dnmade-is\/wp-content\/uploads\/sites\/44\/2022\/02\/969C9A03-7E69-4193-9E05-3D1A955DC102_1_105_c-300x165.jpg 300w, https:\/\/www.lyceelecorbusier.eu\/dnmade-is\/wp-content\/uploads\/sites\/44\/2022\/02\/969C9A03-7E69-4193-9E05-3D1A955DC102_1_105_c.jpg 768w\" sizes=\"(max-width: 300px) 100vw, 300px\" \/><\/a><\/div><\/div><div class=\"su-image-carousel-item\"><div class=\"su-image-carousel-item-content\"><a href=\"https:\/\/www.lyceelecorbusier.eu\/dnmade-is\/wp-content\/uploads\/sites\/44\/2022\/02\/42D019D9-DDEE-48C1-8561-E2E272E62645_1_105_c.jpg\" target=\"_blank\" rel=\"noopener noreferrer\" data-caption=\"\"><img width=\"300\" height=\"166\" src=\"https:\/\/www.lyceelecorbusier.eu\/dnmade-is\/wp-content\/uploads\/sites\/44\/2022\/02\/42D019D9-DDEE-48C1-8561-E2E272E62645_1_105_c-300x166.jpg\" class=\"\" alt=\"\" loading=\"lazy\" srcset=\"https:\/\/www.lyceelecorbusier.eu\/dnmade-is\/wp-content\/uploads\/sites\/44\/2022\/02\/42D019D9-DDEE-48C1-8561-E2E272E62645_1_105_c-300x166.jpg 300w, https:\/\/www.lyceelecorbusier.eu\/dnmade-is\/wp-content\/uploads\/sites\/44\/2022\/02\/42D019D9-DDEE-48C1-8561-E2E272E62645_1_105_c-768x424.jpg 768w, https:\/\/www.lyceelecorbusier.eu\/dnmade-is\/wp-content\/uploads\/sites\/44\/2022\/02\/42D019D9-DDEE-48C1-8561-E2E272E62645_1_105_c-960x530.jpg 960w, https:\/\/www.lyceelecorbusier.eu\/dnmade-is\/wp-content\/uploads\/sites\/44\/2022\/02\/42D019D9-DDEE-48C1-8561-E2E272E62645_1_105_c.jpg 1024w\" sizes=\"(max-width: 300px) 100vw, 300px\" \/><\/a><\/div><\/div><div class=\"su-image-carousel-item\"><div class=\"su-image-carousel-item-content\"><a href=\"https:\/\/www.lyceelecorbusier.eu\/dnmade-is\/wp-content\/uploads\/sites\/44\/2022\/02\/E3AFCFF9-4AAE-41DC-87B3-D7F95077A01C_1_105_c.jpg\" target=\"_blank\" rel=\"noopener noreferrer\" data-caption=\"\"><img width=\"300\" height=\"166\" src=\"https:\/\/www.lyceelecorbusier.eu\/dnmade-is\/wp-content\/uploads\/sites\/44\/2022\/02\/E3AFCFF9-4AAE-41DC-87B3-D7F95077A01C_1_105_c-300x166.jpg\" class=\"\" alt=\"\" loading=\"lazy\" srcset=\"https:\/\/www.lyceelecorbusier.eu\/dnmade-is\/wp-content\/uploads\/sites\/44\/2022\/02\/E3AFCFF9-4AAE-41DC-87B3-D7F95077A01C_1_105_c-300x166.jpg 300w, https:\/\/www.lyceelecorbusier.eu\/dnmade-is\/wp-content\/uploads\/sites\/44\/2022\/02\/E3AFCFF9-4AAE-41DC-87B3-D7F95077A01C_1_105_c.jpg 768w\" sizes=\"(max-width: 300px) 100vw, 300px\" \/><\/a><\/div><\/div><\/div><script id=\"su_image_carousel_69f71cca27a79_script\">if(window.SUImageCarousel){setTimeout(function() {window.SUImageCarousel.initGallery(document.getElementById(\"su_image_carousel_69f71cca27a79\"))}, 0);}var su_image_carousel_69f71cca27a79_script=document.getElementById(\"su_image_carousel_69f71cca27a79_script\");if(su_image_carousel_69f71cca27a79_script){su_image_carousel_69f71cca27a79_script.parentNode.removeChild(su_image_carousel_69f71cca27a79_script);}<\/script>\n<\/div>\n<div dir=\"auto\">Concernant les mat\u00e9riaux, notre groupe a choisi de travailler avec le bois pour plusieurs raisons :<\/div>\n<ul>\n<li>D&#8217;un point de vue esth\u00e9tique, nous souhaitions assurer la continuit\u00e9 de l&#8217;aspect naturel donn\u00e9 \u00e0 toutes les assises du Vaisseau, <strong>(+formes organiques?)<\/strong><\/li>\n<li>D&#8217;un point de vue technique, la solidit\u00e9 du bois (MDF), sa porosit\u00e9 et les outils \u00e0 notre disposition (tour \u00e0 bois, Xcarve et diff\u00e9rentes scies) pour travailler ce mat\u00e9riau sous toutes ses formes ont pu nous permettre de remplir nos objectifs.<\/li>\n<\/ul>\n<div dir=\"auto\"><\/div>\n<div dir=\"auto\">\n<div class=\"su-image-carousel  su-image-carousel-has-spacing su-image-carousel-crop su-image-carousel-crop-16-9 su-image-carousel-has-lightbox su-image-carousel-has-outline su-image-carousel-adaptive su-image-carousel-slides-style-minimal su-image-carousel-controls-style-light su-image-carousel-align-none\" style=\"\" data-flickity-options='{\"groupCells\":true,\"cellSelector\":\".su-image-carousel-item\",\"adaptiveHeight\":false,\"cellAlign\":\"left\",\"prevNextButtons\":true,\"pageDots\":true,\"autoPlay\":3000,\"imagesLoaded\":true,\"contain\":true,\"selectedAttraction\":0.025,\"friction\":0.28}' id=\"su_image_carousel_69f71cca29404\"><div class=\"su-image-carousel-item\"><div class=\"su-image-carousel-item-content\"><a href=\"https:\/\/www.lyceelecorbusier.eu\/dnmade-is\/wp-content\/uploads\/sites\/44\/2022\/02\/9FDA263E-4A43-4631-A6B5-7508D9F81766_1_105_c.jpg\" target=\"_blank\" rel=\"noopener noreferrer\" data-caption=\"\"><img width=\"300\" height=\"166\" src=\"https:\/\/www.lyceelecorbusier.eu\/dnmade-is\/wp-content\/uploads\/sites\/44\/2022\/02\/9FDA263E-4A43-4631-A6B5-7508D9F81766_1_105_c-300x166.jpg\" class=\"\" alt=\"\" loading=\"lazy\" srcset=\"https:\/\/www.lyceelecorbusier.eu\/dnmade-is\/wp-content\/uploads\/sites\/44\/2022\/02\/9FDA263E-4A43-4631-A6B5-7508D9F81766_1_105_c-300x166.jpg 300w, https:\/\/www.lyceelecorbusier.eu\/dnmade-is\/wp-content\/uploads\/sites\/44\/2022\/02\/9FDA263E-4A43-4631-A6B5-7508D9F81766_1_105_c.jpg 768w\" sizes=\"(max-width: 300px) 100vw, 300px\" \/><\/a><\/div><\/div><div class=\"su-image-carousel-item\"><div class=\"su-image-carousel-item-content\"><a href=\"https:\/\/www.lyceelecorbusier.eu\/dnmade-is\/wp-content\/uploads\/sites\/44\/2022\/02\/F6F58B2B-F641-4717-9B83-FC26973121F0_1_105_c.jpg\" target=\"_blank\" rel=\"noopener noreferrer\" data-caption=\"\"><img width=\"300\" height=\"166\" src=\"https:\/\/www.lyceelecorbusier.eu\/dnmade-is\/wp-content\/uploads\/sites\/44\/2022\/02\/F6F58B2B-F641-4717-9B83-FC26973121F0_1_105_c-300x166.jpg\" class=\"\" alt=\"\" loading=\"lazy\" srcset=\"https:\/\/www.lyceelecorbusier.eu\/dnmade-is\/wp-content\/uploads\/sites\/44\/2022\/02\/F6F58B2B-F641-4717-9B83-FC26973121F0_1_105_c-300x166.jpg 300w, https:\/\/www.lyceelecorbusier.eu\/dnmade-is\/wp-content\/uploads\/sites\/44\/2022\/02\/F6F58B2B-F641-4717-9B83-FC26973121F0_1_105_c.jpg 768w\" sizes=\"(max-width: 300px) 100vw, 300px\" \/><\/a><\/div><\/div><div class=\"su-image-carousel-item\"><div class=\"su-image-carousel-item-content\"><a href=\"https:\/\/www.lyceelecorbusier.eu\/dnmade-is\/wp-content\/uploads\/sites\/44\/2022\/02\/4ED55B93-41FD-4319-8017-7E983923B697.jpg\" target=\"_blank\" rel=\"noopener noreferrer\" data-caption=\"\"><img width=\"300\" height=\"166\" src=\"https:\/\/www.lyceelecorbusier.eu\/dnmade-is\/wp-content\/uploads\/sites\/44\/2022\/02\/4ED55B93-41FD-4319-8017-7E983923B697-300x166.jpg\" class=\"\" alt=\"\" loading=\"lazy\" srcset=\"https:\/\/www.lyceelecorbusier.eu\/dnmade-is\/wp-content\/uploads\/sites\/44\/2022\/02\/4ED55B93-41FD-4319-8017-7E983923B697-300x166.jpg 300w, https:\/\/www.lyceelecorbusier.eu\/dnmade-is\/wp-content\/uploads\/sites\/44\/2022\/02\/4ED55B93-41FD-4319-8017-7E983923B697.jpg 768w\" sizes=\"(max-width: 300px) 100vw, 300px\" \/><\/a><\/div><\/div><div class=\"su-image-carousel-item\"><div class=\"su-image-carousel-item-content\"><a href=\"https:\/\/www.lyceelecorbusier.eu\/dnmade-is\/wp-content\/uploads\/sites\/44\/2022\/02\/B795F105-FF2F-4DCD-A49A-9A862F7E9048_1_105_c.jpg\" target=\"_blank\" rel=\"noopener noreferrer\" data-caption=\"\"><img width=\"300\" height=\"165\" src=\"https:\/\/www.lyceelecorbusier.eu\/dnmade-is\/wp-content\/uploads\/sites\/44\/2022\/02\/B795F105-FF2F-4DCD-A49A-9A862F7E9048_1_105_c-300x165.jpg\" class=\"\" alt=\"\" loading=\"lazy\" srcset=\"https:\/\/www.lyceelecorbusier.eu\/dnmade-is\/wp-content\/uploads\/sites\/44\/2022\/02\/B795F105-FF2F-4DCD-A49A-9A862F7E9048_1_105_c-300x165.jpg 300w, https:\/\/www.lyceelecorbusier.eu\/dnmade-is\/wp-content\/uploads\/sites\/44\/2022\/02\/B795F105-FF2F-4DCD-A49A-9A862F7E9048_1_105_c-768x423.jpg 768w, https:\/\/www.lyceelecorbusier.eu\/dnmade-is\/wp-content\/uploads\/sites\/44\/2022\/02\/B795F105-FF2F-4DCD-A49A-9A862F7E9048_1_105_c-960x529.jpg 960w, https:\/\/www.lyceelecorbusier.eu\/dnmade-is\/wp-content\/uploads\/sites\/44\/2022\/02\/B795F105-FF2F-4DCD-A49A-9A862F7E9048_1_105_c.jpg 1024w\" sizes=\"(max-width: 300px) 100vw, 300px\" \/><\/a><\/div><\/div><\/div><script id=\"su_image_carousel_69f71cca29404_script\">if(window.SUImageCarousel){setTimeout(function() {window.SUImageCarousel.initGallery(document.getElementById(\"su_image_carousel_69f71cca29404\"))}, 0);}var su_image_carousel_69f71cca29404_script=document.getElementById(\"su_image_carousel_69f71cca29404_script\");if(su_image_carousel_69f71cca29404_script){su_image_carousel_69f71cca29404_script.parentNode.removeChild(su_image_carousel_69f71cca29404_script);}<\/script>\n<\/div>\n<div dir=\"auto\"><\/div>\n<p>Notre efficacit\u00e9 s&#8217;est constat\u00e9e lors de la recherche et des tests de prototypage en nous r\u00e9partissant les t\u00e2ches.<\/p>\n<p>Lors de la r\u00e9alisation du prototype final, notre manque d&#8217;exp\u00e9rience dans l&#8217;utilisation de certains outils a pu nous ralentir puisque cela n\u00e9cessitait l&#8217;aide et le temps du personnel du lyc\u00e9e pour l&#8217;apprentissage de leur utilisation.<\/p>\n<p>Cependant, ce temps r\u00e9serv\u00e9 \u00e0 l&#8217;apprentissage notamment dans la mani\u00e8re de produire et dans l\u2019utilisation des instruments nous permettra s\u00fbrement d&#8217;avancer plus rapidement et de mani\u00e8re autonome lors des projets futurs.<\/p>\n","protected":false},"excerpt":{"rendered":"","protected":false},"author":346,"featured_media":9024,"comment_status":"closed","ping_status":"closed","sticky":false,"template":"","format":"standard","meta":[],"categories":[35,49],"tags":[],"_links":{"self":[{"href":"https:\/\/www.lyceelecorbusier.eu\/dnmade-is\/index.php?rest_route=\/wp\/v2\/posts\/8164"}],"collection":[{"href":"https:\/\/www.lyceelecorbusier.eu\/dnmade-is\/index.php?rest_route=\/wp\/v2\/posts"}],"about":[{"href":"https:\/\/www.lyceelecorbusier.eu\/dnmade-is\/index.php?rest_route=\/wp\/v2\/types\/post"}],"author":[{"embeddable":true,"href":"https:\/\/www.lyceelecorbusier.eu\/dnmade-is\/index.php?rest_route=\/wp\/v2\/users\/346"}],"replies":[{"embeddable":true,"href":"https:\/\/www.lyceelecorbusier.eu\/dnmade-is\/index.php?rest_route=%2Fwp%2Fv2%2Fcomments&post=8164"}],"version-history":[{"count":19,"href":"https:\/\/www.lyceelecorbusier.eu\/dnmade-is\/index.php?rest_route=\/wp\/v2\/posts\/8164\/revisions"}],"predecessor-version":[{"id":8679,"href":"https:\/\/www.lyceelecorbusier.eu\/dnmade-is\/index.php?rest_route=\/wp\/v2\/posts\/8164\/revisions\/8679"}],"wp:featuredmedia":[{"embeddable":true,"href":"https:\/\/www.lyceelecorbusier.eu\/dnmade-is\/index.php?rest_route=\/wp\/v2\/media\/9024"}],"wp:attachment":[{"href":"https:\/\/www.lyceelecorbusier.eu\/dnmade-is\/index.php?rest_route=%2Fwp%2Fv2%2Fmedia&parent=8164"}],"wp:term":[{"taxonomy":"category","embeddable":true,"href":"https:\/\/www.lyceelecorbusier.eu\/dnmade-is\/index.php?rest_route=%2Fwp%2Fv2%2Fcategories&post=8164"},{"taxonomy":"post_tag","embeddable":true,"href":"https:\/\/www.lyceelecorbusier.eu\/dnmade-is\/index.php?rest_route=%2Fwp%2Fv2%2Ftags&post=8164"}],"curies":[{"name":"wp","href":"https:\/\/api.w.org\/{rel}","templated":true}]}}