{"id":7304,"date":"2021-07-13T23:39:57","date_gmt":"2021-07-13T21:39:57","guid":{"rendered":"https:\/\/www.lyceelecorbusier.eu\/dnmade-is\/?p=7304"},"modified":"2022-04-27T12:09:16","modified_gmt":"2022-04-27T10:09:16","slug":"accroche-ton-avis","status":"publish","type":"post","link":"https:\/\/www.lyceelecorbusier.eu\/dnmade-is\/?p=7304","title":{"rendered":"Accroche ton avis &#8211; Porteurs de paroles"},"content":{"rendered":"<p><!--more--><\/p>\n<p><span style=\"font-size: 14pt\">DEMANDE\u00a0<\/span><\/p>\n<p>Lors de ce projet, nous avons imagin\u00e9 et install\u00e9 un dispositif dans l&#8217;espace public permettant aux passants d&#8217;exprimer leur opinion sur un sujet pr\u00e9cis. La question pos\u00e9e devait concerner un enjeu <strong>\u00e9cologique<\/strong>.<\/p>\n<p>&nbsp;<\/p>\n<p><span style=\"font-size: 14pt\">RECHERCHE\u00a0<\/span><\/p>\n<p>Avant de trouver l\u2019outil qui nous permette de <em>r\u00e9colter de la parole<\/em>, nous avons choisi le sujet que nous voulions aborder. Nous avons alors \u00e9crit un panel de questions, puis gard\u00e9 les plus pertinentes pour en choisir celle qui nous semblait la plus ouverte.<\/p>\n<p>La question retenue f\u00fbt :<\/p>\n<p><img loading=\"lazy\" class=\" wp-image-7844 aligncenter\" src=\"https:\/\/www.lyceelecorbusier.eu\/dnmade-is\/wp-content\/uploads\/sites\/44\/2021\/07\/question-panneau-plastik.jpg\" alt=\"image du panneau de la question\" width=\"596\" height=\"336\" srcset=\"https:\/\/www.lyceelecorbusier.eu\/dnmade-is\/wp-content\/uploads\/sites\/44\/2021\/07\/question-panneau-plastik.jpg 780w, https:\/\/www.lyceelecorbusier.eu\/dnmade-is\/wp-content\/uploads\/sites\/44\/2021\/07\/question-panneau-plastik-300x169.jpg 300w, https:\/\/www.lyceelecorbusier.eu\/dnmade-is\/wp-content\/uploads\/sites\/44\/2021\/07\/question-panneau-plastik-768x433.jpg 768w\" sizes=\"(max-width: 596px) 100vw, 596px\" \/><\/p>\n<p>Pour que les passants y r\u00e9pondent de mani\u00e8re guid\u00e9e, nous avons imagin\u00e9 des <strong>fiches-r\u00e9ponses<\/strong> avec \u00e0 la gauche une colonne permettant \u00e0 l\u2019usager de identifier un objet en plastique (donc polluant) et \u00e0 la droite les alternatives \u00e0 ces objets. Nous avons ajout\u00e9 des vignettes \u00e0 colorer permettant de signifier si l\u2019objet de remplacement conviendrait au passant.<\/p>\n\n\t\t<!-- MasterSlider -->\n\t\t<div id=\"P_MS69f3b85463e63\" class=\"master-slider-parent msl ms-parent-id-307\" style=\"max-width:1000px;\">\n\n\t\t\t\n\t\t\t<!-- MasterSlider Main -->\n\t\t\t<div id=\"MS69f3b85463e63\" class=\"master-slider ms-skin-default\" >\n\t\t\t\t \t\t\t\t \n\t\t\t\t<div  class=\"ms-slide\" data-delay=\"3\" data-fill-mode=\"fill\"  >\n\t\t\t\t\t<img src=\"https:\/\/www.lyceelecorbusier.eu\/dnmade-is\/wp-content\/plugins\/master-slider\/public\/assets\/css\/blank.gif\" alt=\"design de la feuille r\u00e9ponse\" title=\"\" data-src=\"https:\/\/www.lyceelecorbusier.eu\/dnmade-is\/wp-content\/uploads\/sites\/44\/2021\/07\/modele-question.jpg\" \/>\n\n\n\t<div class=\"ms-thumb\" ><div class=\"ms-tab-context\"><div class=&quot;ms-tab-context&quot;><\/div><\/div>\n<\/div>\n\t\t\t\t<\/div>\n\t\t\t\t<div  class=\"ms-slide\" data-delay=\"1.7\" data-fill-mode=\"fill\"  >\n\t\t\t\t\t<img src=\"https:\/\/www.lyceelecorbusier.eu\/dnmade-is\/wp-content\/plugins\/master-slider\/public\/assets\/css\/blank.gif\" alt=\"\" title=\"\" data-src=\"https:\/\/www.lyceelecorbusier.eu\/dnmade-is\/wp-content\/uploads\/sites\/44\/2021\/09\/1-plastikfrep.jpg\" \/>\n\n\n\t<div class=\"ms-thumb\" ><div class=\"ms-tab-context\"><div class=&quot;ms-tab-context&quot;><\/div><\/div>\n<\/div>\n\t\t\t\t<\/div>\n\t\t\t\t<div  class=\"ms-slide\" data-delay=\"3\" data-fill-mode=\"fill\"  >\n\t\t\t\t\t<img src=\"https:\/\/www.lyceelecorbusier.eu\/dnmade-is\/wp-content\/plugins\/master-slider\/public\/assets\/css\/blank.gif\" alt=\"\" title=\"\" data-src=\"https:\/\/www.lyceelecorbusier.eu\/dnmade-is\/wp-content\/uploads\/sites\/44\/2021\/09\/2-plastikfrep.jpg\" \/>\n\n\n\t<div class=\"ms-thumb\" ><div class=\"ms-tab-context\"><div class=&quot;ms-tab-context&quot;><\/div><\/div>\n<\/div>\n\t\t\t\t<\/div>\n\t\t\t\t<div  class=\"ms-slide\" data-delay=\"3\" data-fill-mode=\"fill\"  >\n\t\t\t\t\t<img src=\"https:\/\/www.lyceelecorbusier.eu\/dnmade-is\/wp-content\/plugins\/master-slider\/public\/assets\/css\/blank.gif\" alt=\"\" title=\"\" data-src=\"https:\/\/www.lyceelecorbusier.eu\/dnmade-is\/wp-content\/uploads\/sites\/44\/2021\/09\/3-plastikfrep.jpg\" \/>\n\n\n\t<div class=\"ms-thumb\" ><div class=\"ms-tab-context\"><div class=&quot;ms-tab-context&quot;><\/div><\/div>\n<\/div>\n\t\t\t\t<\/div>\n\t\t\t\t<div  class=\"ms-slide\" data-delay=\"3\" data-fill-mode=\"fill\"  >\n\t\t\t\t\t<img src=\"https:\/\/www.lyceelecorbusier.eu\/dnmade-is\/wp-content\/plugins\/master-slider\/public\/assets\/css\/blank.gif\" alt=\"\" title=\"\" data-src=\"https:\/\/www.lyceelecorbusier.eu\/dnmade-is\/wp-content\/uploads\/sites\/44\/2021\/09\/4-plastikfrep.jpg\" \/>\n\n\n\t<div class=\"ms-thumb\" ><div class=\"ms-tab-context\"><div class=&quot;ms-tab-context&quot;><\/div><\/div>\n<\/div>\n\t\t\t\t<\/div>\n\n\t\t\t<\/div>\n\t\t\t<!-- END MasterSlider Main -->\n\n\t\t\t \n\t\t<\/div>\n\t\t<!-- END MasterSlider -->\n\n\t\t<script>\n\t\t(function ( $ ) {\n\t\t\t\"use strict\";\n\n\t\t\t$(function () {\n\t\t\t\tvar masterslider_3e63 = new MasterSlider();\n\n\t\t\t\t\/\/ slider controls\n\n\t\t\t\t\/\/ slider setup\n\t\t\t\tmasterslider_3e63.setup(\"MS69f3b85463e63\", {\n\t\t\t\t\t\twidth           : 1000,\n\t\t\t\t\t\theight          : 500,\n\t\t\t\t\t\tminHeight       : 0,\n\t\t\t\t\t\tspace           : 0,\n\t\t\t\t\t\tstart           : 1,\n\t\t\t\t\t\tgrabCursor      : true,\n\t\t\t\t\t\tswipe           : true,\n\t\t\t\t\t\tmouse           : true,\n\t\t\t\t\t\tlayout          : \"boxed\",\n\t\t\t\t\t\twheel           : false,\n\t\t\t\t\t\tautoplay        : false,\n\t\t\t\t\t\tinstantStartLayers:false,\n\t\t\t\t\t\tloop            : false,\n\t\t\t\t\t\tshuffle         : false,\n\t\t\t\t\t\tpreload         : 0,\n\t\t\t\t\t\theightLimit     : true,\n\t\t\t\t\t\tautoHeight      : false,\n\t\t\t\t\t\tsmoothHeight    : true,\n\t\t\t\t\t\tendPause        : false,\n\t\t\t\t\t\toverPause       : true,\n\t\t\t\t\t\tfillMode        : \"fill\",\n\t\t\t\t\t\tcenterControls  : true,\n\t\t\t\t\t\tstartOnAppear   : false,\n\t\t\t\t\t\tlayersMode      : \"center\",\n\t\t\t\t\t\thideLayers      : false,\n\t\t\t\t\t\tfullscreenMargin: 0,\n\t\t\t\t\t\tspeed           : 20,\n\t\t\t\t\t\tdir             : \"h\",\n\t\t\t\t\t\tparallaxMode    : 'swipe',\n\t\t\t\t\t\tview            : \"basic\"\n\t\t\t\t});\n\n\t\t\t\t\n\t\t\t\twindow.masterslider_instances = window.masterslider_instances || [];\n\t\t\t\twindow.masterslider_instances.push( masterslider_3e63 );\n\t\t\t });\n\n\t\t})(jQuery);\n\t\t<\/script>\n\n\n<p><em><span style=\"font-size: 10pt\">les images peuvent d\u00e9filer<br \/>\n<\/span><\/em><\/p>\n<p>Notre dispositif de r\u00e9colte de parole est compos\u00e9 de 3 \u00e9l\u00e9ments.<\/p>\n<ul>\n<li>La question \u00e9crite sur un <strong>panneau<\/strong> destin\u00e9 \u00e0 \u00eatre accroch\u00e9<\/li>\n<li>Il y a une <strong>table<\/strong> haute garnie de feutres et de feuilles \u00e0 remplir. Gr\u00e2ce \u00e0 sa taille, les passants peuvent \u00e9crire avec commodit\u00e9, sans pour autant avoir \u00e0 s&#8217;asseoir.<\/li>\n<li>De la ficelle, garnie de pinces \u00e0 linge qui est \u00e9tendue entre deux tr\u00e9pieds en bois. C&#8217;est l\u00e0 que les passants peuvent <strong>accrocher<\/strong> leurs avis.<\/li>\n<\/ul>\n<p>L\u2019id\u00e9e \u00e9tant qu\u2019une fois qu\u2019un passant a r\u00e9pondu \u00e0 la question, il accroche sa feuille sur les ficelles \u00e0 l\u2019aide de pinces \u00e0 linge<img loading=\"lazy\" width=\"780\" height=\"440\" class=\"size-full wp-image-7863 aligncenter\" src=\"https:\/\/www.lyceelecorbusier.eu\/dnmade-is\/wp-content\/uploads\/sites\/44\/2021\/07\/table.jpg\" alt=\"table haute que nous avonsconstruite\" srcset=\"https:\/\/www.lyceelecorbusier.eu\/dnmade-is\/wp-content\/uploads\/sites\/44\/2021\/07\/table.jpg 780w, https:\/\/www.lyceelecorbusier.eu\/dnmade-is\/wp-content\/uploads\/sites\/44\/2021\/07\/table-300x169.jpg 300w, https:\/\/www.lyceelecorbusier.eu\/dnmade-is\/wp-content\/uploads\/sites\/44\/2021\/07\/table-768x433.jpg 768w\" sizes=\"(max-width: 780px) 100vw, 780px\" \/><\/p>\n<p><span style=\"color: #ff0000\">[sc\u00e9nario d&#8217;usage]<\/span><\/p>\n<p>&nbsp;<\/p>\n<p><span style=\"font-size: 14pt\">MISE EN SITUATION\u00a0<\/span><\/p>\n<p>Nous avons test\u00e9 le dispositif sur la place Kleber, \u00e0 Strasbourg.<\/p>\n<p><img loading=\"lazy\" width=\"780\" height=\"440\" class=\"size-full wp-image-7835 aligncenter\" src=\"https:\/\/www.lyceelecorbusier.eu\/dnmade-is\/wp-content\/uploads\/sites\/44\/2021\/07\/plastikphoto-globale.jpg\" alt=\"dispositif install\u00e9 place kl\u00e9ber\" srcset=\"https:\/\/www.lyceelecorbusier.eu\/dnmade-is\/wp-content\/uploads\/sites\/44\/2021\/07\/plastikphoto-globale.jpg 780w, https:\/\/www.lyceelecorbusier.eu\/dnmade-is\/wp-content\/uploads\/sites\/44\/2021\/07\/plastikphoto-globale-300x169.jpg 300w, https:\/\/www.lyceelecorbusier.eu\/dnmade-is\/wp-content\/uploads\/sites\/44\/2021\/07\/plastikphoto-globale-768x433.jpg 768w\" sizes=\"(max-width: 780px) 100vw, 780px\" \/><\/p>\n<p>Le public qui s&#8217;est arr\u00eat\u00e9 \u00e9tait assez curieux et bienveillant. Les passants \u00e9taient pr\u00eats \u00e0 discuter n\u00e9anmoins iels n&#8217;utilisaient quasiment pas le dispositif. (Il est vrai qu&#8217;un lundi matin peu de passants fl\u00e2nent : un mercredi apr\u00e8s-midi ou le weekend, nous aurions s\u00fbrement r\u00e9colt\u00e9 plus d&#8217;avis).<br \/>\nCela est peut-\u00eatre d\u00fb \u00e0 un manque de lisibilit\u00e9 de la question, et au fait que les passants ne puissent aborder que depuis une seule direction. Bien se r\u00e9partir autour du stand et \u00e9viter d&#8217;\u00eatre plusieurs \u00e0 parler \u00e0 un passant serait judicieux.<\/p>\n<p>&nbsp;<\/p>\n<p><span style=\"font-size: 14pt\">BILAN<\/span><\/p>\n<p>Cette exp\u00e9rience a \u00e9t\u00e9 enrichissante et nous a permis de sortir de l&#8217;aspect th\u00e9orique en interrogeant directement les usagers. Sortir de notre zone de confort, vaincre notre timidit\u00e9 et voir les r\u00e9sultats de notre outil a \u00e9t\u00e9 encourageant pour la suite.<\/p>\n<p>&nbsp;<\/p>\n<p>Justine Stehli, Margot Lemeur et Maud Obellianne<\/p>\n","protected":false},"excerpt":{"rendered":"","protected":false},"author":275,"featured_media":7822,"comment_status":"closed","ping_status":"closed","sticky":false,"template":"","format":"standard","meta":[],"categories":[34,42],"tags":[],"_links":{"self":[{"href":"https:\/\/www.lyceelecorbusier.eu\/dnmade-is\/index.php?rest_route=\/wp\/v2\/posts\/7304"}],"collection":[{"href":"https:\/\/www.lyceelecorbusier.eu\/dnmade-is\/index.php?rest_route=\/wp\/v2\/posts"}],"about":[{"href":"https:\/\/www.lyceelecorbusier.eu\/dnmade-is\/index.php?rest_route=\/wp\/v2\/types\/post"}],"author":[{"embeddable":true,"href":"https:\/\/www.lyceelecorbusier.eu\/dnmade-is\/index.php?rest_route=\/wp\/v2\/users\/275"}],"replies":[{"embeddable":true,"href":"https:\/\/www.lyceelecorbusier.eu\/dnmade-is\/index.php?rest_route=%2Fwp%2Fv2%2Fcomments&post=7304"}],"version-history":[{"count":38,"href":"https:\/\/www.lyceelecorbusier.eu\/dnmade-is\/index.php?rest_route=\/wp\/v2\/posts\/7304\/revisions"}],"predecessor-version":[{"id":8034,"href":"https:\/\/www.lyceelecorbusier.eu\/dnmade-is\/index.php?rest_route=\/wp\/v2\/posts\/7304\/revisions\/8034"}],"wp:featuredmedia":[{"embeddable":true,"href":"https:\/\/www.lyceelecorbusier.eu\/dnmade-is\/index.php?rest_route=\/wp\/v2\/media\/7822"}],"wp:attachment":[{"href":"https:\/\/www.lyceelecorbusier.eu\/dnmade-is\/index.php?rest_route=%2Fwp%2Fv2%2Fmedia&parent=7304"}],"wp:term":[{"taxonomy":"category","embeddable":true,"href":"https:\/\/www.lyceelecorbusier.eu\/dnmade-is\/index.php?rest_route=%2Fwp%2Fv2%2Fcategories&post=7304"},{"taxonomy":"post_tag","embeddable":true,"href":"https:\/\/www.lyceelecorbusier.eu\/dnmade-is\/index.php?rest_route=%2Fwp%2Fv2%2Ftags&post=7304"}],"curies":[{"name":"wp","href":"https:\/\/api.w.org\/{rel}","templated":true}]}}