{"id":5839,"date":"2020-10-05T13:34:11","date_gmt":"2020-10-05T11:34:11","guid":{"rendered":"https:\/\/www.lyceelecorbusier.eu\/dnmade-is\/?p=5839"},"modified":"2023-06-14T15:43:10","modified_gmt":"2023-06-14T13:43:10","slug":"cartographie-a-travers-un-miroir","status":"publish","type":"post","link":"https:\/\/www.lyceelecorbusier.eu\/dnmade-is\/?p=5839","title":{"rendered":"Cartographie \u00e0 travers un miroir"},"content":{"rendered":"<p><!--more--><br \/>\n<b>Guy Debord disait dans son livre Pan\u00e9gyrique \u201cles tromperies dominantes de l\u2019\u00e9poque sont en passe de faire oublier que la v\u00e9rit\u00e9 peut se voir aussi dans les images\u201d<\/b><span style=\"font-weight: 400\">.<\/span><\/p>\n<p>&nbsp;<\/p>\n<p><span style=\"font-weight: 400\">Nous avions \u00e0 travailler sur la perception de l\u2019espace urbain. Pour cela, nous devions cr\u00e9er notre propre protocole afin de r\u00e9colter des donn\u00e9es nous permettant d\u2019appr\u00e9hender l\u2019espace et principalement l\u2019espace urbain dans le but de r\u00e9aliser une cartographie. Cet espace se d\u00e9finit par une \u00e9tendue, surface ou un volume destin\u00e9s \u00e0 un usage particulier et r\u00e9pondant id\u00e9alement \u00e0 des besoins collectifs.<\/span><\/p>\n<p><span style=\"font-weight: 400\">Le principe de la cartographie repose sur l\u2019exploitation de donn\u00e9es dans le dessein de les hi\u00e9rarchiser et de les traduire sur un support.<\/span><\/p>\n<p>&nbsp;<\/p>\n<p><b>PROTOCOLE:\u00a0<\/b><\/p>\n<table class=\"wp-list-table widefat fixed sliders\">\n<tbody id=\"the-list\" data-wp-lists=\"list:slider\">\n<tr class=\"alternate\">\n<td class=\"shortcode column-shortcode\">\n\t\t<!-- MasterSlider -->\n\t\t<div id=\"P_MS69f1c7aca622e\" class=\"master-slider-parent msl ms-parent-id-229\" style=\"max-width:780px;\">\n\n\t\t\t\n\t\t\t<!-- MasterSlider Main -->\n\t\t\t<div id=\"MS69f1c7aca622e\" class=\"master-slider ms-skin-default\" >\n\t\t\t\t \t\t\t\t \n\t\t\t\t<div  class=\"ms-slide\" data-delay=\"3\" data-fill-mode=\"fit\"  >\n\t\t\t\t\t<img src=\"https:\/\/www.lyceelecorbusier.eu\/dnmade-is\/wp-content\/plugins\/master-slider\/public\/assets\/css\/blank.gif\" alt=\"\" title=\"\" data-src=\"https:\/\/www.lyceelecorbusier.eu\/dnmade-is\/wp-content\/uploads\/sites\/44\/2020\/10\/quatrieme-photo-1.jpg\" \/>\n\n\n\t<div class=\"ms-thumb\" ><div class=\"ms-tab-context\"><div class=&quot;ms-tab-context&quot;><\/div><\/div>\n<\/div>\n\t\t\t\t<\/div>\n\t\t\t\t<div  class=\"ms-slide\" data-delay=\"3\" data-fill-mode=\"fit\"  >\n\t\t\t\t\t<img src=\"https:\/\/www.lyceelecorbusier.eu\/dnmade-is\/wp-content\/plugins\/master-slider\/public\/assets\/css\/blank.gif\" alt=\"\" title=\"\" data-src=\"https:\/\/www.lyceelecorbusier.eu\/dnmade-is\/wp-content\/uploads\/sites\/44\/2020\/10\/20201005_093317-1-scaled.jpg\" \/>\n\n\n\t<div class=\"ms-thumb\" ><div class=\"ms-tab-context\"><div class=&quot;ms-tab-context&quot;><\/div><\/div>\n<\/div>\n\t\t\t\t<\/div>\n\t\t\t\t<div  class=\"ms-slide\" data-delay=\"3\" data-fill-mode=\"fit\"  >\n\t\t\t\t\t<img src=\"https:\/\/www.lyceelecorbusier.eu\/dnmade-is\/wp-content\/plugins\/master-slider\/public\/assets\/css\/blank.gif\" alt=\"\" title=\"\" data-src=\"https:\/\/www.lyceelecorbusier.eu\/dnmade-is\/wp-content\/uploads\/sites\/44\/2020\/10\/Troisieme-image-scaled.jpg\" \/>\n\n\n\t<div class=\"ms-thumb\" ><div class=\"ms-tab-context\"><div class=&quot;ms-tab-context&quot;><\/div><\/div>\n<\/div>\n\t\t\t\t<\/div>\n\n\t\t\t<\/div>\n\t\t\t<!-- END MasterSlider Main -->\n\n\t\t\t \n\t\t<\/div>\n\t\t<!-- END MasterSlider -->\n\n\t\t<script>\n\t\t(function ( $ ) {\n\t\t\t\"use strict\";\n\n\t\t\t$(function () {\n\t\t\t\tvar masterslider_622e = new MasterSlider();\n\n\t\t\t\t\/\/ slider controls\n\t\t\t\tmasterslider_622e.control('arrows'     ,{ autohide:true, overVideo:true  });\n\t\t\t\t\/\/ slider setup\n\t\t\t\tmasterslider_622e.setup(\"MS69f1c7aca622e\", {\n\t\t\t\t\t\twidth           : 780,\n\t\t\t\t\t\theight          : 440,\n\t\t\t\t\t\tminHeight       : 0,\n\t\t\t\t\t\tspace           : 0,\n\t\t\t\t\t\tstart           : 1,\n\t\t\t\t\t\tgrabCursor      : true,\n\t\t\t\t\t\tswipe           : true,\n\t\t\t\t\t\tmouse           : true,\n\t\t\t\t\t\tlayout          : \"boxed\",\n\t\t\t\t\t\twheel           : false,\n\t\t\t\t\t\tautoplay        : true,\n\t\t\t\t\t\tinstantStartLayers:false,\n\t\t\t\t\t\tloop            : true,\n\t\t\t\t\t\tshuffle         : false,\n\t\t\t\t\t\tpreload         : 0,\n\t\t\t\t\t\theightLimit     : true,\n\t\t\t\t\t\tautoHeight      : false,\n\t\t\t\t\t\tsmoothHeight    : true,\n\t\t\t\t\t\tendPause        : false,\n\t\t\t\t\t\toverPause       : true,\n\t\t\t\t\t\tfillMode        : \"fill\",\n\t\t\t\t\t\tcenterControls  : true,\n\t\t\t\t\t\tstartOnAppear   : false,\n\t\t\t\t\t\tlayersMode      : \"center\",\n\t\t\t\t\t\thideLayers      : false,\n\t\t\t\t\t\tfullscreenMargin: 0,\n\t\t\t\t\t\tspeed           : 20,\n\t\t\t\t\t\tdir             : \"h\",\n\t\t\t\t\t\tparallaxMode    : 'swipe',\n\t\t\t\t\t\tview            : \"basic\"\n\t\t\t\t});\n\n\t\t\t\t\n\t\t\t\twindow.masterslider_instances = window.masterslider_instances || [];\n\t\t\t\twindow.masterslider_instances.push( masterslider_622e );\n\t\t\t });\n\n\t\t})(jQuery);\n\t\t<\/script>\n\n<\/td>\n<\/tr>\n<\/tbody>\n<\/table>\n<p><span style=\"font-weight: 400\">Nous avions comme objectif de perturber la vision du spectateur en lui imposant un point de vue diff\u00e9rent de celui que l\u2019on aurait habituellement. Nous trouvions int\u00e9ressant de perturber les sens, apr\u00e8s r\u00e9flexion nous avons choisi le sens de la vue. Les passants regardent le plus souvent au sol ou devant eux, ne serait t\u2019il pas int\u00e9ressant de changer de point de vue?\u00a0<\/span><\/p>\n<p><span style=\"font-weight: 400\">Nous avons d\u00e9cid\u00e9 de photographier les rues de Strasbourg \u00e0 travers la capture du reflet d\u2019un miroir afin de montrer notre d\u00e9placement jusqu\u2019\u00e0 la place Hans Jean Arp (en prenant des photos tous les 15 m\u00e8tres environ). Agen\u00e7ant alors les images comme un puzzle formant un \u201cchemin\u201d gr\u00e2ce au ciel et cr\u00e9ant une ambiance calme\/agr\u00e9able s\u2019opposant au dynamisme des rues.<\/span><\/p>\n<p>&nbsp;<\/p>\n<p><span style=\"font-weight: 400\">Ce protocole nous a permis de prendre conscience du fait que notre sens de l\u2019observation n\u2019est pas totalement exploit\u00e9. Nous avons tendance \u00e0 nous focaliser sur une partie de l\u2019espace et non sur son ensemble. <\/span><span style=\"font-weight: 400\">Notre rapport \u00e0 l\u2019espace semble alors subjectif et personnel. Nos histoires, nos exp\u00e9riences et nos habitudes influent sur notre perception de l\u2019environnement et l\u2019ambiance qui s\u2019y d\u00e9gage.<\/span><\/p>\n<p>Laurine Le Tutour, Mariam, Noha Moziane<\/p>\n","protected":false},"excerpt":{"rendered":"","protected":false},"author":284,"featured_media":6423,"comment_status":"closed","ping_status":"closed","sticky":false,"template":"","format":"standard","meta":[],"categories":[27,34],"tags":[],"_links":{"self":[{"href":"https:\/\/www.lyceelecorbusier.eu\/dnmade-is\/index.php?rest_route=\/wp\/v2\/posts\/5839"}],"collection":[{"href":"https:\/\/www.lyceelecorbusier.eu\/dnmade-is\/index.php?rest_route=\/wp\/v2\/posts"}],"about":[{"href":"https:\/\/www.lyceelecorbusier.eu\/dnmade-is\/index.php?rest_route=\/wp\/v2\/types\/post"}],"author":[{"embeddable":true,"href":"https:\/\/www.lyceelecorbusier.eu\/dnmade-is\/index.php?rest_route=\/wp\/v2\/users\/284"}],"replies":[{"embeddable":true,"href":"https:\/\/www.lyceelecorbusier.eu\/dnmade-is\/index.php?rest_route=%2Fwp%2Fv2%2Fcomments&post=5839"}],"version-history":[{"count":15,"href":"https:\/\/www.lyceelecorbusier.eu\/dnmade-is\/index.php?rest_route=\/wp\/v2\/posts\/5839\/revisions"}],"predecessor-version":[{"id":10401,"href":"https:\/\/www.lyceelecorbusier.eu\/dnmade-is\/index.php?rest_route=\/wp\/v2\/posts\/5839\/revisions\/10401"}],"wp:featuredmedia":[{"embeddable":true,"href":"https:\/\/www.lyceelecorbusier.eu\/dnmade-is\/index.php?rest_route=\/wp\/v2\/media\/6423"}],"wp:attachment":[{"href":"https:\/\/www.lyceelecorbusier.eu\/dnmade-is\/index.php?rest_route=%2Fwp%2Fv2%2Fmedia&parent=5839"}],"wp:term":[{"taxonomy":"category","embeddable":true,"href":"https:\/\/www.lyceelecorbusier.eu\/dnmade-is\/index.php?rest_route=%2Fwp%2Fv2%2Fcategories&post=5839"},{"taxonomy":"post_tag","embeddable":true,"href":"https:\/\/www.lyceelecorbusier.eu\/dnmade-is\/index.php?rest_route=%2Fwp%2Fv2%2Ftags&post=5839"}],"curies":[{"name":"wp","href":"https:\/\/api.w.org\/{rel}","templated":true}]}}