{"id":3981,"date":"2020-05-15T10:24:36","date_gmt":"2020-05-15T08:24:36","guid":{"rendered":"https:\/\/www.lyceelecorbusier.eu\/dnmade-is\/?p=3981"},"modified":"2022-04-27T11:55:58","modified_gmt":"2022-04-27T09:55:58","slug":"cartographie-sensible-niot-aurelie","status":"publish","type":"post","link":"https:\/\/www.lyceelecorbusier.eu\/dnmade-is\/?p=3981","title":{"rendered":"Cartographie sensible- Niot Aur\u00e9lie"},"content":{"rendered":"<p><!--more--><strong><span style=\"font-size: 18pt\">Cartographie sensible<\/span><\/strong><\/p>\n<p>Georges Perec retient dans &#8220;Esp\u00e8ces d&#8217;espaces&#8221; les\u00a0<em><strong>laps d&#8217;espace<\/strong><\/em>\u00a0suivants :<br \/>\n\u2014 La page<br \/>\n\u2014 Le lit<br \/>\n\u2014 La chambre<br \/>\n\u2014 L&#8217;appartement<br \/>\n\u2014 L&#8217;immeuble<br \/>\n\u2014 La rue<br \/>\n\u2014 Le quartier<br \/>\n\u2014 La ville<br \/>\n\u2014 La campagne<br \/>\n\u2014 Le pays<br \/>\n\u2014 L&#8217;Europe<br \/>\n\u2014 Le monde<br \/>\n\u2014 L&#8217;espace<\/p>\n<p><span style=\"font-size: 14pt\"><strong>La page<\/strong><\/span><\/p>\n<p>Ici, j&#8217;ai voulu montrer la progression dans la lecture d&#8217;un texte: je commence par regarder le sujet principal et les images, ensuite les sous-titres puis le texte int\u00e9gral rapidement puis en d\u00e9tail. Pour se faire, J&#8217;ai utilis\u00e9 le Stop motion en scannant ma page au fur et \u00e0 mesure des collage.<\/p>\n<p><strong><span style=\"font-size: 14pt\">Le lit<\/span><\/strong><\/p>\n<p><img loading=\"lazy\" width=\"780\" height=\"674\" class=\"alignnone size-full wp-image-5416\" src=\"https:\/\/www.lyceelecorbusier.eu\/dnmade-is\/wp-content\/uploads\/sites\/44\/2020\/06\/103020916_1671287063047862_7403834972356957877_n.jpg\" alt=\"\" srcset=\"https:\/\/www.lyceelecorbusier.eu\/dnmade-is\/wp-content\/uploads\/sites\/44\/2020\/06\/103020916_1671287063047862_7403834972356957877_n.jpg 780w, https:\/\/www.lyceelecorbusier.eu\/dnmade-is\/wp-content\/uploads\/sites\/44\/2020\/06\/103020916_1671287063047862_7403834972356957877_n-300x259.jpg 300w, https:\/\/www.lyceelecorbusier.eu\/dnmade-is\/wp-content\/uploads\/sites\/44\/2020\/06\/103020916_1671287063047862_7403834972356957877_n-768x664.jpg 768w\" sizes=\"(max-width: 780px) 100vw, 780px\" \/><\/p>\n<p><strong><span style=\"font-size: 14pt\">La chambre<\/span><\/strong><\/p>\n<p><img loading=\"lazy\" width=\"780\" height=\"512\" class=\"alignnone size-full wp-image-4332\" src=\"https:\/\/www.lyceelecorbusier.eu\/dnmade-is\/wp-content\/uploads\/sites\/44\/2020\/05\/flowRoot1849.png\" alt=\"\" srcset=\"https:\/\/www.lyceelecorbusier.eu\/dnmade-is\/wp-content\/uploads\/sites\/44\/2020\/05\/flowRoot1849.png 780w, https:\/\/www.lyceelecorbusier.eu\/dnmade-is\/wp-content\/uploads\/sites\/44\/2020\/05\/flowRoot1849-300x197.png 300w, https:\/\/www.lyceelecorbusier.eu\/dnmade-is\/wp-content\/uploads\/sites\/44\/2020\/05\/flowRoot1849-768x504.png 768w\" sizes=\"(max-width: 780px) 100vw, 780px\" \/><\/p>\n<p><span style=\"font-size: 14pt\"><strong>L&#8217;appartement<\/strong><\/span><\/p>\n<p><img loading=\"lazy\" width=\"780\" height=\"551\" class=\"alignnone size-full wp-image-5676\" src=\"https:\/\/www.lyceelecorbusier.eu\/dnmade-is\/wp-content\/uploads\/sites\/44\/2020\/05\/010115CIhu.jpg\" alt=\"\" srcset=\"https:\/\/www.lyceelecorbusier.eu\/dnmade-is\/wp-content\/uploads\/sites\/44\/2020\/05\/010115CIhu.jpg 780w, https:\/\/www.lyceelecorbusier.eu\/dnmade-is\/wp-content\/uploads\/sites\/44\/2020\/05\/010115CIhu-300x212.jpg 300w, https:\/\/www.lyceelecorbusier.eu\/dnmade-is\/wp-content\/uploads\/sites\/44\/2020\/05\/010115CIhu-768x543.jpg 768w\" sizes=\"(max-width: 780px) 100vw, 780px\" \/><\/p>\n<p><img loading=\"lazy\" width=\"780\" height=\"551\" class=\"alignnone size-full wp-image-5675\" src=\"https:\/\/www.lyceelecorbusier.eu\/dnmade-is\/wp-content\/uploads\/sites\/44\/2020\/05\/e1.png\" alt=\"\" srcset=\"https:\/\/www.lyceelecorbusier.eu\/dnmade-is\/wp-content\/uploads\/sites\/44\/2020\/05\/e1.png 780w, https:\/\/www.lyceelecorbusier.eu\/dnmade-is\/wp-content\/uploads\/sites\/44\/2020\/05\/e1-300x212.png 300w, https:\/\/www.lyceelecorbusier.eu\/dnmade-is\/wp-content\/uploads\/sites\/44\/2020\/05\/e1-768x543.png 768w\" sizes=\"(max-width: 780px) 100vw, 780px\" \/><\/p>\n<p><img loading=\"lazy\" width=\"780\" height=\"588\" class=\"alignnone size-full wp-image-5689\" src=\"https:\/\/www.lyceelecorbusier.eu\/dnmade-is\/wp-content\/uploads\/sites\/44\/2020\/05\/010115CK.jpg\" alt=\"\" srcset=\"https:\/\/www.lyceelecorbusier.eu\/dnmade-is\/wp-content\/uploads\/sites\/44\/2020\/05\/010115CK.jpg 780w, https:\/\/www.lyceelecorbusier.eu\/dnmade-is\/wp-content\/uploads\/sites\/44\/2020\/05\/010115CK-300x226.jpg 300w, https:\/\/www.lyceelecorbusier.eu\/dnmade-is\/wp-content\/uploads\/sites\/44\/2020\/05\/010115CK-768x579.jpg 768w\" sizes=\"(max-width: 780px) 100vw, 780px\" \/><\/p>\n<p>J&#8217;ai repr\u00e9sent\u00e9 ma maison. J&#8217;ai d\u00e9cid\u00e9 de placer des zones en fonction de comment j&#8217;occupe les pi\u00e8ces de ma maison avec ma famille. Les pi\u00e8ces vides sont les chambres de mes parents et de ma s\u0153ur et une pi\u00e8ce en d\u00e9sordre.<\/p>\n<p><strong><span style=\"font-size: 14pt\">L&#8217;immeuble<\/span><\/strong><\/p>\n<p><img loading=\"lazy\" width=\"780\" height=\"1040\" class=\"alignnone size-full wp-image-3990\" src=\"https:\/\/www.lyceelecorbusier.eu\/dnmade-is\/wp-content\/uploads\/sites\/44\/2020\/05\/96285915_549040002467909_7784351610926268416_n5666-1.jpg\" alt=\"\" srcset=\"https:\/\/www.lyceelecorbusier.eu\/dnmade-is\/wp-content\/uploads\/sites\/44\/2020\/05\/96285915_549040002467909_7784351610926268416_n5666-1.jpg 780w, https:\/\/www.lyceelecorbusier.eu\/dnmade-is\/wp-content\/uploads\/sites\/44\/2020\/05\/96285915_549040002467909_7784351610926268416_n5666-1-225x300.jpg 225w, https:\/\/www.lyceelecorbusier.eu\/dnmade-is\/wp-content\/uploads\/sites\/44\/2020\/05\/96285915_549040002467909_7784351610926268416_n5666-1-768x1024.jpg 768w, https:\/\/www.lyceelecorbusier.eu\/dnmade-is\/wp-content\/uploads\/sites\/44\/2020\/05\/96285915_549040002467909_7784351610926268416_n5666-1-720x960.jpg 720w\" sizes=\"(max-width: 780px) 100vw, 780px\" \/><\/p>\n<p><strong><span style=\"font-size: 14pt\">La rue<\/span><\/strong><\/p>\n<p><img loading=\"lazy\" width=\"780\" height=\"575\" class=\"alignnone size-full wp-image-5641\" src=\"https:\/\/www.lyceelecorbusier.eu\/dnmade-is\/wp-content\/uploads\/sites\/44\/2020\/06\/rue.png\" alt=\"\" srcset=\"https:\/\/www.lyceelecorbusier.eu\/dnmade-is\/wp-content\/uploads\/sites\/44\/2020\/06\/rue.png 780w, https:\/\/www.lyceelecorbusier.eu\/dnmade-is\/wp-content\/uploads\/sites\/44\/2020\/06\/rue-300x221.png 300w, https:\/\/www.lyceelecorbusier.eu\/dnmade-is\/wp-content\/uploads\/sites\/44\/2020\/06\/rue-768x566.png 768w\" sizes=\"(max-width: 780px) 100vw, 780px\" \/><\/p>\n<p><img loading=\"lazy\" width=\"780\" height=\"575\" class=\"alignnone size-full wp-image-5644\" src=\"https:\/\/www.lyceelecorbusier.eu\/dnmade-is\/wp-content\/uploads\/sites\/44\/2020\/06\/Sans-titre-1.png\" alt=\"\" srcset=\"https:\/\/www.lyceelecorbusier.eu\/dnmade-is\/wp-content\/uploads\/sites\/44\/2020\/06\/Sans-titre-1.png 780w, https:\/\/www.lyceelecorbusier.eu\/dnmade-is\/wp-content\/uploads\/sites\/44\/2020\/06\/Sans-titre-1-300x221.png 300w, https:\/\/www.lyceelecorbusier.eu\/dnmade-is\/wp-content\/uploads\/sites\/44\/2020\/06\/Sans-titre-1-768x566.png 768w\" sizes=\"(max-width: 780px) 100vw, 780px\" \/><\/p>\n<p>Ici, vous voyez ma rue. J&#8217;ai d\u00e9cid\u00e9 de travaill\u00e9 les diff\u00e9rents mat\u00e9riaux qu&#8217;on trouve pour la route et les chemins menant aux habitations. On va ainsi trouv\u00e9 du gravier, du b\u00e9ton, des pav\u00e9s et du macadam avec des maison assez loin de la route.<\/p>\n<p><strong><span style=\"font-size: 14pt\">Le quartier<\/span><\/strong><\/p>\n<p><img loading=\"lazy\" width=\"780\" height=\"510\" class=\"alignnone size-full wp-image-5439\" src=\"https:\/\/www.lyceelecorbusier.eu\/dnmade-is\/wp-content\/uploads\/sites\/44\/2020\/06\/010115567A5.png\" alt=\"\" srcset=\"https:\/\/www.lyceelecorbusier.eu\/dnmade-is\/wp-content\/uploads\/sites\/44\/2020\/06\/010115567A5.png 780w, https:\/\/www.lyceelecorbusier.eu\/dnmade-is\/wp-content\/uploads\/sites\/44\/2020\/06\/010115567A5-300x196.png 300w, https:\/\/www.lyceelecorbusier.eu\/dnmade-is\/wp-content\/uploads\/sites\/44\/2020\/06\/010115567A5-768x502.png 768w\" sizes=\"(max-width: 780px) 100vw, 780px\" \/> <img loading=\"lazy\" width=\"841\" height=\"479\" class=\"alignnone size-full wp-image-5438\" src=\"https:\/\/www.lyceelecorbusier.eu\/dnmade-is\/wp-content\/uploads\/sites\/44\/2020\/06\/kkih54.png\" alt=\"\" srcset=\"https:\/\/www.lyceelecorbusier.eu\/dnmade-is\/wp-content\/uploads\/sites\/44\/2020\/06\/kkih54.png 841w, https:\/\/www.lyceelecorbusier.eu\/dnmade-is\/wp-content\/uploads\/sites\/44\/2020\/06\/kkih54-300x171.png 300w, https:\/\/www.lyceelecorbusier.eu\/dnmade-is\/wp-content\/uploads\/sites\/44\/2020\/06\/kkih54-768x437.png 768w\" sizes=\"(max-width: 841px) 100vw, 841px\" \/><\/p>\n<p>Ici, j&#8217;ai voulu transmettre mes promenades les plus fr\u00e9quentes dans mon village par couleur et en utilisant le point de cha\u00eenette. Je trouvais int\u00e9ressant de voir les superpositions.<\/p>\n<p><strong><span style=\"font-size: 14pt\">La ville<\/span><\/strong><\/p>\n<p><img loading=\"lazy\" width=\"780\" height=\"1104\" class=\"alignnone size-full wp-image-5179\" src=\"https:\/\/www.lyceelecorbusier.eu\/dnmade-is\/wp-content\/uploads\/sites\/44\/2020\/06\/01011595.png\" alt=\"\" srcset=\"https:\/\/www.lyceelecorbusier.eu\/dnmade-is\/wp-content\/uploads\/sites\/44\/2020\/06\/01011595.png 780w, https:\/\/www.lyceelecorbusier.eu\/dnmade-is\/wp-content\/uploads\/sites\/44\/2020\/06\/01011595-212x300.png 212w, https:\/\/www.lyceelecorbusier.eu\/dnmade-is\/wp-content\/uploads\/sites\/44\/2020\/06\/01011595-723x1024.png 723w, https:\/\/www.lyceelecorbusier.eu\/dnmade-is\/wp-content\/uploads\/sites\/44\/2020\/06\/01011595-768x1087.png 768w, https:\/\/www.lyceelecorbusier.eu\/dnmade-is\/wp-content\/uploads\/sites\/44\/2020\/06\/01011595-678x960.png 678w\" sizes=\"(max-width: 780px) 100vw, 780px\" \/><\/p>\n<p><strong><span style=\"font-size: 14pt\">La campagne<\/span><\/strong><\/p>\n<p><img loading=\"lazy\" width=\"780\" height=\"551\" class=\"alignnone size-full wp-image-4327\" src=\"https:\/\/www.lyceelecorbusier.eu\/dnmade-is\/wp-content\/uploads\/sites\/44\/2020\/05\/0101158465.png\" alt=\"\" srcset=\"https:\/\/www.lyceelecorbusier.eu\/dnmade-is\/wp-content\/uploads\/sites\/44\/2020\/05\/0101158465.png 780w, https:\/\/www.lyceelecorbusier.eu\/dnmade-is\/wp-content\/uploads\/sites\/44\/2020\/05\/0101158465-300x212.png 300w, https:\/\/www.lyceelecorbusier.eu\/dnmade-is\/wp-content\/uploads\/sites\/44\/2020\/05\/0101158465-768x543.png 768w\" sizes=\"(max-width: 780px) 100vw, 780px\" \/><\/p>\n<p>Sur cette carte, je voulais donner \u00e0 voir les sons de la campagne mais aussi les valoriser par le travail de collage<\/p>\n<p><strong><span style=\"font-size: 14pt\">La France<\/span><\/strong><\/p>\n<p><img loading=\"lazy\" width=\"780\" height=\"692\" class=\"alignnone size-full wp-image-4326\" src=\"https:\/\/www.lyceelecorbusier.eu\/dnmade-is\/wp-content\/uploads\/sites\/44\/2020\/05\/france.png\" alt=\"\" srcset=\"https:\/\/www.lyceelecorbusier.eu\/dnmade-is\/wp-content\/uploads\/sites\/44\/2020\/05\/france.png 780w, https:\/\/www.lyceelecorbusier.eu\/dnmade-is\/wp-content\/uploads\/sites\/44\/2020\/05\/france-300x266.png 300w, https:\/\/www.lyceelecorbusier.eu\/dnmade-is\/wp-content\/uploads\/sites\/44\/2020\/05\/france-768x681.png 768w\" sizes=\"(max-width: 780px) 100vw, 780px\" \/><\/p>\n<p><span style=\"font-size: 14pt\"><strong>L&#8217;Europe<\/strong><\/span><\/p>\n<p><img loading=\"lazy\" width=\"780\" height=\"711\" class=\"alignnone size-full wp-image-5700\" src=\"https:\/\/www.lyceelecorbusier.eu\/dnmade-is\/wp-content\/uploads\/sites\/44\/2020\/05\/010115CP-1.jpg\" alt=\"\" srcset=\"https:\/\/www.lyceelecorbusier.eu\/dnmade-is\/wp-content\/uploads\/sites\/44\/2020\/05\/010115CP-1.jpg 780w, https:\/\/www.lyceelecorbusier.eu\/dnmade-is\/wp-content\/uploads\/sites\/44\/2020\/05\/010115CP-1-300x273.jpg 300w, https:\/\/www.lyceelecorbusier.eu\/dnmade-is\/wp-content\/uploads\/sites\/44\/2020\/05\/010115CP-1-768x700.jpg 768w\" sizes=\"(max-width: 780px) 100vw, 780px\" \/><\/p>\n<p><strong><span style=\"font-size: 14pt\">Le monde<\/span><\/strong><\/p>\n<p><img loading=\"lazy\" width=\"780\" height=\"554\" class=\"alignnone size-full wp-image-5354\" src=\"https:\/\/www.lyceelecorbusier.eu\/dnmade-is\/wp-content\/uploads\/sites\/44\/2020\/06\/monde.png\" alt=\"\" srcset=\"https:\/\/www.lyceelecorbusier.eu\/dnmade-is\/wp-content\/uploads\/sites\/44\/2020\/06\/monde.png 780w, https:\/\/www.lyceelecorbusier.eu\/dnmade-is\/wp-content\/uploads\/sites\/44\/2020\/06\/monde-300x213.png 300w, https:\/\/www.lyceelecorbusier.eu\/dnmade-is\/wp-content\/uploads\/sites\/44\/2020\/06\/monde-768x545.png 768w\" sizes=\"(max-width: 780px) 100vw, 780px\" \/><\/p>\n<p><strong>L&#8217;espace<\/strong><\/p>\n<p><img loading=\"lazy\" width=\"780\" height=\"421\" class=\"alignnone size-full wp-image-5399\" src=\"https:\/\/www.lyceelecorbusier.eu\/dnmade-is\/wp-content\/uploads\/sites\/44\/2020\/06\/g1078.png\" alt=\"\" srcset=\"https:\/\/www.lyceelecorbusier.eu\/dnmade-is\/wp-content\/uploads\/sites\/44\/2020\/06\/g1078.png 780w, https:\/\/www.lyceelecorbusier.eu\/dnmade-is\/wp-content\/uploads\/sites\/44\/2020\/06\/g1078-300x162.png 300w, https:\/\/www.lyceelecorbusier.eu\/dnmade-is\/wp-content\/uploads\/sites\/44\/2020\/06\/g1078-768x415.png 768w\" sizes=\"(max-width: 780px) 100vw, 780px\" \/><\/p>\n<p><img loading=\"lazy\" width=\"780\" height=\"457\" class=\"alignnone size-full wp-image-5646\" src=\"https:\/\/www.lyceelecorbusier.eu\/dnmade-is\/wp-content\/uploads\/sites\/44\/2020\/06\/path870.png\" alt=\"\" srcset=\"https:\/\/www.lyceelecorbusier.eu\/dnmade-is\/wp-content\/uploads\/sites\/44\/2020\/06\/path870.png 780w, https:\/\/www.lyceelecorbusier.eu\/dnmade-is\/wp-content\/uploads\/sites\/44\/2020\/06\/path870-300x176.png 300w, https:\/\/www.lyceelecorbusier.eu\/dnmade-is\/wp-content\/uploads\/sites\/44\/2020\/06\/path870-768x450.png 768w\" sizes=\"(max-width: 780px) 100vw, 780px\" \/><\/p>\n<p>Travail de l&#8217;espace sur gimp \u00e0 partir d&#8217;une image puis en dessin vectoriel car le r\u00e9sultat n&#8217;\u00e9tait pas concluant. Je voulais montrer ce qu&#8217;on connait de l&#8217;espace et l&#8217;inconnu mais aussi notre place dans cette infinit\u00e9.<\/p>\n","protected":false},"excerpt":{"rendered":"","protected":false},"author":1,"featured_media":5649,"comment_status":"closed","ping_status":"closed","sticky":false,"template":"","format":"video","meta":[],"categories":[33,19],"tags":[],"_links":{"self":[{"href":"https:\/\/www.lyceelecorbusier.eu\/dnmade-is\/index.php?rest_route=\/wp\/v2\/posts\/3981"}],"collection":[{"href":"https:\/\/www.lyceelecorbusier.eu\/dnmade-is\/index.php?rest_route=\/wp\/v2\/posts"}],"about":[{"href":"https:\/\/www.lyceelecorbusier.eu\/dnmade-is\/index.php?rest_route=\/wp\/v2\/types\/post"}],"author":[{"embeddable":true,"href":"https:\/\/www.lyceelecorbusier.eu\/dnmade-is\/index.php?rest_route=\/wp\/v2\/users\/1"}],"replies":[{"embeddable":true,"href":"https:\/\/www.lyceelecorbusier.eu\/dnmade-is\/index.php?rest_route=%2Fwp%2Fv2%2Fcomments&post=3981"}],"version-history":[{"count":23,"href":"https:\/\/www.lyceelecorbusier.eu\/dnmade-is\/index.php?rest_route=\/wp\/v2\/posts\/3981\/revisions"}],"predecessor-version":[{"id":8826,"href":"https:\/\/www.lyceelecorbusier.eu\/dnmade-is\/index.php?rest_route=\/wp\/v2\/posts\/3981\/revisions\/8826"}],"wp:featuredmedia":[{"embeddable":true,"href":"https:\/\/www.lyceelecorbusier.eu\/dnmade-is\/index.php?rest_route=\/wp\/v2\/media\/5649"}],"wp:attachment":[{"href":"https:\/\/www.lyceelecorbusier.eu\/dnmade-is\/index.php?rest_route=%2Fwp%2Fv2%2Fmedia&parent=3981"}],"wp:term":[{"taxonomy":"category","embeddable":true,"href":"https:\/\/www.lyceelecorbusier.eu\/dnmade-is\/index.php?rest_route=%2Fwp%2Fv2%2Fcategories&post=3981"},{"taxonomy":"post_tag","embeddable":true,"href":"https:\/\/www.lyceelecorbusier.eu\/dnmade-is\/index.php?rest_route=%2Fwp%2Fv2%2Ftags&post=3981"}],"curies":[{"name":"wp","href":"https:\/\/api.w.org\/{rel}","templated":true}]}}