{"id":13512,"date":"2026-04-26T17:48:35","date_gmt":"2026-04-26T15:48:35","guid":{"rendered":"https:\/\/www.lyceelecorbusier.eu\/dnmade-is\/?p=13512"},"modified":"2026-04-26T17:54:09","modified_gmt":"2026-04-26T15:54:09","slug":"vos-secrets-pour-un-bon-repas","status":"publish","type":"post","link":"https:\/\/www.lyceelecorbusier.eu\/dnmade-is\/?p=13512","title":{"rendered":"Vos secrets pour un bon repas"},"content":{"rendered":"<p><span style=\"font-weight: 400\">\u00a0 Le projet dans les grandes ligne :\u00a0<\/span><\/p>\n<p><span style=\"font-weight: 400\">&#8211;\u00a0 cr\u00e9er un module qui am\u00e8nera \u00e0 engager une discussion avec des inconnus dans la rue autour de diff\u00e9rents sujets sur l\u2019alimentation dans le contexte d\u2019un march\u00e9 de Strasbourg.<\/span><\/p>\n<p>&nbsp;<\/p>\n<ul>\n<li style=\"font-weight: 400\"><span style=\"font-weight: 400\">cr\u00e9ation du module<\/span><\/li>\n<\/ul>\n<p><span style=\"font-weight: 400\">Nous avons commenc\u00e9 par cr\u00e9er un module qui peut se d\u00e9plier afin de pouvoir le transporter facilement. Pour cela nous avons cr\u00e9\u00e9 un premier module qui \u00e9tait une banderole soutenue par deux morceaux de bois tenus \u00e0 la main. Le deuxi\u00e8me module reprenait le m\u00eame syst\u00e8me \u00e0 la seule diff\u00e9rence que le bois soutenait deux files de laine ou l\u2019on y accrochait les r\u00e9ponses. Ces m\u00eames r\u00e9ponses \u00e9taient \u00e9crites gr\u00e2ce au troisi\u00e8me module qui \u00e9tait une table mobile accroch\u00e9e sur le dos d\u2019une des personnes.\u00a0<\/span><\/p>\n<p><span style=\"font-weight: 400\">apr\u00e8s diff\u00e9rents test\u00e9s nous avons chang<\/span><span style=\"font-size: 1em\">\u00e9 totalement les module mais nous avons gard\u00e9 le cot\u00e9 de pouvoir soit d\u00e9mont\u00e9 soit enroul\u00e9 certaine partie du module\u00a0<\/span><\/p>\n<p>&nbsp;<\/p>\n<p><span style=\"font-weight: 400\">-table\u00a0<\/span><\/p>\n<p><span style=\"font-weight: 400\">Au d\u00e9but de la conception <\/span><span style=\"font-size: 1em\">de la table, nous avions imagin\u00e9 une table port\u00e9e dans le dos, en bois, avec des bretelles comme un sac \u00e0 dos. L\u2019id\u00e9e \u00e9tait que les personnes puissent \u00e9crire leurs r\u00e9ponses dessus.<\/span><\/p>\n<p><span style=\"font-weight: 400\">Lors des premiers essais de prototype, nous nous sommes rendu compte que nous l\u2019avions faite trop haute et en carton, ce qui n\u2019\u00e9tait pas assez solide. Nous voulions quelque chose de plus rigide et durable. N<\/span><span style=\"font-size: 1em\">ous avons donc commenc\u00e9 \u00e0 r\u00e9fl\u00e9chir aux mat\u00e9riaux que nous pouvions utiliser, et nous avons finalement choisi <\/span><span style=\"font-size: 1em\">le bois.<\/span><\/p>\n<p><span style=\"font-weight: 400\">Ensuite, nous nous sommes pos\u00e9 la question de la fabrication de la table, notamment de la bo\u00eete. Nous avons utilis\u00e9 un site permettant de cr\u00e9er des bo\u00eetes \u00e0 embo\u00eeter avec des encoches. Nous y avons entr\u00e9 les dimensions souhait\u00e9es, puis nous avons lanc\u00e9 une d\u00e9coupe laser. Une fois les pi\u00e8ces obtenues, nous n\u2019avions plus qu\u2019\u00e0 les assembler et les coller avec de la colle \u00e0 bois.<\/span><\/p>\n<p><span style=\"font-weight: 400\">Par la suite, nous avons r\u00e9fl\u00e9chi \u00e0 la mani\u00e8re d\u2019ajouter des bretelles et de les fixer. Nous avons utilis\u00e9 une sangle que nous avons cousue pour former des boucles, puis nous les avons fix\u00e9es<\/span><span style=\"font-weight: 400\">\u00a0sur la bo\u00eete, comme pour un sac \u00e0 dos<\/span><span style=\"font-size: 1em\">.<\/span><\/p>\n<p><img loading=\"lazy\" width=\"300\" height=\"169\" class=\"size-medium wp-image-13518 alignright\" style=\"font-size: 1em\" src=\"https:\/\/www.lyceelecorbusier.eu\/dnmade-is\/wp-content\/uploads\/sites\/44\/2026\/04\/image-table-300x169.jpg\" alt=\"\" srcset=\"https:\/\/www.lyceelecorbusier.eu\/dnmade-is\/wp-content\/uploads\/sites\/44\/2026\/04\/image-table-300x169.jpg 300w, https:\/\/www.lyceelecorbusier.eu\/dnmade-is\/wp-content\/uploads\/sites\/44\/2026\/04\/image-table-768x433.jpg 768w, https:\/\/www.lyceelecorbusier.eu\/dnmade-is\/wp-content\/uploads\/sites\/44\/2026\/04\/image-table.jpg 780w\" sizes=\"(max-width: 300px) 100vw, 300px\" \/><span style=\"font-weight: 400\">Cependant, nous avons aussi pris en compte l\u2019aspect communication et le confort pour la personne qui va \u00e9crire.<\/span><\/p>\n<p>&nbsp;<\/p>\n<p><span style=\"font-weight: 400\">Nous nous <\/span><span style=\"font-weight: 400\">sommes rendu compte qu\u2019il \u00e9tait plus int\u00e9ressant de placer la table devant plut\u00f4t que<\/span><span style=\"font-size: 1em\">\u00a0dans le dos. Ainsi, lorsque les gens \u00e9crivent leurs r\u00e9ponses, ils sont face \u00e0 celui qui porte la table, ce qui permet de maintenir le dialogue<\/span><\/p>\n<p><span style=\"font-size: 1em\">, d\u2019\u00e9changer plus facilement et de cr\u00e9er une meill<\/span><span style=\"font-size: 1em\">eure ambiance. La table s\u2019est donc retrouv\u00e9e positionn\u00e9e \u00e0 l\u2019avant.<\/span><\/p>\n<p><span style=\"font-weight: 400\">Enfin, sur la s<\/span><span style=\"font-weight: 400\">urface de la bo\u00eete table, nous avons ajout\u00e9 un<\/span><span style=\"font-size: 1em\">e pince fix\u00e9e avec des vis afin de maintenir les petites feuilles de r\u00e9ponses.<\/span><\/p>\n<p>&nbsp;<\/p>\n<p>&nbsp;<\/p>\n<p><span style=\"font-weight: 400\">-affiche<\/span><\/p>\n<p><span style=\"font-weight: 400\">La cr\u00e9ation de l\u2019affiche \u00e9tait un des \u00e9l\u00e9ments central du projet car c\u2019est sur elle que repose l&#8217;int\u00e9r\u00eat et la compr\u00e9hension de la question aupr\u00e8s des personnes du march\u00e9.\u00a0<\/span><\/p>\n<p><span style=\"font-weight: 400\">Nous avions initialement diff\u00e9rentes id\u00e9es comme le fait d&#8217;utiliser des pochoirs, coudre des lettres ou alors de les \u00e9crire \u00e0 la main. Nous avons finalement fait le choix de travailler cette derni\u00e8re en num\u00e9rique afin de pouvoir facilement et rapidement apporter des modifications et r\u00e9aliser un travail tr\u00e8s pr\u00e9cis. Cela s&#8217;est av\u00e9r\u00e9 tr\u00e8s utile car apr\u00e8s le premier prototype nous avons d\u00fb changer toute la question du \u00e0 des r\u00e9ponses inadapt\u00e9es. nous somme pass\u00e9 de la question \u201cle plaisir est il uniquement dans l\u2019assiette\u201d \u00e0 \u201cpour vous un bon repas c\u2019est\u2026..\u201d\u00a0<\/span><\/p>\n<p><span style=\"font-weight: 400\">cela nous a permis d\u2019avoir une question plus ouverte et donc d\u2019avoir des r\u00e9ponse plus personnel et <\/span><span style=\"font-size: 1em\">unique \u00e0 chaque personne\u00a0<\/span><\/p>\n<p><span style=\"font-weight: 400\">pour la cr\u00e9ation plus pr\u00e9cise de l\u2019affiche j\u2019ai du jou\u00e9 sur des contraste entre le jaune et le orange \u00e9tant donn\u00e9 que nous avions comme couleurs impos\u00e9 le jaun<\/span><span style=\"font-size: 1em\">e orang\u00e9. Il nous fallait \u00e9galement une typographie visible claire et qui collait avec la mani\u00e8re dont l\u2019on voulait parler et aborder les gens. Au d\u00e9but nous avions choisi une typo plus ronde mais nous ne l\u2019avions pas gard\u00e9 car elle ressemblait trop a la typographie de burger king ce qui ne collait pas avec notre d\u00e9marche. Nous avions \u00e9galement essay\u00e9 de mettre diff\u00e9rentes formes dans le fond de l\u2019affiche comme des formes de plantes mais en additionnant le mauvais typo et les couleurs du projets<\/span><\/p>\n<p><span style=\"font-size: 1em\">\u00a0on obtient une parfaite affiche pour un<\/span><span style=\"font-size: 1em\">e pub de fromage. C\u2019est \u00e0 ce moment-l\u00e0 que nous avons d\u00e9cid\u00e9 de changer aussi bien la typographie que la mani\u00e8re de faire l\u2019affiche. On a opt\u00e9 pour une typographie plus carr\u00e9 et impac<\/span><\/p>\n<p><img loading=\"lazy\" width=\"169\" height=\"300\" class=\"size-medium wp-image-13517 alignright\" src=\"https:\/\/www.lyceelecorbusier.eu\/dnmade-is\/wp-content\/uploads\/sites\/44\/2026\/04\/image-reponse-169x300.jpg\" alt=\"\" srcset=\"https:\/\/www.lyceelecorbusier.eu\/dnmade-is\/wp-content\/uploads\/sites\/44\/2026\/04\/image-reponse-169x300.jpg 169w, https:\/\/www.lyceelecorbusier.eu\/dnmade-is\/wp-content\/uploads\/sites\/44\/2026\/04\/image-reponse.jpg 440w\" sizes=\"(max-width: 169px) 100vw, 169px\" \/><\/p>\n<p><span style=\"font-size: 1em\">tante pour r\u00e9ellement attirer l&#8217;\u0153il des passants. nous avons \u00e9galement opt\u00e9 pour une mise en page plus lin\u00e9aire avec une bande au milieux en utilisant un jaune et un orange tr\u00e8s vif toujours pour attir\u00e9 l\u2019oeil. Les m\u00eames couleurs sont pr\u00e9sentes aussi bien pour la typo que pour la forme en inversant ces derni\u00e8res de sorte \u00e0 cr\u00e9er un contraste sans utiliser trop de couleurs diff\u00e9rentes.<\/span><\/p>\n<p>&nbsp;<\/p>\n<p><span style=\"font-weight: 400\">\u00a0-poteau<\/span><\/p>\n<p><span style=\"font-weight: 400\">La conception et la r\u00e9alisation de la structure de l\u2019affiche repr\u00e9sentent a<\/span><span style=\"font-weight: 400\">ussi un d\u00e9fi technique, car c\u2019est cette ossature qui devait assurer la mobilit\u00e9 de l\u2019affiche \u00e0 la fois la mobilit\u00e9, la stabilit\u00e9, la visibilit\u00e9, et la suffisance pour que tout puisse la voir. Au d\u00e9part, nous avions des id\u00e9es tr\u00e8s diff\u00e9rentes, comme utiliser du bois massif pour les poteaux et le cadre, afin d\u2019obtenir une structure solid<\/span><span style=\"font-weight: 400\">e. Finalement nous avons balay\u00e9 cette option car c\u2019est un cadre en bois, ce serait trop lourd \u00e0 transporter d\u2019un point \u00e0, \u00e0 un autre point du march\u00e9. Cependant, pour \u00e9viter l&#8217;aspect industriel et brut du plastique, j&#8217;ai r\u00e9alis\u00e9 un travail de finition important : chaque tube a \u00e9t\u00e9 minutieusement ponc\u00e9 puis peint en jaune vif pour s&#8217;accorder parfaitement<\/span><\/p>\n<p><img loading=\"lazy\" width=\"169\" height=\"300\" class=\"size-medium wp-image-13523 alignright\" src=\"https:\/\/www.lyceelecorbusier.eu\/dnmade-is\/wp-content\/uploads\/sites\/44\/2026\/04\/image-poteau-169x300.jpg\" alt=\"\" srcset=\"https:\/\/www.lyceelecorbusier.eu\/dnmade-is\/wp-content\/uploads\/sites\/44\/2026\/04\/image-poteau-169x300.jpg 169w, https:\/\/www.lyceelecorbusier.eu\/dnmade-is\/wp-content\/uploads\/sites\/44\/2026\/04\/image-poteau.jpg 440w\" sizes=\"(max-width: 169px) 100vw, 169px\" \/><\/p>\n<p><span style=\"font-weight: 400\">\u00a0\u00e0 notre charte graphique. Pour l&#8217;assemblage, j&#8217;ai utilis\u00e9 des vannes en PVC \u00e0 trois voies, ce qui m&#8217;<\/span><span style=\"font-size: 1em\">a permis de lier solidement les montants verticaux \u00e0 la barre horizontale tout en garantissant la rigidit\u00e9 de la structure. Ceci nous permettait d\u2019avoir une structure plus l\u00e9g\u00e8re, ce qui signifie qu\u2019elle est facilement mobile pour se d\u00e9placer autour du march\u00e9. Les mat\u00e9riaux l\u00e9gers sont pr\u00e9sents pour toute la structure ce qui \u00e0 permis de cr\u00e9er un support solide mais pas encombrant.<\/span><\/p>\n<p><span style=\"font-weight: 400\">-\u00e9chelle\u00a0\u00a0<\/span><\/p>\n<p><span style=\"font-weight: 400\">Au d\u00e9but, nous avions comme id\u00e9e de pr\u00e9senter les r\u00e9ponses sur une sorte d\u2019\u00e9tendoir \u00e0 l\u2019horizontal \u00e0 l\u2019aide de pinces. Le prototype de cette id\u00e9e a \u00e9t\u00e9 con\u00e7u par Manon. Il \u00e9tait constitu\u00e9 de deux manches en bois, reli\u00e9s entre eux par des fils o\u00f9 l\u2019on accrocher les r\u00e9ponses. Nous avons par la suite r\u00e9fl\u00e9chi \u00e0 l\u2019aspect pratique de l\u2019\u00e9tendoir. Cependant, ce mod\u00e8le n\u00e9cessitant deux personnes afin de tenir les deux manches en bois, nous avons d\u00e9cid\u00e9 de fusionner les modules de l\u2019\u00e9tendoir et celui du poteau tenant l\u2019affiche. Cela permettait enfin d\u2019avoir un module tenu par une seule personne, rendant \u00e9galement les r\u00e9ponses \u00e9tendues visibles de plus loin. Nous en sommes donc venu \u00e0 un poteau en forme de T, avec d\u2019un c\u00f4t\u00e9 l\u2019affiche, et de l\u2019autre une \u00e9chelle en corde avec des \u00e9chelons en bois, rempla\u00e7ant ainsi l\u2019\u00e9tendoir.\u00a0<\/span><\/p>\n<p>&nbsp;<\/p>\n<p><span style=\"font-weight: 400\">Nous sommes donc partis sur ce second mod\u00e8le. Pour concevoir l\u2019\u00e9chelle, nous avions besoin de corde, de tourillons de bois pour les \u00e9chelons ainsi que de trouver une m\u00e9thode pour faire des n\u0153uds le long de la cord<\/span><span style=\"font-size: 1em\">e qui tiendraient les tourillons assez fermement. Nous nous sommes d\u2019abord procur\u00e9 une corde de 10 m\u00e8tres de long, puis utilis\u00e9 les tourillons \u00e0 disposition dans notre salle pour tester les n\u0153uds. Nous avons finalement utilis\u00e9 cette m\u00e9thode :<\/span><\/p>\n<p>&nbsp;<\/p>\n<ol>\n<li style=\"font-weight: 400\"><span style=\"font-weight: 400\">Prendre la corde \u00e0 la verticale\u00a0<\/span><\/li>\n<li style=\"font-weight: 400\"><span style=\"font-weight: 400\">Former un rond en ramenant le haut sur le bas<\/span><\/li>\n<li style=\"font-weight: 400\"><span style=\"font-weight: 400\">Faire passer la corde d\u2019en haut dans ce m\u00eame rond<\/span><\/li>\n<li style=\"font-weight: 400\"><span style=\"font-weight: 400\">Mettre le tourillon dans la corde passant dans le rond\u00a0<\/span><\/li>\n<li style=\"font-weight: 400\"><span style=\"font-weight: 400\">Serrer en haut et en bas<\/span><\/li>\n<\/ol>\n<p><span style=\"font-weight: 400\">Nous avons ensuite achet\u00e9 suffisamment de tourillons pour finaliser l\u2019\u00e9chelle. Sachant que nous voulions des tourillons d\u2019environ 40 centim\u00e8tres au vu de la place disponible sur notre poteau, nous en avons achet\u00e9 6 mesurant chacun 1 m\u00e8tre de long et 1,2 centim\u00e8tres de diam\u00e8tre qu\u2019il suffisait de couper pour mettre \u00e0 la bonne taille. Apr\u00e8s les avoir coup\u00e9s \u00e0 l\u2019aide d\u2019une scie \u00e0 ruban, d\u2019une scie \u00e9go\u00efne et d\u2019une scie japonaise, nous avons \u00e9galement la corde de sorte \u00e0 en avoir 2, chacune mesurant 5 m\u00e8tres de long.\u00a0<\/span><\/p>\n<p><span style=\"font-weight: 400\">Apr\u00e8s avoir finalement fabriqu\u00e9 la corde, nous nous sommes rendu compte que les tourillons ne tenaient pas dans les n\u0153uds \u00e0 cause de l\u2019\u00e9paisseur de la corde qui ne permettait pas de bien serrer. Nous avons donc cr\u00e9\u00e9 de l\u00e9g\u00e8res encoches dans les tourillons \u00e0 l\u2019aide d\u2019une lime pour que la corde s\u2019accroche dedans. Enfin, pour s\u2019assurer de la teneur des tourillons, nous avons appliqu\u00e9 l\u00e9g\u00e8rement de colle \u00e0 bois dans les n\u0153uds pour \u00e9viter tout glissement potentiel. Nous avons finalement lim\u00e9 le poteau aussi pour s\u2019assurer que l\u2019\u00e9chelle n\u2019en tomberait pas.\u00a0<\/span><\/p>\n<p>&nbsp;<\/p>\n<p><span style=\"font-weight: 400\">-utilisation d<\/span><span style=\"font-size: 1em\">es module durant le march\u00e9<\/span><\/p>\n<p>&nbsp;<\/p>\n<p><span style=\"font-weight: 400\">Nous avons utilis\u00e9 le module \u00e0 deux reprises durant deux march\u00e9s diff\u00e9rents. La premi\u00e8re utilisation ce fut un mercredi midi au march\u00e9 de la place de l\u2019illiade. Nous ne sommes pas rest\u00e9s tr\u00e8s longtemps mais nous avons quand m\u00eame eu de nombreuses r\u00e9ponses qui ont toutes \u00e9t\u00e9 int\u00e9ressantes en allant des enfants interrog\u00e9s au senior tout en passant par les commer\u00e7ants. Cependant nous n\u2019avons pas pu utiliser \u00e0 son plein potentiel la table car vu le trop bas nombre de personne <\/span><span style=\"font-size: 1em\">pr\u00e9sente nous avons principalement interrog\u00e9 les commer\u00e7ants, ils ne pouvaient donc pas utiliser la table car cela demandait de quitter leur stand.\u00a0<\/span><\/p>\n<p><span style=\"font-weight: 400\">Nous avons donc modifi\u00e9 cela le samedi pour nous concentrer sur les clients donc sur les personnes qui peuvent utiliser la table. Le samedi nous \u00e9tions deux \u00e0 utiliser le module mais cela ne nous \u00e0 pas emp\u00each\u00e9 d&#8217;aborder un grand nombre de personnes.<img loading=\"lazy\" width=\"169\" height=\"300\" class=\"size-medium wp-image-13516 alignright\" src=\"https:\/\/www.lyceelecorbusier.eu\/dnmade-is\/wp-content\/uploads\/sites\/44\/2026\/04\/image-disscusion-169x300.jpg\" alt=\"\" srcset=\"https:\/\/www.lyceelecorbusier.eu\/dnmade-is\/wp-content\/uploads\/sites\/44\/2026\/04\/image-disscusion-169x300.jpg 169w, https:\/\/www.lyceelecorbusier.eu\/dnmade-is\/wp-content\/uploads\/sites\/44\/2026\/04\/image-disscusion.jpg 440w\" sizes=\"(max-width: 169px) 100vw, 169px\" \/><\/span><\/p>\n<p><span style=\"font-weight: 400\">Nous avons eux un grand nombre de r\u00e9ponses uniques en touchant m\u00eame \u00e0 l&#8217;international en ayant notamment une r\u00e9ponse d\u2019une touriste am\u00e9ricaine ce qui nous \u00e0 permis de remarquer qu\u2019il leur faut les m\u00eames choses pour avoir un bon repas tout autour du globe et cela peut se r\u00e9sumer en deux cat\u00e9gories. il y\u2019a soit les personnes qui auront besoin de certaines choses dans leur assiette comme un repas \u00e9quilibr\u00e9 ou alors un plats en particulier qui sera leur plats de confort. Il y\u2019a une autre cat\u00e9gorie, ce sont les personnes qui ont besoin d\u2019un contexte pr\u00e9cis pour passer un bon repas peu importe ce qu\u2019il y\u2019aura dans leur assiette comme passer un moment en famille ou entre amis cela leur permet de passer un bon repas.\u00a0<\/span><\/p>\n<p>&nbsp;<\/p>\n<p><span style=\"font-weight: 400\">D\u2019une mani\u00e8re g\u00e9n\u00e9rale, nous avons pu parler \u00e0 beaucoup de personnes diff\u00e9rentes qui nous ont presque tous racont\u00e9 leurs histoires, leur vie et leur pr\u00e9f\u00e9rence gustative ce qui a men\u00e9 \u00e0 de grandes discussions toutes tr\u00e8s int\u00e9ressantes.\u00a0<\/span><\/p>\n<p><span style=\"font-weight: 400\">Notre groupe \u00e9tait tellement voyant que nous avons m\u00eame \u00e9t\u00e9 forc\u00e9s de partir du march\u00e9 par les personnes qui le g\u00e9raient mais cela ne nous \u00e0 pas emp\u00each\u00e9 de r\u00e9colter et rassembl\u00e9 une grande vari\u00e9t\u00e9 de r\u00e9ponses toute int\u00e9ressantes.\u00a0\u00a0<\/span><\/p>\n<p>&nbsp;<\/p>\n<p><span style=\"font-weight: 400\">interpr\u00e9tation des r\u00e9ponses :\u00a0<\/span><\/p>\n<p>&nbsp;<\/p>\n<p><span style=\"font-weight: 400\">comme dis pr\u00e9c\u00e9demment on peut cat\u00e9goriser les r\u00e9ponses que l\u2019on \u00e0 en deux cat\u00e9gories. ceux qui ont besoin de certaines choses pr\u00e9cises dans l\u2019assiette et ceux qui ont besoin d\u2019un contexte.\u00a0<\/span><\/p>\n<p>&nbsp;<\/p>\n<p><span style=\"font-weight: 400\">En premier, parlons des personnes qui passent un bon repas en fonction de ce qu\u2019il ont dans l\u2019assiette. On peut voir ici que certaine personne ont donn\u00e9 leur plats favori comme une c\u00f4te de b\u0153uf avec des pommes de terre et du vin, la c\u00f4te de b\u0153uf est d\u2019ailleurs revenu plusieurs fois ce qui peut nous amener au faite que cette derni\u00e8re est plus de l\u2019ordre de l&#8217;exception contrairement \u00e0 d\u2019autre morceau de viande ou d\u2019autre type de viande, on retrouve plus souvent ce type de pi\u00e8ce dans les restaurant ce qui sera affili\u00e9 la plupart du temps \u00e0 un bon repas. D&#8217;autres personnes ont \u00e9galement mis un certain type de plats, par exemple le fait de manger un repas \u00e9quilibr\u00e9 est plusieurs fois revenu dans les r\u00e9ponses, cela montre que peu importe les ingr\u00e9dients pr\u00e9cis on passera un bon repas si l\u2019on mange \u00e9quilibr\u00e9 du point de vue de ces personnes. Cela montre aussi que ces personnes l\u00e0 ne le font pas forc\u00e9ment \u00e0 tous les repas que ce soit car ils ne veulent pas ou ne peuvent pas ce qui soul\u00e8ve une autre question cette fois c\u2019est la possibilit\u00e9 de manger sainement en fonction du contexte de vie que l\u2019on \u00e0, tous le monde ne peut pas se permettre de manger des l\u00e9gumes de saison et local \u00e0 tous les repas on doit faire des sacrifice plus ou moins important en fonction de la personne ce qui cr\u00e9e l&#8217;exception d\u2019un repas sains et donc le faite que ce soit un bon repas\u00a0\u00a0<\/span><\/p>\n<p>&nbsp;<\/p>\n<p><span style=\"font-weight: 400\">Pour parler de l\u2019autre type de r\u00e9ponse qui ce base plus sur le contexte ou l\u2019on mange le repas. L\u2019essentiel des r\u00e9ponses parle soit de la famille soit des amis pr\u00e9sents durant le repas. On peut donc comprendre que pour ces personnes pass\u00e9 un moment avec leur famille ou leurs amis autour d\u2019un repas qu\u2019importe ce qu\u2019il y\u2019a dans l\u2019assiette leur permet de passer un bon repas. Les diff\u00e9rentes discussions moment de rire ou simplement la pr\u00e9sence des autres personnes sont donc le plus important aux yeux de ces personnes. Mais cela peut \u00e9galement montrer que ces personnes n\u2019ont pas forc\u00e9ment l\u2019occasion de voir ou revoir leur amis\/famille \u00e0 part durant un repas. Ce qui est malheureusement le cas pour \u00e9norm\u00e9ment de personne, beaucoup de monde ne voit plus leur famille ou ami en dehors d\u2019un repas organis\u00e9 et cela montre que de nos jour on ne s\u2019accorde plus forc\u00e9ment le temps de simplement all\u00e9 voir notre famille sans raison particuli\u00e8re juste pour le faite d&#8217;aller les voir, on a besoin d\u2019un pr\u00e9texte autre que le plaisir de voir pour voir les gens qu\u2019on aime.\u00a0<\/span><\/p>\n<p>&nbsp;<\/p>\n<p><span style=\"font-weight: 400\">aspect visuel du module :\u00a0<\/span><\/p>\n<p>&nbsp;<\/p>\n<p><span style=\"font-weight: 400\">le module \u00e0 un aspect visuel clair qui de par sa forme ram\u00e8ne au drapeau et au pancarte que l\u2019on peut retrouver dans les manifestations par diff\u00e9rentes mani\u00e8res. Premi\u00e8rement, la typographie, elle est tr\u00e8s impactante et visible de loin, les couleurs sont tr\u00e8s contrast\u00e9es et satur\u00e9es pour \u00eatre visible de loin afin d&#8217;attirer les personne et piqu\u00e9 leur curiosit\u00e9 de sorte \u00e0 ce qu\u2019ils viennent r\u00e9pondre \u00e0 nos question. Ce sont des codes que l\u2019on retrouve sur les pancartes de manifestation qui sont cr\u00e9\u00e9es et \u00e9crites de sorte \u00e0 ce que l\u2019on soit vu et entendu et que cela fasse r\u00e9agir.\u00a0<\/span><\/p>\n<p><span style=\"font-weight: 400\">La forme du poteau quant \u00e0 elle est tr\u00e8s simple mais garde la couleur vive pour ne pas que l\u2019on passe du temps \u00e0 s&#8217;int\u00e9resser \u00e0 \u00e7a forme, de cette mani\u00e8re on va en priorit\u00e9 se concentrer sur la question, les r\u00e9ponses, et la discussion.\u00a0<\/span><\/p>\n<p><span style=\"font-weight: 400\">Maintenant l&#8217;\u00e9chelle de corde qui soutient les r\u00e9ponses permet de pr\u00e9senter ces derni\u00e8res de diff\u00e9rentes mani\u00e8res. On peut la tenir pour cr\u00e9er une sorte de pont ou alors l&#8217;enrouler autour du poteau pour cr\u00e9er comme un deuxi\u00e8me drapeau, c\u2019est cette deuxi\u00e8me version qui a \u00e9t\u00e9 utilis\u00e9 au march\u00e9 et elle permet une chose simple qui est que durant la discussion les personne peuvent lire les r\u00e9ponse pr\u00e9c\u00e9dentes et potentiellement rebondir dessus ou se rendre compte que d\u2019autre personne pense comme eux ce qui cr\u00e9e un lien invisible entre deux parfait inconnu, de plus si l\u2019on accroche suffisamment de r\u00e9ponse cela vas cr\u00e9er un autre drapeau qui reprend les couleurs du premier et donc cr\u00e9\u00e9 un v\u00e9ritable lien entre la r\u00e9ponse et la question qui se rejoins maintenant aussi bien dans le fond que la forme<\/span><\/p>\n<p><a href=\"https:\/\/www.lyceelecorbusier.eu\/dnmade-is\/wp-admin\/post.php?post=13526&amp;action=edit\">Carnet de bord Paul Postif<\/a><\/p>\n<p>&nbsp;<\/p>\n","protected":false},"excerpt":{"rendered":"<p>\u00a0 Le projet dans les grandes ligne :\u00a0 &#8211;\u00a0 cr\u00e9er un module qui am\u00e8nera \u00e0 engager une discussion avec des inconnus dans la rue autour de diff\u00e9rents sujets sur l\u2019alimentation dans le contexte d\u2019un march\u00e9 de Strasbourg. &nbsp;&#8230; <a class=\"read-more\" href=\"https:\/\/www.lyceelecorbusier.eu\/dnmade-is\/?p=13512\">Lire la suite&#8230;<\/a><\/p>\n","protected":false},"author":429,"featured_media":13515,"comment_status":"closed","ping_status":"closed","sticky":false,"template":"","format":"image","meta":[],"categories":[91,42],"tags":[],"_links":{"self":[{"href":"https:\/\/www.lyceelecorbusier.eu\/dnmade-is\/index.php?rest_route=\/wp\/v2\/posts\/13512"}],"collection":[{"href":"https:\/\/www.lyceelecorbusier.eu\/dnmade-is\/index.php?rest_route=\/wp\/v2\/posts"}],"about":[{"href":"https:\/\/www.lyceelecorbusier.eu\/dnmade-is\/index.php?rest_route=\/wp\/v2\/types\/post"}],"author":[{"embeddable":true,"href":"https:\/\/www.lyceelecorbusier.eu\/dnmade-is\/index.php?rest_route=\/wp\/v2\/users\/429"}],"replies":[{"embeddable":true,"href":"https:\/\/www.lyceelecorbusier.eu\/dnmade-is\/index.php?rest_route=%2Fwp%2Fv2%2Fcomments&post=13512"}],"version-history":[{"count":9,"href":"https:\/\/www.lyceelecorbusier.eu\/dnmade-is\/index.php?rest_route=\/wp\/v2\/posts\/13512\/revisions"}],"predecessor-version":[{"id":13529,"href":"https:\/\/www.lyceelecorbusier.eu\/dnmade-is\/index.php?rest_route=\/wp\/v2\/posts\/13512\/revisions\/13529"}],"wp:featuredmedia":[{"embeddable":true,"href":"https:\/\/www.lyceelecorbusier.eu\/dnmade-is\/index.php?rest_route=\/wp\/v2\/media\/13515"}],"wp:attachment":[{"href":"https:\/\/www.lyceelecorbusier.eu\/dnmade-is\/index.php?rest_route=%2Fwp%2Fv2%2Fmedia&parent=13512"}],"wp:term":[{"taxonomy":"category","embeddable":true,"href":"https:\/\/www.lyceelecorbusier.eu\/dnmade-is\/index.php?rest_route=%2Fwp%2Fv2%2Fcategories&post=13512"},{"taxonomy":"post_tag","embeddable":true,"href":"https:\/\/www.lyceelecorbusier.eu\/dnmade-is\/index.php?rest_route=%2Fwp%2Fv2%2Ftags&post=13512"}],"curies":[{"name":"wp","href":"https:\/\/api.w.org\/{rel}","templated":true}]}}