{"id":11671,"date":"2025-01-21T16:56:15","date_gmt":"2025-01-21T15:56:15","guid":{"rendered":"https:\/\/www.lyceelecorbusier.eu\/dnmade-is\/?p=11671"},"modified":"2025-03-29T11:41:08","modified_gmt":"2025-03-29T10:41:08","slug":"seerosenbourg-entends-tu-sonner-la-terre","status":"publish","type":"post","link":"https:\/\/www.lyceelecorbusier.eu\/dnmade-is\/?p=11671","title":{"rendered":"Seerosenbourg &#8211; Entends-tu sonner la terre?"},"content":{"rendered":"<p><!--more--><\/p>\n<p>Nous avons r\u00e9alis\u00e9s un projet de design fiction dans lequel, nous avons imagin\u00e9 Strasbourg en 2054, une ville rebaptis\u00e9e <strong>Seerosenbourg<\/strong>, profond\u00e9ment transform\u00e9e par la mont\u00e9e des eaux. Ce projet, alliant narration et conception d\u2019objets, nous a permis de donner vie \u00e0 une vision futuriste et solidaire d\u2019une soci\u00e9t\u00e9 r\u00e9invent\u00e9e face aux d\u00e9fis climatiques.<\/p>\n<p>En 2054, Strasbourg, submerg\u00e9e par la mont\u00e9e des eaux, est devenue Seerosenbourg, une cit\u00e9 aquatique et r\u00e9siliente o\u00f9 la solidarit\u00e9 et l\u2019adaptation durable sont au c\u0153ur du quotidien. Cette transformation radicale, n\u00e9e d\u2019une catastrophe naturelle majeure, a donn\u00e9 lieu \u00e0 de nouvelles fa\u00e7ons de vivre, de travailler et de partager. Au centre de cette m\u00e9tamorphose se trouve la cath\u00e9drale, ancien symbole de Strasbourg, d\u00e9sormais d\u00e9sacralis\u00e9e et reconvertie en \u00e9picentre des \u00e9changes et de la coop\u00e9ration. Ce lieu embl\u00e9matique est le c\u0153ur battant de Seerosenbourg, o\u00f9 les habitants se rassemblent pour partager des ressources, commercer, et perp\u00e9tuer les traditions de la ville. On y retrouve Le march\u00e9 central, o\u00f9 les produits cultiv\u00e9s sur les toits et les poissons p\u00each\u00e9s dans les canaux sont \u00e9chang\u00e9s. C\u2019est ici que les habitants r\u00e9cup\u00e8rent leurs repas et que la vie \u00e9conomique bat son plein. La poissonnerie de la Krutenau, situ\u00e9e au premier \u00e9tage, qui alimente la ville en poisson frais. Et les stations de t\u00e9l\u00e9ph\u00e9rique, plac\u00e9es sur le toit, qui relient les diff\u00e9rents quartiers de Seerosenbourg, facilitant la mobilit\u00e9 au sein de cette ville aquatique.<\/p>\n<p><span style=\"font-size: 18pt\">Des objets pour raconter un futur<\/span><\/p>\n<p style=\"text-align: right\"><strong>La lanterne flottante<\/strong> : Confectionn\u00e9e \u00e0 partir de bois recycl\u00e9 et de tissu, cette lanterne est con\u00e7ue pour la veill\u00e9e de l\u2019Orisha, un rituel annuel en hommage aux victimes de la Grande Crue. Chaque lanterne, d\u00e9pos\u00e9e sur les canaux, incarne un v\u0153u ou une pri\u00e8re.<\/p>\n<p><img loading=\"lazy\" width=\"225\" height=\"300\" class=\"size-medium wp-image-11676 alignright\" src=\"https:\/\/www.lyceelecorbusier.eu\/dnmade-is\/wp-content\/uploads\/sites\/44\/2025\/01\/lanterne-225x300.png\" alt=\"\" srcset=\"https:\/\/www.lyceelecorbusier.eu\/dnmade-is\/wp-content\/uploads\/sites\/44\/2025\/01\/lanterne-225x300.png 225w, https:\/\/www.lyceelecorbusier.eu\/dnmade-is\/wp-content\/uploads\/sites\/44\/2025\/01\/lanterne.png 346w\" sizes=\"(max-width: 225px) 100vw, 225px\" \/><\/p>\n<p>&nbsp;<\/p>\n<p>&nbsp;<\/p>\n<p>&nbsp;<\/p>\n<p>&nbsp;<\/p>\n<p>&nbsp;<\/p>\n<p>&nbsp;<\/p>\n<p><strong>Le petit sac \u00e0 repas<\/strong> : Pratique et d\u00e9coratif, ce sac est utilis\u00e9 pour transporter les repas collectifs r\u00e9cup\u00e9r\u00e9s \u00e0 la cath\u00e9drale, d\u00e9sormais centre \u00e9conomique et social de la ville. Il porte le symbole du nymph\u00e9a, embl\u00e8me de Seerosenbourg.<\/p>\n<p><img loading=\"lazy\" width=\"225\" height=\"300\" class=\"alignnone size-medium wp-image-11678\" src=\"https:\/\/www.lyceelecorbusier.eu\/dnmade-is\/wp-content\/uploads\/sites\/44\/2025\/01\/sac-repas-225x300.png\" alt=\"\" srcset=\"https:\/\/www.lyceelecorbusier.eu\/dnmade-is\/wp-content\/uploads\/sites\/44\/2025\/01\/sac-repas-225x300.png 225w, https:\/\/www.lyceelecorbusier.eu\/dnmade-is\/wp-content\/uploads\/sites\/44\/2025\/01\/sac-repas.png 346w\" sizes=\"(max-width: 225px) 100vw, 225px\" \/><\/p>\n<p><strong>Tampon officiel de la ville :<\/strong><\/p>\n<p><strong><img loading=\"lazy\" width=\"225\" height=\"300\" class=\"alignnone size-medium wp-image-11679\" src=\"https:\/\/www.lyceelecorbusier.eu\/dnmade-is\/wp-content\/uploads\/sites\/44\/2025\/01\/tampon-ville_-225x300.png\" alt=\"\" srcset=\"https:\/\/www.lyceelecorbusier.eu\/dnmade-is\/wp-content\/uploads\/sites\/44\/2025\/01\/tampon-ville_-225x300.png 225w, https:\/\/www.lyceelecorbusier.eu\/dnmade-is\/wp-content\/uploads\/sites\/44\/2025\/01\/tampon-ville_.png 231w\" sizes=\"(max-width: 225px) 100vw, 225px\" \/><\/strong><\/p>\n<p>&nbsp;<\/p>\n<p>&nbsp;<\/p>\n","protected":false},"excerpt":{"rendered":"","protected":false},"author":413,"featured_media":0,"comment_status":"closed","ping_status":"closed","sticky":false,"template":"","format":"standard","meta":[],"categories":[74,77],"tags":[],"_links":{"self":[{"href":"https:\/\/www.lyceelecorbusier.eu\/dnmade-is\/index.php?rest_route=\/wp\/v2\/posts\/11671"}],"collection":[{"href":"https:\/\/www.lyceelecorbusier.eu\/dnmade-is\/index.php?rest_route=\/wp\/v2\/posts"}],"about":[{"href":"https:\/\/www.lyceelecorbusier.eu\/dnmade-is\/index.php?rest_route=\/wp\/v2\/types\/post"}],"author":[{"embeddable":true,"href":"https:\/\/www.lyceelecorbusier.eu\/dnmade-is\/index.php?rest_route=\/wp\/v2\/users\/413"}],"replies":[{"embeddable":true,"href":"https:\/\/www.lyceelecorbusier.eu\/dnmade-is\/index.php?rest_route=%2Fwp%2Fv2%2Fcomments&post=11671"}],"version-history":[{"count":10,"href":"https:\/\/www.lyceelecorbusier.eu\/dnmade-is\/index.php?rest_route=\/wp\/v2\/posts\/11671\/revisions"}],"predecessor-version":[{"id":12051,"href":"https:\/\/www.lyceelecorbusier.eu\/dnmade-is\/index.php?rest_route=\/wp\/v2\/posts\/11671\/revisions\/12051"}],"wp:attachment":[{"href":"https:\/\/www.lyceelecorbusier.eu\/dnmade-is\/index.php?rest_route=%2Fwp%2Fv2%2Fmedia&parent=11671"}],"wp:term":[{"taxonomy":"category","embeddable":true,"href":"https:\/\/www.lyceelecorbusier.eu\/dnmade-is\/index.php?rest_route=%2Fwp%2Fv2%2Fcategories&post=11671"},{"taxonomy":"post_tag","embeddable":true,"href":"https:\/\/www.lyceelecorbusier.eu\/dnmade-is\/index.php?rest_route=%2Fwp%2Fv2%2Ftags&post=11671"}],"curies":[{"name":"wp","href":"https:\/\/api.w.org\/{rel}","templated":true}]}}