{"id":11471,"date":"2024-12-20T22:01:43","date_gmt":"2024-12-20T21:01:43","guid":{"rendered":"https:\/\/www.lyceelecorbusier.eu\/dnmade-is\/?p=11471"},"modified":"2025-01-07T09:13:34","modified_gmt":"2025-01-07T08:13:34","slug":"le-contpas-la-danse-de-la-foret","status":"publish","type":"post","link":"https:\/\/www.lyceelecorbusier.eu\/dnmade-is\/?p=11471","title":{"rendered":"Le cont&#8217;pas &#8211; la danse de la for\u00eat"},"content":{"rendered":"<p><!--more--><\/p>\n<p><span style=\"font-weight: 400\">Lors de notre voyage \u00e0 <strong>Soultzerkopf<\/strong> du 7 au 11 octobre, nous avons pass\u00e9 un s\u00e9jour de 5 jours en compagnie de professeurs, la classe des 2\u00e8me ann\u00e9e d\u2019innovation sociale et notre classe de premi\u00e8re ann\u00e9e.<\/span><\/p>\n<p><span style=\"font-weight: 400\">Pendant ces 5 jours, l\u2019association SINE (Strasbourg Initiation Nature Environnement) nous a initi\u00e9 aux techniques de travaux manuels du bois. Nous avons appris \u00e0 utiliser des scies, des haches, des bancs \u00e0 planer\u2026 Nous avons \u00e9galement \u00e9t\u00e9 initi\u00e9 \u00e0 la vannerie.\u00a0<\/span><\/p>\n<p><span style=\"font-weight: 400\">Vers la fin de la semaine, nous avons constitu\u00e9 des groupes pour cr\u00e9er un outil \u00e0 taille humaine pour tracer, laisser une trace, mais \u00e9galement d&#8217;utiliser les \u00e9l\u00e9ments de la nature environnante pour r\u00e9aliser l&#8217;outils. La contrainte de notre groupe \u00e9tait d&#8217;avoir un syst\u00e8me de pivot. Nous l&#8217;avons appel\u00e9 le cont&#8217;pas.\u00a0<\/span><\/p>\n<p><img loading=\"lazy\" width=\"300\" height=\"300\" class=\"alignnone size-medium wp-image-11609\" src=\"https:\/\/www.lyceelecorbusier.eu\/dnmade-is\/wp-content\/uploads\/sites\/44\/2024\/12\/croquis-300x300.png\" alt=\"\" srcset=\"https:\/\/www.lyceelecorbusier.eu\/dnmade-is\/wp-content\/uploads\/sites\/44\/2024\/12\/croquis-300x300.png 300w, https:\/\/www.lyceelecorbusier.eu\/dnmade-is\/wp-content\/uploads\/sites\/44\/2024\/12\/croquis-150x150.png 150w, https:\/\/www.lyceelecorbusier.eu\/dnmade-is\/wp-content\/uploads\/sites\/44\/2024\/12\/croquis.png 585w\" sizes=\"(max-width: 300px) 100vw, 300px\" \/>\u00a0<img loading=\"lazy\" width=\"225\" height=\"300\" class=\"alignnone size-medium wp-image-11537\" style=\"font-size: 1em\" src=\"https:\/\/www.lyceelecorbusier.eu\/dnmade-is\/wp-content\/uploads\/sites\/44\/2024\/12\/TOTAL-225x300.png\" alt=\"\" srcset=\"https:\/\/www.lyceelecorbusier.eu\/dnmade-is\/wp-content\/uploads\/sites\/44\/2024\/12\/TOTAL-225x300.png 225w, https:\/\/www.lyceelecorbusier.eu\/dnmade-is\/wp-content\/uploads\/sites\/44\/2024\/12\/TOTAL.png 500w\" sizes=\"(max-width: 225px) 100vw, 225px\" \/><\/p>\n<p><span style=\"font-weight: 400\">No<\/span><span style=\"font-size: 1em\">us avon<\/span><span style=\"font-size: 1em\">s taill\u00e9 un piquet et fait des encoches pour attacher les tresses en joncs qui per<\/span><span style=\"font-size: 1em\">mettaient de guider la trajectoire comme un compas.\u00a0<\/span><\/p>\n<p><img loading=\"lazy\" class=\"alignnone wp-image-11631 size-medium\" src=\"https:\/\/www.lyceelecorbusier.eu\/dnmade-is\/wp-content\/uploads\/sites\/44\/2024\/12\/poteau-r-212x300.png\" alt=\"\" width=\"212\" height=\"300\" srcset=\"https:\/\/www.lyceelecorbusier.eu\/dnmade-is\/wp-content\/uploads\/sites\/44\/2024\/12\/poteau-r-212x300.png 212w, https:\/\/www.lyceelecorbusier.eu\/dnmade-is\/wp-content\/uploads\/sites\/44\/2024\/12\/poteau-r.png 362w\" sizes=\"(max-width: 212px) 100vw, 212px\" \/>\u00a0 \u00a0 <img loading=\"lazy\" width=\"243\" height=\"300\" class=\"alignnone size-medium wp-image-11611\" src=\"https:\/\/www.lyceelecorbusier.eu\/dnmade-is\/wp-content\/uploads\/sites\/44\/2024\/12\/tresse-243x300.png\" alt=\"\" srcset=\"https:\/\/www.lyceelecorbusier.eu\/dnmade-is\/wp-content\/uploads\/sites\/44\/2024\/12\/tresse-243x300.png 243w, https:\/\/www.lyceelecorbusier.eu\/dnmade-is\/wp-content\/uploads\/sites\/44\/2024\/12\/tresse.png 533w\" sizes=\"(max-width: 243px) 100vw, 243px\" \/>\u00a0 \u00a0 <img loading=\"lazy\" class=\"alignnone wp-image-11612 size-medium\" src=\"https:\/\/www.lyceelecorbusier.eu\/dnmade-is\/wp-content\/uploads\/sites\/44\/2024\/12\/harnais-e1734696335202-225x300.png\" alt=\"\" width=\"225\" height=\"300\" srcset=\"https:\/\/www.lyceelecorbusier.eu\/dnmade-is\/wp-content\/uploads\/sites\/44\/2024\/12\/harnais-e1734696335202-225x300.png 225w, https:\/\/www.lyceelecorbusier.eu\/dnmade-is\/wp-content\/uploads\/sites\/44\/2024\/12\/harnais-e1734696335202.png 513w\" sizes=\"(max-width: 225px) 100vw, 225px\" \/><\/p>\n<p><span style=\"font-size: 1em\">Il fallait ensuite chausser les sandalettes et les tremper, dans la peinture ou dans la boue avant de laisser une trace tout en suivant le rythme de la nature. Pour cela nous avons taill\u00e9 puis grav\u00e9 des plaques de bois. Et nous avons ajout\u00e9 du li\u00e8ge pour former la trace.\u00a0<\/span><\/p>\n<p><img loading=\"lazy\" width=\"225\" height=\"300\" class=\"size-medium wp-image-11527 alignnone\" style=\"font-size: 1em\" src=\"https:\/\/www.lyceelecorbusier.eu\/dnmade-is\/wp-content\/uploads\/sites\/44\/2024\/12\/EMPREINTE-225x300.png\" alt=\"\" srcset=\"https:\/\/www.lyceelecorbusier.eu\/dnmade-is\/wp-content\/uploads\/sites\/44\/2024\/12\/EMPREINTE-225x300.png 225w, https:\/\/www.lyceelecorbusier.eu\/dnmade-is\/wp-content\/uploads\/sites\/44\/2024\/12\/EMPREINTE.png 500w\" sizes=\"(max-width: 225px) 100vw, 225px\" \/>\u00a0 \u00a0<img loading=\"lazy\" class=\"alignnone wp-image-11632 \" src=\"https:\/\/www.lyceelecorbusier.eu\/dnmade-is\/wp-content\/uploads\/sites\/44\/2024\/12\/pied-r-300x265.png\" alt=\"\" width=\"340\" height=\"300\" srcset=\"https:\/\/www.lyceelecorbusier.eu\/dnmade-is\/wp-content\/uploads\/sites\/44\/2024\/12\/pied-r-300x265.png 300w, https:\/\/www.lyceelecorbusier.eu\/dnmade-is\/wp-content\/uploads\/sites\/44\/2024\/12\/pied-r.png 495w\" sizes=\"(max-width: 340px) 100vw, 340px\" \/><\/p>\n<p><span style=\"font-weight: 400\">Les sons de la nature devenant une l\u00e9g\u00e8re musique de fond, avec laquelle nous avons pu marcher, danser, sauter dans le rythme de la nature.<\/span><\/p>\n<p style=\"text-align: right\"><em>Projet par Vanessa et Ello\u00efse (IS 2), Luiza et <span style=\"font-size: 1em\">Joanna (IS 1)<\/span><\/em><\/p>\n","protected":false},"excerpt":{"rendered":"","protected":false},"author":410,"featured_media":11509,"comment_status":"closed","ping_status":"closed","sticky":false,"template":"","format":"standard","meta":[],"categories":[74,75],"tags":[],"_links":{"self":[{"href":"https:\/\/www.lyceelecorbusier.eu\/dnmade-is\/index.php?rest_route=\/wp\/v2\/posts\/11471"}],"collection":[{"href":"https:\/\/www.lyceelecorbusier.eu\/dnmade-is\/index.php?rest_route=\/wp\/v2\/posts"}],"about":[{"href":"https:\/\/www.lyceelecorbusier.eu\/dnmade-is\/index.php?rest_route=\/wp\/v2\/types\/post"}],"author":[{"embeddable":true,"href":"https:\/\/www.lyceelecorbusier.eu\/dnmade-is\/index.php?rest_route=\/wp\/v2\/users\/410"}],"replies":[{"embeddable":true,"href":"https:\/\/www.lyceelecorbusier.eu\/dnmade-is\/index.php?rest_route=%2Fwp%2Fv2%2Fcomments&post=11471"}],"version-history":[{"count":13,"href":"https:\/\/www.lyceelecorbusier.eu\/dnmade-is\/index.php?rest_route=\/wp\/v2\/posts\/11471\/revisions"}],"predecessor-version":[{"id":11655,"href":"https:\/\/www.lyceelecorbusier.eu\/dnmade-is\/index.php?rest_route=\/wp\/v2\/posts\/11471\/revisions\/11655"}],"wp:featuredmedia":[{"embeddable":true,"href":"https:\/\/www.lyceelecorbusier.eu\/dnmade-is\/index.php?rest_route=\/wp\/v2\/media\/11509"}],"wp:attachment":[{"href":"https:\/\/www.lyceelecorbusier.eu\/dnmade-is\/index.php?rest_route=%2Fwp%2Fv2%2Fmedia&parent=11471"}],"wp:term":[{"taxonomy":"category","embeddable":true,"href":"https:\/\/www.lyceelecorbusier.eu\/dnmade-is\/index.php?rest_route=%2Fwp%2Fv2%2Fcategories&post=11471"},{"taxonomy":"post_tag","embeddable":true,"href":"https:\/\/www.lyceelecorbusier.eu\/dnmade-is\/index.php?rest_route=%2Fwp%2Fv2%2Ftags&post=11471"}],"curies":[{"name":"wp","href":"https:\/\/api.w.org\/{rel}","templated":true}]}}