{"id":11021,"date":"2024-05-22T10:17:06","date_gmt":"2024-05-22T08:17:06","guid":{"rendered":"https:\/\/www.lyceelecorbusier.eu\/dnmade-is\/?p=11021"},"modified":"2024-10-16T11:01:00","modified_gmt":"2024-10-16T09:01:00","slug":"lecture-dans-le-noir","status":"publish","type":"post","link":"https:\/\/www.lyceelecorbusier.eu\/dnmade-is\/?p=11021","title":{"rendered":"Lecture dans le noir"},"content":{"rendered":"<p><!--more--><span style=\"font-weight: 400;\">En d\u00e9cembre 2023, la classe 1 MELEC (M\u00e9tiers de l\u2019\u00c9lectricit\u00e9 et des Environnements Connect\u00e9s) nous a contact\u00e9 afin d\u2019int\u00e9grer notre classe dans un de leur projet. Ils avaient pour objectif de concevoir une exposition sur le th\u00e8me des lectures dans le noir. Ce projet leur a permis d\u2019\u00e9voluer que ce soit au niveau du contenu d\u2019une exposition comme de la mise en lumi\u00e8re des \u00e9l\u00e9ments. Ils ont fait appel \u00e0 nous pour ce qui est de la communication et de la mise en valeur de leurs textes et visuels.<\/span><\/p>\n<h3 style=\"text-align: center;\">Communication<\/h3>\n<p><span style=\"font-weight: 400;\">Pour ce qui concerne la communication, nous devions r\u00e9aliser un visuel puis l\u2019adapter sous plusieurs formes afin d\u2019annoncer l\u2019\u00e9v\u00e8nement :\u00a0<\/span><\/p>\n<ul>\n<li><span style=\"font-weight: 400;\"> Une affiche (A3 297X420mm)<\/span><\/li>\n<li><span style=\"font-weight: 400;\"> Un tract papier (A5 210&#215;148,5mm)<\/span><\/li>\n<li><span style=\"font-weight: 400;\"> Un visuel pour Facebook (720X960px)<\/span><\/li>\n<li><span style=\"font-weight: 400;\"> Un visuel pour Instagram (1080x1080px)<\/span><\/li>\n<li><span style=\"font-weight: 400;\"> Un visuel \u00e0 mettre dans un mail (en utilisant les pr\u00e9c\u00e9dents).<\/span><\/li>\n<\/ul>\n<p><span style=\"font-weight: 400;\">Nous avons questionn\u00e9 la classe afin de mieux comprendre la demande, leurs envies :<\/span><\/p>\n<ul>\n<li style=\"font-weight: 400;\"><span style=\"font-weight: 400;\">le public vis\u00e9 : les \u00e9l\u00e8ves, les professeurs et les parents d\u2019\u00e9l\u00e8ves,<\/span><\/li>\n<li style=\"font-weight: 400;\"><span style=\"font-weight: 400;\">l\u2019intitul\u00e9 de l\u2019\u00e9v\u00e8nement : \u201cmise en lumi\u00e8re de lectures obscures\u201d,<\/span><\/li>\n<li style=\"font-weight: 400;\"><span style=\"font-weight: 400;\">les horaires et la date \u00e0 mettre sur l\u2019affiche : 21 d\u00e9cembre 2023 de 14h \u00e0 16h30<\/span><\/li>\n<li style=\"font-weight: 400;\"><span style=\"font-weight: 400;\">les th\u00e8mes de pr\u00e9dilections : cr\u00e9atures, monstres\u2026<\/span><\/li>\n<li style=\"font-weight: 400;\"><span style=\"font-weight: 400;\">les demandes particuli\u00e8res : r\u00e9aliser un visuel anim\u00e9 \u00e0 afficher sur les t\u00e9l\u00e9visions du lyc\u00e9e, permettre aux profs de s\u2019inscrire (par mail, par exemple)\u00a0<\/span><\/li>\n<\/ul>\n<p><span style=\"font-weight: 400;\">Nous avons d\u2019abord r\u00e9alis\u00e9 des premi\u00e8res versions individuellement en s\u2019inspirant de l\u2019univers de l&#8217;ombre, de la lumi\u00e8re et des cr\u00e9atures que nous avons envoy\u00e9es \u00e0 la classe de 1 MELEC. Les \u00e9l\u00e8ves ont choisi collectivement l\u2019affiche qui leur plaisait le plus et nous nous sommes inspir\u00e9es de celle-ci afin de cr\u00e9er la version finale. Les blobs noirs am\u00e8nent l\u2019aspect sombre et horrifique m\u00eal\u00e9 \u00e0 l\u2019aspect lumineux apport\u00e9 par les espaces blancs.<\/span><\/p>\n<h3 style=\"text-align: center;\">Supports<\/h3>\n<p><span style=\"font-weight: 400;\">Dans le cadre de cette exposition, nous \u00e9tions \u00e9galement charg\u00e9es de concevoir et r\u00e9aliser des supports de m\u00e9diation.<\/span><\/p>\n<ul>\n<li><span style=\"font-weight: 400;\"> Des supports sur table (ou au sol) pour des textes et des images (format A4, A3).<\/span><span style=\"font-weight: 400;\"><br \/>\n<\/span><span style=\"font-weight: 400;\">\u2022 Des supports pour mettre en valeur un texte\/une image sur un mur\/grille\/panneau.<\/span><span style=\"font-weight: 400;\"><br \/>\n<\/span><span style=\"font-weight: 400;\">\u2022 Un support de signal\u00e9tique informant de l&#8217;exposition.<\/span><span style=\"font-weight: 400;\"><br \/>\n<\/span><span style=\"font-weight: 400;\">\u2022 Des supports pour les cartels (format A6).<\/span><\/li>\n<\/ul>\n<p><span style=\"font-weight: 400;\">Nous fabriquons des prototypes en carton avant de finaliser les dispositifs en bois.<\/span><\/p>\n<p><img loading=\"lazy\" class=\"alignnone wp-image-11075\" src=\"https:\/\/www.lyceelecorbusier.eu\/dnmade-is\/wp-content\/uploads\/sites\/44\/2024\/05\/l4.png\" alt=\"\" width=\"250\" height=\"334\" srcset=\"https:\/\/www.lyceelecorbusier.eu\/dnmade-is\/wp-content\/uploads\/sites\/44\/2024\/05\/l4.png 600w, https:\/\/www.lyceelecorbusier.eu\/dnmade-is\/wp-content\/uploads\/sites\/44\/2024\/05\/l4-225x300.png 225w\" sizes=\"(max-width: 250px) 100vw, 250px\" \/> \u00a0<img loading=\"lazy\" class=\"alignnone wp-image-11076\" src=\"https:\/\/www.lyceelecorbusier.eu\/dnmade-is\/wp-content\/uploads\/sites\/44\/2024\/05\/l3.png\" alt=\"\" width=\"249\" height=\"332\" srcset=\"https:\/\/www.lyceelecorbusier.eu\/dnmade-is\/wp-content\/uploads\/sites\/44\/2024\/05\/l3.png 600w, https:\/\/www.lyceelecorbusier.eu\/dnmade-is\/wp-content\/uploads\/sites\/44\/2024\/05\/l3-225x300.png 225w\" sizes=\"(max-width: 249px) 100vw, 249px\" \/> \u00a0<img loading=\"lazy\" class=\"alignnone wp-image-11077\" src=\"https:\/\/www.lyceelecorbusier.eu\/dnmade-is\/wp-content\/uploads\/sites\/44\/2024\/05\/l2.png\" alt=\"\" width=\"249\" height=\"332\" srcset=\"https:\/\/www.lyceelecorbusier.eu\/dnmade-is\/wp-content\/uploads\/sites\/44\/2024\/05\/l2.png 600w, https:\/\/www.lyceelecorbusier.eu\/dnmade-is\/wp-content\/uploads\/sites\/44\/2024\/05\/l2-225x300.png 225w\" sizes=\"(max-width: 249px) 100vw, 249px\" \/><\/p>\n","protected":false},"excerpt":{"rendered":"","protected":false},"author":366,"featured_media":11071,"comment_status":"closed","ping_status":"closed","sticky":false,"template":"","format":"standard","meta":[],"categories":[61,69,4],"tags":[],"_links":{"self":[{"href":"https:\/\/www.lyceelecorbusier.eu\/dnmade-is\/index.php?rest_route=\/wp\/v2\/posts\/11021"}],"collection":[{"href":"https:\/\/www.lyceelecorbusier.eu\/dnmade-is\/index.php?rest_route=\/wp\/v2\/posts"}],"about":[{"href":"https:\/\/www.lyceelecorbusier.eu\/dnmade-is\/index.php?rest_route=\/wp\/v2\/types\/post"}],"author":[{"embeddable":true,"href":"https:\/\/www.lyceelecorbusier.eu\/dnmade-is\/index.php?rest_route=\/wp\/v2\/users\/366"}],"replies":[{"embeddable":true,"href":"https:\/\/www.lyceelecorbusier.eu\/dnmade-is\/index.php?rest_route=%2Fwp%2Fv2%2Fcomments&post=11021"}],"version-history":[{"count":6,"href":"https:\/\/www.lyceelecorbusier.eu\/dnmade-is\/index.php?rest_route=\/wp\/v2\/posts\/11021\/revisions"}],"predecessor-version":[{"id":11397,"href":"https:\/\/www.lyceelecorbusier.eu\/dnmade-is\/index.php?rest_route=\/wp\/v2\/posts\/11021\/revisions\/11397"}],"wp:featuredmedia":[{"embeddable":true,"href":"https:\/\/www.lyceelecorbusier.eu\/dnmade-is\/index.php?rest_route=\/wp\/v2\/media\/11071"}],"wp:attachment":[{"href":"https:\/\/www.lyceelecorbusier.eu\/dnmade-is\/index.php?rest_route=%2Fwp%2Fv2%2Fmedia&parent=11021"}],"wp:term":[{"taxonomy":"category","embeddable":true,"href":"https:\/\/www.lyceelecorbusier.eu\/dnmade-is\/index.php?rest_route=%2Fwp%2Fv2%2Fcategories&post=11021"},{"taxonomy":"post_tag","embeddable":true,"href":"https:\/\/www.lyceelecorbusier.eu\/dnmade-is\/index.php?rest_route=%2Fwp%2Fv2%2Ftags&post=11021"}],"curies":[{"name":"wp","href":"https:\/\/api.w.org\/{rel}","templated":true}]}}