{"id":10472,"date":"2023-10-20T17:04:09","date_gmt":"2023-10-20T15:04:09","guid":{"rendered":"https:\/\/www.lyceelecorbusier.eu\/dnmade-is\/?p=10472"},"modified":"2023-11-08T08:51:10","modified_gmt":"2023-11-08T07:51:10","slug":"foret-en-boite-voyage-a-salm","status":"publish","type":"post","link":"https:\/\/www.lyceelecorbusier.eu\/dnmade-is\/?p=10472","title":{"rendered":"For\u00eat en bo\u00eete &#8211; Voyage \u00e0 Salm"},"content":{"rendered":"<p><!--more--><\/p>\n<h1 style=\"text-align: center\">For\u00eat en bo\u00eete<\/h1>\n<p style=\"text-align: center\">La for\u00eat exhale de multitude d&#8217;odeurs diff\u00e9rentes. Essayons d&#8217;en capturer une partie dans notre petite bo\u00eete.<\/p>\n<p>&nbsp;<\/p>\n<h2>Le voyage<\/h2>\n<p>Notre voyage \u00e0 Salm d\u00e9bute le 9 octobre 2023. Le projet a eu lieu dans la for\u00eat de Salm, \u00e0 c\u00f4t\u00e9 du Lac du Coucou, dans les Vosges. Nous sommes un groupe de 4 \u00e9tudiantes de premi\u00e8re et deuxi\u00e8me ann\u00e9es \u00e0 r\u00e9aliser ce projet.<\/p>\n<p>&nbsp;<\/p>\n<h2>Le projet<\/h2>\n<p>Le but du projet est de cr\u00e9er un dispositif d\u00e9montable qui s&#8217;int\u00e8gre dans la for\u00eat sans la d\u00e9grader. Il doit mettre en valeur la sp\u00e9cificit\u00e9 du lieu (en l&#8217;occurrence l&#8217;odeur) qu&#8217;on a choisi durant notre exploration libre dans la for\u00eat.<\/p>\n<p>Nous choisissons de construire cette bo\u00eete car lors de notre exploration dans la for\u00eat, nous nous sommes arr\u00eat\u00e9 dans un lieu qui nous a surpris et o\u00f9 nous pouvions sentir une odeur singuli\u00e8re et distincte. Nous voulons recr\u00e9er l&#8217;odeur d&#8217;un lieu et pouvoir la sentir dans une bo\u00eete.<\/p>\n<p><img loading=\"lazy\" width=\"281\" height=\"300\" class=\"size-medium wp-image-10611 aligncenter\" src=\"https:\/\/www.lyceelecorbusier.eu\/dnmade-is\/wp-content\/uploads\/sites\/44\/2023\/10\/20231012_113111-min-2-281x300.jpg\" alt=\"\" srcset=\"https:\/\/www.lyceelecorbusier.eu\/dnmade-is\/wp-content\/uploads\/sites\/44\/2023\/10\/20231012_113111-min-2-281x300.jpg 281w, https:\/\/www.lyceelecorbusier.eu\/dnmade-is\/wp-content\/uploads\/sites\/44\/2023\/10\/20231012_113111-min-2-960x1024.jpg 960w, https:\/\/www.lyceelecorbusier.eu\/dnmade-is\/wp-content\/uploads\/sites\/44\/2023\/10\/20231012_113111-min-2-768x819.jpg 768w, https:\/\/www.lyceelecorbusier.eu\/dnmade-is\/wp-content\/uploads\/sites\/44\/2023\/10\/20231012_113111-min-2-1441x1536.jpg 1441w, https:\/\/www.lyceelecorbusier.eu\/dnmade-is\/wp-content\/uploads\/sites\/44\/2023\/10\/20231012_113111-min-2-1921x2048.jpg 1921w, https:\/\/www.lyceelecorbusier.eu\/dnmade-is\/wp-content\/uploads\/sites\/44\/2023\/10\/20231012_113111-min-2-1501x1600.jpg 1501w, https:\/\/www.lyceelecorbusier.eu\/dnmade-is\/wp-content\/uploads\/sites\/44\/2023\/10\/20231012_113111-min-2-1126x1200.jpg 1126w, https:\/\/www.lyceelecorbusier.eu\/dnmade-is\/wp-content\/uploads\/sites\/44\/2023\/10\/20231012_113111-min-2-900x960.jpg 900w\" sizes=\"(max-width: 281px) 100vw, 281px\" \/><\/p>\n<p>&nbsp;<\/p>\n<h2>La r\u00e9alisation<\/h2>\n<p>Pour r\u00e9aliser cette bo\u00eete, nous commen\u00e7ons par r\u00e9fl\u00e9chir aux dimensions de la bo\u00eete (pas trop grande ni trop petite) et quels mat\u00e9riels nous utilisons.<\/p>\n<p>Nous d\u00e9cidons de prendre des tasseaux et des plaques en bois, de la b\u00e2che blanche, ainsi que de la corde des outils.<img loading=\"lazy\" width=\"225\" height=\"300\" class=\"size-medium wp-image-10606 alignright\" src=\"https:\/\/www.lyceelecorbusier.eu\/dnmade-is\/wp-content\/uploads\/sites\/44\/2023\/10\/20231011_175811-min-225x300.jpg\" alt=\"\" srcset=\"https:\/\/www.lyceelecorbusier.eu\/dnmade-is\/wp-content\/uploads\/sites\/44\/2023\/10\/20231011_175811-min-225x300.jpg 225w, https:\/\/www.lyceelecorbusier.eu\/dnmade-is\/wp-content\/uploads\/sites\/44\/2023\/10\/20231011_175811-min-768x1024.jpg 768w, https:\/\/www.lyceelecorbusier.eu\/dnmade-is\/wp-content\/uploads\/sites\/44\/2023\/10\/20231011_175811-min-1152x1536.jpg 1152w, https:\/\/www.lyceelecorbusier.eu\/dnmade-is\/wp-content\/uploads\/sites\/44\/2023\/10\/20231011_175811-min-1536x2048.jpg 1536w, https:\/\/www.lyceelecorbusier.eu\/dnmade-is\/wp-content\/uploads\/sites\/44\/2023\/10\/20231011_175811-min-1200x1600.jpg 1200w, https:\/\/www.lyceelecorbusier.eu\/dnmade-is\/wp-content\/uploads\/sites\/44\/2023\/10\/20231011_175811-min-900x1200.jpg 900w, https:\/\/www.lyceelecorbusier.eu\/dnmade-is\/wp-content\/uploads\/sites\/44\/2023\/10\/20231011_175811-min-720x960.jpg 720w, https:\/\/www.lyceelecorbusier.eu\/dnmade-is\/wp-content\/uploads\/sites\/44\/2023\/10\/20231011_175811-min-scaled.jpg 1920w\" sizes=\"(max-width: 225px) 100vw, 225px\" \/><\/p>\n<p>Nous d\u00e9coupons les tasseaux \u00e0 la scie \u00e0 main qui servent \u00e0 faire la structure, et des morceaux de\u00a0b\u00e2ches qu&#8217;on agrafe sur les faces de la structure. Ensuite, nous per\u00e7ons des trous sur la plaque en bois qui sera au-dessus, avec une\u00a0perceuse.<\/p>\n<p>Nous faisons une accroche \u00e0 l&#8217;aide de corde pour qu&#8217;on puisse porter la bo\u00eete. Pour finir, nous vissons la structure sur le dessus et dessous pour que tout se fixe bien.<\/p>\n<p>Nous avons \u00e9cris les \u00e9tapes \u00e0 faire sur les faces de la bo\u00eete pour guider la personne qui va l&#8217;utiliser.<\/p>\n<p>&nbsp;<\/p>\n<h2>Le test<\/h2>\n<p>Une fois notre bo\u00eete construite, nous sommes revenu sur notre lieu de projet en for\u00eat et nous l&#8217;avons remplis d&#8217;\u00e9l\u00e9ments odorants qu&#8217;on \u00e0 trouv\u00e9 sur place (mousse, feuilles, pomme de pins\u2026).<\/p>\n<p>Nous l&#8217;avons test\u00e9 avec les autres groupes de projet.<\/p>\n<p><img loading=\"lazy\" class=\" wp-image-10607 aligncenter\" src=\"https:\/\/www.lyceelecorbusier.eu\/dnmade-is\/wp-content\/uploads\/sites\/44\/2023\/10\/IMG_5413-300x163.jpg\" alt=\"\" width=\"416\" height=\"226\" srcset=\"https:\/\/www.lyceelecorbusier.eu\/dnmade-is\/wp-content\/uploads\/sites\/44\/2023\/10\/IMG_5413-300x163.jpg 300w, https:\/\/www.lyceelecorbusier.eu\/dnmade-is\/wp-content\/uploads\/sites\/44\/2023\/10\/IMG_5413-1024x557.jpg 1024w, https:\/\/www.lyceelecorbusier.eu\/dnmade-is\/wp-content\/uploads\/sites\/44\/2023\/10\/IMG_5413-768x418.jpg 768w, https:\/\/www.lyceelecorbusier.eu\/dnmade-is\/wp-content\/uploads\/sites\/44\/2023\/10\/IMG_5413-960x522.jpg 960w, https:\/\/www.lyceelecorbusier.eu\/dnmade-is\/wp-content\/uploads\/sites\/44\/2023\/10\/IMG_5413.jpg 1125w\" sizes=\"(max-width: 416px) 100vw, 416px\" \/><\/p>\n<p>&nbsp;<\/p>\n<h2>A la fin\u2026<\/h2>\n<p>A la fin de notre projet, nous avons appris \u00e0 nous entraider entre classe de diff\u00e9rentes ann\u00e9es, dans une ambiance relaxante, en pleine nature.<\/p>\n<p><img loading=\"lazy\" class=\" wp-image-10608 aligncenter\" src=\"https:\/\/www.lyceelecorbusier.eu\/dnmade-is\/wp-content\/uploads\/sites\/44\/2023\/10\/IMG_5369-300x167.jpg\" alt=\"\" width=\"332\" height=\"185\" srcset=\"https:\/\/www.lyceelecorbusier.eu\/dnmade-is\/wp-content\/uploads\/sites\/44\/2023\/10\/IMG_5369-300x167.jpg 300w, https:\/\/www.lyceelecorbusier.eu\/dnmade-is\/wp-content\/uploads\/sites\/44\/2023\/10\/IMG_5369-1024x572.jpg 1024w, https:\/\/www.lyceelecorbusier.eu\/dnmade-is\/wp-content\/uploads\/sites\/44\/2023\/10\/IMG_5369-768x429.jpg 768w, https:\/\/www.lyceelecorbusier.eu\/dnmade-is\/wp-content\/uploads\/sites\/44\/2023\/10\/IMG_5369-960x536.jpg 960w, https:\/\/www.lyceelecorbusier.eu\/dnmade-is\/wp-content\/uploads\/sites\/44\/2023\/10\/IMG_5369.jpg 1125w\" sizes=\"(max-width: 332px) 100vw, 332px\" \/><\/p>\n<p>&nbsp;<\/p>\n","protected":false},"excerpt":{"rendered":"","protected":false},"author":383,"featured_media":10607,"comment_status":"closed","ping_status":"closed","sticky":false,"template":"","format":"standard","meta":[],"categories":[61,64,4,1],"tags":[],"_links":{"self":[{"href":"https:\/\/www.lyceelecorbusier.eu\/dnmade-is\/index.php?rest_route=\/wp\/v2\/posts\/10472"}],"collection":[{"href":"https:\/\/www.lyceelecorbusier.eu\/dnmade-is\/index.php?rest_route=\/wp\/v2\/posts"}],"about":[{"href":"https:\/\/www.lyceelecorbusier.eu\/dnmade-is\/index.php?rest_route=\/wp\/v2\/types\/post"}],"author":[{"embeddable":true,"href":"https:\/\/www.lyceelecorbusier.eu\/dnmade-is\/index.php?rest_route=\/wp\/v2\/users\/383"}],"replies":[{"embeddable":true,"href":"https:\/\/www.lyceelecorbusier.eu\/dnmade-is\/index.php?rest_route=%2Fwp%2Fv2%2Fcomments&post=10472"}],"version-history":[{"count":9,"href":"https:\/\/www.lyceelecorbusier.eu\/dnmade-is\/index.php?rest_route=\/wp\/v2\/posts\/10472\/revisions"}],"predecessor-version":[{"id":10616,"href":"https:\/\/www.lyceelecorbusier.eu\/dnmade-is\/index.php?rest_route=\/wp\/v2\/posts\/10472\/revisions\/10616"}],"wp:featuredmedia":[{"embeddable":true,"href":"https:\/\/www.lyceelecorbusier.eu\/dnmade-is\/index.php?rest_route=\/wp\/v2\/media\/10607"}],"wp:attachment":[{"href":"https:\/\/www.lyceelecorbusier.eu\/dnmade-is\/index.php?rest_route=%2Fwp%2Fv2%2Fmedia&parent=10472"}],"wp:term":[{"taxonomy":"category","embeddable":true,"href":"https:\/\/www.lyceelecorbusier.eu\/dnmade-is\/index.php?rest_route=%2Fwp%2Fv2%2Fcategories&post=10472"},{"taxonomy":"post_tag","embeddable":true,"href":"https:\/\/www.lyceelecorbusier.eu\/dnmade-is\/index.php?rest_route=%2Fwp%2Fv2%2Ftags&post=10472"}],"curies":[{"name":"wp","href":"https:\/\/api.w.org\/{rel}","templated":true}]}}