{"id":10155,"date":"2023-03-24T14:39:17","date_gmt":"2023-03-24T13:39:17","guid":{"rendered":"https:\/\/www.lyceelecorbusier.eu\/dnmade-is\/?p=10155"},"modified":"2023-10-21T19:08:36","modified_gmt":"2023-10-21T17:08:36","slug":"pomme-a-plat","status":"publish","type":"post","link":"https:\/\/www.lyceelecorbusier.eu\/dnmade-is\/?p=10155","title":{"rendered":"Pommes \u00e0 plat &#8211; Collections v\u00e9g\u00e9tales"},"content":{"rendered":"<p><!--more-->\u00c0 travers ce projet, nous avons d\u00e9couvert \u00e0 quel point un mat\u00e9riau apparemment banal et quotidien comme la pomme peut offrir une multitude de possibilit\u00e9s cr\u00e9atives. Ce fruit, souvent per\u00e7u comme un aliment de base, est devenu pour nous une source d&#8217;inspiration in\u00e9puisable. Chaque aspect de la pomme, de sa couleur \u00e0 sa texture, de sa forme \u00e0 sa transformation au fil du temps, a \u00e9t\u00e9 un pr\u00e9texte \u00e0 exp\u00e9rimentation.<\/p>\n\n\t\t<style type=\"text\/css\">\n\t\t\t#gallery-1 {\n\t\t\t\tmargin: auto;\n\t\t\t}\n\t\t\t#gallery-1 .gallery-item {\n\t\t\t\tfloat: left;\n\t\t\t\tmargin-top: 10px;\n\t\t\t\ttext-align: center;\n\t\t\t\twidth: 50%;\n\t\t\t}\n\t\t\t#gallery-1 img {\n\t\t\t\tborder: 2px solid #cfcfcf;\n\t\t\t}\n\t\t\t#gallery-1 .gallery-caption {\n\t\t\t\tmargin-left: 0;\n\t\t\t}\n\t\t\t\/* see gallery_shortcode() in wp-includes\/media.php *\/\n\t\t<\/style>\n\t\t<div id='gallery-1' class='gallery galleryid-10155 gallery-columns-2 gallery-size-full'><dl class='gallery-item'>\n\t\t\t<dt class='gallery-icon landscape'>\n\t\t\t\t<a href='https:\/\/www.lyceelecorbusier.eu\/dnmade-is\/wp-content\/uploads\/sites\/44\/2023\/03\/Sans-titre-1.png'><img width=\"780\" height=\"585\" src=\"https:\/\/www.lyceelecorbusier.eu\/dnmade-is\/wp-content\/uploads\/sites\/44\/2023\/03\/Sans-titre-1.png\" class=\"attachment-full size-full\" alt=\"\" loading=\"lazy\" srcset=\"https:\/\/www.lyceelecorbusier.eu\/dnmade-is\/wp-content\/uploads\/sites\/44\/2023\/03\/Sans-titre-1.png 780w, https:\/\/www.lyceelecorbusier.eu\/dnmade-is\/wp-content\/uploads\/sites\/44\/2023\/03\/Sans-titre-1-300x225.png 300w, https:\/\/www.lyceelecorbusier.eu\/dnmade-is\/wp-content\/uploads\/sites\/44\/2023\/03\/Sans-titre-1-768x576.png 768w\" sizes=\"(max-width: 780px) 100vw, 780px\" \/><\/a>\n\t\t\t<\/dt><\/dl><dl class='gallery-item'>\n\t\t\t<dt class='gallery-icon landscape'>\n\t\t\t\t<a href='https:\/\/www.lyceelecorbusier.eu\/dnmade-is\/wp-content\/uploads\/sites\/44\/2023\/03\/IMG_3877A.png'><img width=\"780\" height=\"585\" src=\"https:\/\/www.lyceelecorbusier.eu\/dnmade-is\/wp-content\/uploads\/sites\/44\/2023\/03\/IMG_3877A.png\" class=\"attachment-full size-full\" alt=\"\" loading=\"lazy\" srcset=\"https:\/\/www.lyceelecorbusier.eu\/dnmade-is\/wp-content\/uploads\/sites\/44\/2023\/03\/IMG_3877A.png 780w, https:\/\/www.lyceelecorbusier.eu\/dnmade-is\/wp-content\/uploads\/sites\/44\/2023\/03\/IMG_3877A-300x225.png 300w, https:\/\/www.lyceelecorbusier.eu\/dnmade-is\/wp-content\/uploads\/sites\/44\/2023\/03\/IMG_3877A-768x576.png 768w\" sizes=\"(max-width: 780px) 100vw, 780px\" \/><\/a>\n\t\t\t<\/dt><\/dl><br style=\"clear: both\" \/>\n\t\t<\/div>\n\n<p>&nbsp;<\/p>\n<p>Pour la pr\u00e9paration des pommes, nous avons utilis\u00e9 une mandoline qui permet de cr\u00e9er des lamelles r\u00e9guli\u00e8res. Cette technique nous a permis d&#8217;obtenir une forme circulaire, que nous pouvions alors couper en demi-cercle ou en quart de cercle, offrant une vari\u00e9t\u00e9 de formes pour nos compositions. Ces formes \u00e9taient ensuite superpos\u00e9es de mani\u00e8re sym\u00e9trique, jouant sur l&#8217;aspect visuel de la pomme en diff\u00e9rentes \u00e9tapes de sa d\u00e9composition.<\/p>\n<p>Concernant le support, nous avons fait de la pomme un support en tant que tel. Nous avons \u00e9galement pos\u00e9 des tranches de pommes sur du papier, lui-m\u00eame compos\u00e9 de papier. Nous avons pu observer que lorsque la pomme \u00e9tait pos\u00e9e sur du papier, on obtenait un aspect plus frais. Dans le cas contraire, les pommes semblaient fl\u00e9tries et oxyd\u00e9es.<\/p>\n\n\t\t<style type=\"text\/css\">\n\t\t\t#gallery-2 {\n\t\t\t\tmargin: auto;\n\t\t\t}\n\t\t\t#gallery-2 .gallery-item {\n\t\t\t\tfloat: left;\n\t\t\t\tmargin-top: 10px;\n\t\t\t\ttext-align: center;\n\t\t\t\twidth: 50%;\n\t\t\t}\n\t\t\t#gallery-2 img {\n\t\t\t\tborder: 2px solid #cfcfcf;\n\t\t\t}\n\t\t\t#gallery-2 .gallery-caption {\n\t\t\t\tmargin-left: 0;\n\t\t\t}\n\t\t\t\/* see gallery_shortcode() in wp-includes\/media.php *\/\n\t\t<\/style>\n\t\t<div id='gallery-2' class='gallery galleryid-10155 gallery-columns-2 gallery-size-full'><dl class='gallery-item'>\n\t\t\t<dt class='gallery-icon landscape'>\n\t\t\t\t<a href='https:\/\/www.lyceelecorbusier.eu\/dnmade-is\/wp-content\/uploads\/sites\/44\/2023\/03\/IMG_3870A.png'><img width=\"780\" height=\"585\" src=\"https:\/\/www.lyceelecorbusier.eu\/dnmade-is\/wp-content\/uploads\/sites\/44\/2023\/03\/IMG_3870A.png\" class=\"attachment-full size-full\" alt=\"\" loading=\"lazy\" srcset=\"https:\/\/www.lyceelecorbusier.eu\/dnmade-is\/wp-content\/uploads\/sites\/44\/2023\/03\/IMG_3870A.png 780w, https:\/\/www.lyceelecorbusier.eu\/dnmade-is\/wp-content\/uploads\/sites\/44\/2023\/03\/IMG_3870A-300x225.png 300w, https:\/\/www.lyceelecorbusier.eu\/dnmade-is\/wp-content\/uploads\/sites\/44\/2023\/03\/IMG_3870A-768x576.png 768w\" sizes=\"(max-width: 780px) 100vw, 780px\" \/><\/a>\n\t\t\t<\/dt><\/dl><dl class='gallery-item'>\n\t\t\t<dt class='gallery-icon landscape'>\n\t\t\t\t<a href='https:\/\/www.lyceelecorbusier.eu\/dnmade-is\/wp-content\/uploads\/sites\/44\/2023\/03\/IMG_3882A.png'><img width=\"780\" height=\"585\" src=\"https:\/\/www.lyceelecorbusier.eu\/dnmade-is\/wp-content\/uploads\/sites\/44\/2023\/03\/IMG_3882A.png\" class=\"attachment-full size-full\" alt=\"\" loading=\"lazy\" srcset=\"https:\/\/www.lyceelecorbusier.eu\/dnmade-is\/wp-content\/uploads\/sites\/44\/2023\/03\/IMG_3882A.png 780w, https:\/\/www.lyceelecorbusier.eu\/dnmade-is\/wp-content\/uploads\/sites\/44\/2023\/03\/IMG_3882A-300x225.png 300w, https:\/\/www.lyceelecorbusier.eu\/dnmade-is\/wp-content\/uploads\/sites\/44\/2023\/03\/IMG_3882A-768x576.png 768w\" sizes=\"(max-width: 780px) 100vw, 780px\" \/><\/a>\n\t\t\t<\/dt><\/dl><br style=\"clear: both\" \/>\n\t\t<\/div>\n\n<p>Une exp\u00e9rimentation a consist\u00e9 \u00e0 cuire la pomme avec du colorant bleu, dans l&#8217;optique d&#8217;obtenir du bioplastique bleu, mais cette piste n&#8217;a pas \u00e9t\u00e9 retenue, car elle semblait trop \u00e9loign\u00e9e des autres tests qui consistaient \u00e0 disposer des pommes de fa\u00e7on sym\u00e9trique et selon une certaine logique.<\/p>\n<p>Apr\u00e8s discussion collective, nous avons convenu de produire une collection de compositions en format A5. Ce choix a \u00e9t\u00e9 dict\u00e9 par la volont\u00e9 d&#8217;aligner les \u0153uvres de mani\u00e8re horizontale ou verticale, cr\u00e9ant une esth\u00e9tique harmonieuse. Il a naturellement \u00e9t\u00e9 d\u00e9cid\u00e9 que les compositions seraient du m\u00eame format et r\u00e9p\u00e8teraient un motif diff\u00e9rent \u00e0 chaque fois.<\/p>\n\n\t\t<style type=\"text\/css\">\n\t\t\t#gallery-3 {\n\t\t\t\tmargin: auto;\n\t\t\t}\n\t\t\t#gallery-3 .gallery-item {\n\t\t\t\tfloat: left;\n\t\t\t\tmargin-top: 10px;\n\t\t\t\ttext-align: center;\n\t\t\t\twidth: 50%;\n\t\t\t}\n\t\t\t#gallery-3 img {\n\t\t\t\tborder: 2px solid #cfcfcf;\n\t\t\t}\n\t\t\t#gallery-3 .gallery-caption {\n\t\t\t\tmargin-left: 0;\n\t\t\t}\n\t\t\t\/* see gallery_shortcode() in wp-includes\/media.php *\/\n\t\t<\/style>\n\t\t<div id='gallery-3' class='gallery galleryid-10155 gallery-columns-2 gallery-size-full'><dl class='gallery-item'>\n\t\t\t<dt class='gallery-icon landscape'>\n\t\t\t\t<a href='https:\/\/www.lyceelecorbusier.eu\/dnmade-is\/wp-content\/uploads\/sites\/44\/2023\/03\/IMG_3874A.png'><img width=\"780\" height=\"585\" src=\"https:\/\/www.lyceelecorbusier.eu\/dnmade-is\/wp-content\/uploads\/sites\/44\/2023\/03\/IMG_3874A.png\" class=\"attachment-full size-full\" alt=\"\" loading=\"lazy\" srcset=\"https:\/\/www.lyceelecorbusier.eu\/dnmade-is\/wp-content\/uploads\/sites\/44\/2023\/03\/IMG_3874A.png 780w, https:\/\/www.lyceelecorbusier.eu\/dnmade-is\/wp-content\/uploads\/sites\/44\/2023\/03\/IMG_3874A-300x225.png 300w, https:\/\/www.lyceelecorbusier.eu\/dnmade-is\/wp-content\/uploads\/sites\/44\/2023\/03\/IMG_3874A-768x576.png 768w\" sizes=\"(max-width: 780px) 100vw, 780px\" \/><\/a>\n\t\t\t<\/dt><\/dl><dl class='gallery-item'>\n\t\t\t<dt class='gallery-icon landscape'>\n\t\t\t\t<a href='https:\/\/www.lyceelecorbusier.eu\/dnmade-is\/wp-content\/uploads\/sites\/44\/2023\/03\/IMG_3861A.png'><img width=\"780\" height=\"585\" src=\"https:\/\/www.lyceelecorbusier.eu\/dnmade-is\/wp-content\/uploads\/sites\/44\/2023\/03\/IMG_3861A.png\" class=\"attachment-full size-full\" alt=\"\" loading=\"lazy\" srcset=\"https:\/\/www.lyceelecorbusier.eu\/dnmade-is\/wp-content\/uploads\/sites\/44\/2023\/03\/IMG_3861A.png 780w, https:\/\/www.lyceelecorbusier.eu\/dnmade-is\/wp-content\/uploads\/sites\/44\/2023\/03\/IMG_3861A-300x225.png 300w, https:\/\/www.lyceelecorbusier.eu\/dnmade-is\/wp-content\/uploads\/sites\/44\/2023\/03\/IMG_3861A-768x576.png 768w\" sizes=\"(max-width: 780px) 100vw, 780px\" \/><\/a>\n\t\t\t<\/dt><\/dl><br style=\"clear: both\" \/>\n\t\t<\/div>\n\n<p>La collection est ainsi compos\u00e9e de tranches de pommes, superpos\u00e9es les une sur les autres, qui suivent un motif g\u00e9om\u00e9trique diff\u00e9rent, mais aussi de papiers d\u00e9cor\u00e9s de quelques tranches et de papiers vierges. Il est toutefois possible d&#8217;observer la collection plus en profondeur. Nous avons tent\u00e9 d&#8217;illustrer le cycle de vie d&#8217;une pomme partant de tranches en bon \u00e9tat, avec ensuite des tranches avec un aspect brun\u00e2tre et enfin des feuilles vierges qui montrent que la pomme s&#8217;est totalement d\u00e9compos\u00e9e dans son milieu naturel. Ce cycle tend \u00e0 rappeler les quatre saisons de l&#8217;ann\u00e9e : printemps, \u00e9t\u00e9, automne, hiver.<\/p>\n\n\t\t<style type=\"text\/css\">\n\t\t\t#gallery-4 {\n\t\t\t\tmargin: auto;\n\t\t\t}\n\t\t\t#gallery-4 .gallery-item {\n\t\t\t\tfloat: left;\n\t\t\t\tmargin-top: 10px;\n\t\t\t\ttext-align: center;\n\t\t\t\twidth: 100%;\n\t\t\t}\n\t\t\t#gallery-4 img {\n\t\t\t\tborder: 2px solid #cfcfcf;\n\t\t\t}\n\t\t\t#gallery-4 .gallery-caption {\n\t\t\t\tmargin-left: 0;\n\t\t\t}\n\t\t\t\/* see gallery_shortcode() in wp-includes\/media.php *\/\n\t\t<\/style>\n\t\t<div id='gallery-4' class='gallery galleryid-10155 gallery-columns-1 gallery-size-full'><dl class='gallery-item'>\n\t\t\t<dt class='gallery-icon landscape'>\n\t\t\t\t<a href='https:\/\/www.lyceelecorbusier.eu\/dnmade-is\/wp-content\/uploads\/sites\/44\/2023\/03\/IMG_3861A.png'><img width=\"780\" height=\"585\" src=\"https:\/\/www.lyceelecorbusier.eu\/dnmade-is\/wp-content\/uploads\/sites\/44\/2023\/03\/IMG_3861A.png\" class=\"attachment-full size-full\" alt=\"\" loading=\"lazy\" srcset=\"https:\/\/www.lyceelecorbusier.eu\/dnmade-is\/wp-content\/uploads\/sites\/44\/2023\/03\/IMG_3861A.png 780w, https:\/\/www.lyceelecorbusier.eu\/dnmade-is\/wp-content\/uploads\/sites\/44\/2023\/03\/IMG_3861A-300x225.png 300w, https:\/\/www.lyceelecorbusier.eu\/dnmade-is\/wp-content\/uploads\/sites\/44\/2023\/03\/IMG_3861A-768x576.png 768w\" sizes=\"(max-width: 780px) 100vw, 780px\" \/><\/a>\n\t\t\t<\/dt><\/dl><br style=\"clear: both\" \/>\n\t\t<\/div>\n\n<p>&nbsp;<\/p>\n<p style=\"text-align: center\">Par Ibrahim MOHAMED SA\u00cfD, L\u00e9o GURISIK, Clothilde SEVESTRE<\/p>\n","protected":false},"excerpt":{"rendered":"","protected":false},"author":274,"featured_media":10156,"comment_status":"closed","ping_status":"closed","sticky":false,"template":"","format":"standard","meta":[],"categories":[60,4],"tags":[],"_links":{"self":[{"href":"https:\/\/www.lyceelecorbusier.eu\/dnmade-is\/index.php?rest_route=\/wp\/v2\/posts\/10155"}],"collection":[{"href":"https:\/\/www.lyceelecorbusier.eu\/dnmade-is\/index.php?rest_route=\/wp\/v2\/posts"}],"about":[{"href":"https:\/\/www.lyceelecorbusier.eu\/dnmade-is\/index.php?rest_route=\/wp\/v2\/types\/post"}],"author":[{"embeddable":true,"href":"https:\/\/www.lyceelecorbusier.eu\/dnmade-is\/index.php?rest_route=\/wp\/v2\/users\/274"}],"replies":[{"embeddable":true,"href":"https:\/\/www.lyceelecorbusier.eu\/dnmade-is\/index.php?rest_route=%2Fwp%2Fv2%2Fcomments&post=10155"}],"version-history":[{"count":12,"href":"https:\/\/www.lyceelecorbusier.eu\/dnmade-is\/index.php?rest_route=\/wp\/v2\/posts\/10155\/revisions"}],"predecessor-version":[{"id":10526,"href":"https:\/\/www.lyceelecorbusier.eu\/dnmade-is\/index.php?rest_route=\/wp\/v2\/posts\/10155\/revisions\/10526"}],"wp:featuredmedia":[{"embeddable":true,"href":"https:\/\/www.lyceelecorbusier.eu\/dnmade-is\/index.php?rest_route=\/wp\/v2\/media\/10156"}],"wp:attachment":[{"href":"https:\/\/www.lyceelecorbusier.eu\/dnmade-is\/index.php?rest_route=%2Fwp%2Fv2%2Fmedia&parent=10155"}],"wp:term":[{"taxonomy":"category","embeddable":true,"href":"https:\/\/www.lyceelecorbusier.eu\/dnmade-is\/index.php?rest_route=%2Fwp%2Fv2%2Fcategories&post=10155"},{"taxonomy":"post_tag","embeddable":true,"href":"https:\/\/www.lyceelecorbusier.eu\/dnmade-is\/index.php?rest_route=%2Fwp%2Fv2%2Ftags&post=10155"}],"curies":[{"name":"wp","href":"https:\/\/api.w.org\/{rel}","templated":true}]}}