{"id":56,"date":"2016-11-11T10:17:36","date_gmt":"2016-11-11T09:17:36","guid":{"rendered":"http:\/\/www.lyceelecorbusier.eu\/pratiques-pedagogies\/?p=26"},"modified":"2016-11-17T11:02:45","modified_gmt":"2016-11-17T10:02:45","slug":"antoine-jakubczak","status":"publish","type":"post","link":"https:\/\/www.lyceelecorbusier.eu\/design-soin-sante\/?p=56","title":{"rendered":"Mathilde RICHARD"},"content":{"rendered":"<p><span style=\"font-weight: 400\">Apr\u00e8s un Bac Arts Appliqu\u00e9s et un BTS Design Graphique, Mathilde int\u00e8gre le DSAA de l\u2019Insitu Lab attir\u00e9e par sa trans-disciplinarit\u00e9 et le design de service. Elle y d\u00e9veloppe son go\u00fbt pour un design fonctionnel, centr\u00e9 sur les usages.\u00a0<\/span><span style=\"font-weight: 400\">Apr\u00e8s de nombreuses exp\u00e9riences m\u00e9dicales, elle acquiert un attrait pour le domaine du soin. Au sein du labo sant\u00e9, c\u2019est avec Aur\u00e9lie Roure, sp\u00e9cialis\u00e9e en design d\u2019espace, avec qui elle partage un v\u00e9cu et des questionnements sur ce champs, qu\u2019elle r\u00e9alise son projet de dipl\u00f4me.<\/span><\/p>\n","protected":false},"excerpt":{"rendered":"<p>Apr\u00e8s un Bac Arts Appliqu\u00e9s et un BTS Design Graphique, Mathilde int\u00e8gre le DSAA de l\u2019Insitu Lab attir\u00e9e par sa trans-disciplinarit\u00e9 et le design de service. Elle y d\u00e9veloppe son go\u00fbt pour un design fonctionnel, centr\u00e9 sur les&#8230; <a class=\"read-more\" href=\"https:\/\/www.lyceelecorbusier.eu\/design-soin-sante\/?p=56\">Lire la suite&#8230;<\/a><\/p>\n","protected":false},"author":1,"featured_media":0,"comment_status":"closed","ping_status":"closed","sticky":false,"template":"","format":"standard","meta":[],"categories":[4],"tags":[],"_links":{"self":[{"href":"https:\/\/www.lyceelecorbusier.eu\/design-soin-sante\/index.php?rest_route=\/wp\/v2\/posts\/56"}],"collection":[{"href":"https:\/\/www.lyceelecorbusier.eu\/design-soin-sante\/index.php?rest_route=\/wp\/v2\/posts"}],"about":[{"href":"https:\/\/www.lyceelecorbusier.eu\/design-soin-sante\/index.php?rest_route=\/wp\/v2\/types\/post"}],"author":[{"embeddable":true,"href":"https:\/\/www.lyceelecorbusier.eu\/design-soin-sante\/index.php?rest_route=\/wp\/v2\/users\/1"}],"replies":[{"embeddable":true,"href":"https:\/\/www.lyceelecorbusier.eu\/design-soin-sante\/index.php?rest_route=%2Fwp%2Fv2%2Fcomments&post=56"}],"version-history":[{"count":3,"href":"https:\/\/www.lyceelecorbusier.eu\/design-soin-sante\/index.php?rest_route=\/wp\/v2\/posts\/56\/revisions"}],"predecessor-version":[{"id":119,"href":"https:\/\/www.lyceelecorbusier.eu\/design-soin-sante\/index.php?rest_route=\/wp\/v2\/posts\/56\/revisions\/119"}],"wp:attachment":[{"href":"https:\/\/www.lyceelecorbusier.eu\/design-soin-sante\/index.php?rest_route=%2Fwp%2Fv2%2Fmedia&parent=56"}],"wp:term":[{"taxonomy":"category","embeddable":true,"href":"https:\/\/www.lyceelecorbusier.eu\/design-soin-sante\/index.php?rest_route=%2Fwp%2Fv2%2Fcategories&post=56"},{"taxonomy":"post_tag","embeddable":true,"href":"https:\/\/www.lyceelecorbusier.eu\/design-soin-sante\/index.php?rest_route=%2Fwp%2Fv2%2Ftags&post=56"}],"curies":[{"name":"wp","href":"https:\/\/api.w.org\/{rel}","templated":true}]}}