{"id":55,"date":"2016-11-11T10:11:55","date_gmt":"2016-11-11T09:11:55","guid":{"rendered":"http:\/\/www.lyceelecorbusier.eu\/pratiques-pedagogies\/?p=24"},"modified":"2016-11-17T11:03:25","modified_gmt":"2016-11-17T10:03:25","slug":"thomas-huard","status":"publish","type":"post","link":"https:\/\/www.lyceelecorbusier.eu\/design-soin-sante\/?p=55","title":{"rendered":"Aur\u00e9lie ROURE"},"content":{"rendered":"<p><span style=\"font-weight: 400\">C&#8217;est apr\u00e8s un BAC arts appliqu\u00e9s en Auvergne et un BTS en design d\u2019espace \u00e0 Toulouse, qu\u2019Aur\u00e9lie arrive \u00e0 Strasbourg. Int\u00e9ress\u00e9e par le domaine de la sociologie et de la psychologie, elle rejoint l\u2019Insitu Lab o\u00f9 elle d\u00e9veloppe un design plus proche de l\u2019innovation sociale. Attir\u00e9e par le design en milieux m\u00e9dical et en collaboration avec Mathilde Richard (designer graphique), elle choisit d\u2019\u00e9tudier la th\u00e9matique de l\u2019adolescent \u00e0 l\u2019h\u00f4pital dans toute sa complexit\u00e9.<\/span><\/p>\n","protected":false},"excerpt":{"rendered":"<p>C&#8217;est apr\u00e8s un BAC arts appliqu\u00e9s en Auvergne et un BTS en design d\u2019espace \u00e0 Toulouse, qu\u2019Aur\u00e9lie arrive \u00e0 Strasbourg. Int\u00e9ress\u00e9e par le domaine de la sociologie et de la psychologie, elle rejoint l\u2019Insitu Lab o\u00f9 elle d\u00e9veloppe&#8230; <a class=\"read-more\" href=\"https:\/\/www.lyceelecorbusier.eu\/design-soin-sante\/?p=55\">Lire la suite&#8230;<\/a><\/p>\n","protected":false},"author":1,"featured_media":0,"comment_status":"closed","ping_status":"closed","sticky":false,"template":"","format":"standard","meta":[],"categories":[4],"tags":[],"_links":{"self":[{"href":"https:\/\/www.lyceelecorbusier.eu\/design-soin-sante\/index.php?rest_route=\/wp\/v2\/posts\/55"}],"collection":[{"href":"https:\/\/www.lyceelecorbusier.eu\/design-soin-sante\/index.php?rest_route=\/wp\/v2\/posts"}],"about":[{"href":"https:\/\/www.lyceelecorbusier.eu\/design-soin-sante\/index.php?rest_route=\/wp\/v2\/types\/post"}],"author":[{"embeddable":true,"href":"https:\/\/www.lyceelecorbusier.eu\/design-soin-sante\/index.php?rest_route=\/wp\/v2\/users\/1"}],"replies":[{"embeddable":true,"href":"https:\/\/www.lyceelecorbusier.eu\/design-soin-sante\/index.php?rest_route=%2Fwp%2Fv2%2Fcomments&post=55"}],"version-history":[{"count":2,"href":"https:\/\/www.lyceelecorbusier.eu\/design-soin-sante\/index.php?rest_route=\/wp\/v2\/posts\/55\/revisions"}],"predecessor-version":[{"id":120,"href":"https:\/\/www.lyceelecorbusier.eu\/design-soin-sante\/index.php?rest_route=\/wp\/v2\/posts\/55\/revisions\/120"}],"wp:attachment":[{"href":"https:\/\/www.lyceelecorbusier.eu\/design-soin-sante\/index.php?rest_route=%2Fwp%2Fv2%2Fmedia&parent=55"}],"wp:term":[{"taxonomy":"category","embeddable":true,"href":"https:\/\/www.lyceelecorbusier.eu\/design-soin-sante\/index.php?rest_route=%2Fwp%2Fv2%2Fcategories&post=55"},{"taxonomy":"post_tag","embeddable":true,"href":"https:\/\/www.lyceelecorbusier.eu\/design-soin-sante\/index.php?rest_route=%2Fwp%2Fv2%2Ftags&post=55"}],"curies":[{"name":"wp","href":"https:\/\/api.w.org\/{rel}","templated":true}]}}