{"id":47,"date":"2016-11-03T10:31:16","date_gmt":"2016-11-03T09:31:16","guid":{"rendered":"http:\/\/www.lyceelecorbusier.eu\/pratiques-pedagogies\/?p=47"},"modified":"2016-11-18T11:11:43","modified_gmt":"2016-11-18T10:11:43","slug":"journal-du-labo-1","status":"publish","type":"post","link":"https:\/\/www.lyceelecorbusier.eu\/design-soin-sante\/?p=47","title":{"rendered":"Visite \u00e0 la Maison des ADOS"},"content":{"rendered":"<p><i><span style=\"font-weight: 400\">3 Novembre 2016<\/span><\/i><\/p>\n<p><span style=\"font-weight: 400\">La visite de la Maison des Adolescents nous est pr\u00e9sent\u00e9e par leur directrice Delphine Rideau. La Maison des Ados est un endroit d\u00e9tach\u00e9 de l\u2019enceinte de l\u2019H\u00f4pital Civil, mais que les initiateurs du projet se sont attach\u00e9s \u00e0 rendre visible.<\/span><\/p>\n<p><span style=\"font-weight: 400\">Il existe une Maison des Ados dans quasiment chaque d\u00e9partement de la France. Ces maisons regroupent des \u00e9quipes tr\u00e8s vari\u00e9es issues du monde m\u00e9dical comme des psychologues, m\u00e9decin g\u00e9n\u00e9ralistes, mais aussi des m\u00e9tiers de l\u2019ordre du social, par exemple des \u00e9ducateurs ou assistantes sociales.<\/span><\/p>\n<p><span style=\"font-weight: 400\">La Fabrique de l\u2019Hospitalit\u00e9 a aid\u00e9 au d\u00e9veloppement du projet, notamment avec un travail sur l\u2019espace, en collaboration avec des designers et peintres. Leur travail a consist\u00e9 \u00e0 cr\u00e9er un parcours naturel et intuitif pour entrer dans la Maison des Ados, afin de pouvoir accueillir un public tr\u00e8s vari\u00e9, de tout \u00e2ge et de toute cat\u00e9gorie sociale &#8211; professeurs, adolescents, parents. La fa\u00e7ade est la cl\u00e9 de vo\u00fbte du projet, qui a n\u00e9cessit\u00e9 un travail important sur l\u2019harmonisation des couleurs en peinture, pour donner une grande visibilit\u00e9 au b\u00e2timent et encourager le public \u00e0 y entrer.<\/span><\/p>\n<p><span style=\"font-weight: 400\">\u00c0 l\u2019int\u00e9rieur, les espaces sont con\u00e7us pour offrir de la visibilit\u00e9 mais aussi des moments plus priv\u00e9s en cas de besoin. En effet, ce lieu est avant tout l\u2019endroit o\u00f9 les adolescents, \u00e2g\u00e9s en moyenne de 12 \u00e0 21 ans, peuvent \u00eatre \u00e9cout\u00e9s, conseill\u00e9s, sur des questions courantes li\u00e9es \u00e0 la transition qui caract\u00e9rise l\u2019adolescence. L\u2019accompagnement des jeunes n\u2019est pas au long court, et pour des probl\u00e8mes plus sp\u00e9cifiques ils seront redirig\u00e9s vers des services plus sp\u00e9cialis\u00e9s. <\/span><\/p>\n<p><span style=\"font-weight: 400\">En ce qui concerne les actions men\u00e9es par la maison des adolescents, des ETP pour le diab\u00e8te avaient \u00e9t\u00e9 organis\u00e9s pour les adolescents qui deviennent parfois plus r\u00e9ticents au traitement. Cependant, la pr\u00e9vention qui est men\u00e9e est tr\u00e8s primaire et conventionnelle. Les adolescents ne se retrouvent pas toujours dans les ateliers propos\u00e9s. De mani\u00e8re g\u00e9n\u00e9rale, il semble que les pr\u00e9ventions de sant\u00e9 sont plut\u00f4t moralisatrices et perdent ainsi de leur efficacit\u00e9 aupr\u00e8s des adolescents.<\/span><\/p>\n<p style=\"text-align: right\"><i><span style=\"font-weight: 400\">Agathe, Suzanne, Mathilde, Aur\u00e9lie<\/span><\/i><\/p>\n","protected":false},"excerpt":{"rendered":"<p>3 Novembre 2016 La visite de la Maison des Adolescents nous est pr\u00e9sent\u00e9e par leur directrice Delphine Rideau. La Maison des Ados est un endroit d\u00e9tach\u00e9 de l\u2019enceinte de l\u2019H\u00f4pital Civil, mais que les initiateurs du projet se&#8230; <a class=\"read-more\" href=\"https:\/\/www.lyceelecorbusier.eu\/design-soin-sante\/?p=47\">Lire la suite&#8230;<\/a><\/p>\n","protected":false},"author":1,"featured_media":143,"comment_status":"closed","ping_status":"closed","sticky":false,"template":"","format":"standard","meta":[],"categories":[3],"tags":[],"_links":{"self":[{"href":"https:\/\/www.lyceelecorbusier.eu\/design-soin-sante\/index.php?rest_route=\/wp\/v2\/posts\/47"}],"collection":[{"href":"https:\/\/www.lyceelecorbusier.eu\/design-soin-sante\/index.php?rest_route=\/wp\/v2\/posts"}],"about":[{"href":"https:\/\/www.lyceelecorbusier.eu\/design-soin-sante\/index.php?rest_route=\/wp\/v2\/types\/post"}],"author":[{"embeddable":true,"href":"https:\/\/www.lyceelecorbusier.eu\/design-soin-sante\/index.php?rest_route=\/wp\/v2\/users\/1"}],"replies":[{"embeddable":true,"href":"https:\/\/www.lyceelecorbusier.eu\/design-soin-sante\/index.php?rest_route=%2Fwp%2Fv2%2Fcomments&post=47"}],"version-history":[{"count":2,"href":"https:\/\/www.lyceelecorbusier.eu\/design-soin-sante\/index.php?rest_route=\/wp\/v2\/posts\/47\/revisions"}],"predecessor-version":[{"id":127,"href":"https:\/\/www.lyceelecorbusier.eu\/design-soin-sante\/index.php?rest_route=\/wp\/v2\/posts\/47\/revisions\/127"}],"wp:featuredmedia":[{"embeddable":true,"href":"https:\/\/www.lyceelecorbusier.eu\/design-soin-sante\/index.php?rest_route=\/wp\/v2\/media\/143"}],"wp:attachment":[{"href":"https:\/\/www.lyceelecorbusier.eu\/design-soin-sante\/index.php?rest_route=%2Fwp%2Fv2%2Fmedia&parent=47"}],"wp:term":[{"taxonomy":"category","embeddable":true,"href":"https:\/\/www.lyceelecorbusier.eu\/design-soin-sante\/index.php?rest_route=%2Fwp%2Fv2%2Fcategories&post=47"},{"taxonomy":"post_tag","embeddable":true,"href":"https:\/\/www.lyceelecorbusier.eu\/design-soin-sante\/index.php?rest_route=%2Fwp%2Fv2%2Ftags&post=47"}],"curies":[{"name":"wp","href":"https:\/\/api.w.org\/{rel}","templated":true}]}}