{"id":314,"date":"2017-01-22T11:12:35","date_gmt":"2017-01-22T10:12:35","guid":{"rendered":"http:\/\/www.lyceelecorbusier.eu\/design-soin-sante\/?p=314"},"modified":"2017-01-22T11:12:35","modified_gmt":"2017-01-22T10:12:35","slug":"arret-sur-image","status":"publish","type":"post","link":"https:\/\/www.lyceelecorbusier.eu\/design-soin-sante\/?p=314","title":{"rendered":"Arr\u00eat sur image"},"content":{"rendered":"<p>Jeudi 12 et vendredi 13 janvier 2017 : \u201c\u00e9tat des lieux\u201d.<\/p>\n<p>L\u2019occasion pour nous de faire un bilan de mi-parcours.<\/p>\n<p><img loading=\"lazy\" class=\"aligncenter wp-image-315 size-large\" src=\"http:\/\/www.lyceelecorbusier.eu\/design-soin-sante\/wp-content\/uploads\/sites\/29\/2017\/01\/Copie-de-DSC_1528-1024x819.jpg\" width=\"640\" height=\"512\" srcset=\"https:\/\/www.lyceelecorbusier.eu\/design-soin-sante\/wp-content\/uploads\/sites\/29\/2017\/01\/Copie-de-DSC_1528-1024x819.jpg 1024w, https:\/\/www.lyceelecorbusier.eu\/design-soin-sante\/wp-content\/uploads\/sites\/29\/2017\/01\/Copie-de-DSC_1528-300x240.jpg 300w, https:\/\/www.lyceelecorbusier.eu\/design-soin-sante\/wp-content\/uploads\/sites\/29\/2017\/01\/Copie-de-DSC_1528-768x614.jpg 768w, https:\/\/www.lyceelecorbusier.eu\/design-soin-sante\/wp-content\/uploads\/sites\/29\/2017\/01\/Copie-de-DSC_1528-2001x1600.jpg 2001w, https:\/\/www.lyceelecorbusier.eu\/design-soin-sante\/wp-content\/uploads\/sites\/29\/2017\/01\/Copie-de-DSC_1528-1501x1200.jpg 1501w, https:\/\/www.lyceelecorbusier.eu\/design-soin-sante\/wp-content\/uploads\/sites\/29\/2017\/01\/Copie-de-DSC_1528-960x767.jpg 960w\" sizes=\"(max-width: 640px) 100vw, 640px\" \/><\/p>\n<p>Nos id\u00e9es sont en constantes \u00e9volution. \u00c0 l\u2019heure actuelle voil\u00e0 comment nous imaginons le projet, avec nos objectifs et nos intentions, qui continueront s\u00fbrement d\u2019\u00e9voluer dans les prochains mois.<br \/>\nMais s\u2019il y a une chose sur laquelle nous sommes fix\u00e9es depuis un moment, c\u2019est l\u2019objectif g\u00e9n\u00e9ral : faire comprendre la maladie aux enfants malades en les accompagnant dans leur parcours de soin. Nous choisissons le diab\u00e8te comme \u00e9tude de cas, qui servira \u00e0 nourrir le contenu de nos outils. Notre \u201cstrat\u00e9gie de designers\u201d est de cr\u00e9er un univers onirique autour de la m\u00e9taphore du voyage pour conforter l\u2019enfant dans des conditions d\u2019acceptation et de compr\u00e9hension tout en douceur.<\/p>\n<p>D\u2019une part, nous concevons diff\u00e9rents objets de m\u00e9diation et d\u2019exp\u00e9rience sur les ph\u00e9nom\u00e8nes du corps. Ces outils seraient disponibles dans une structure-contenant. Nous avons pour l\u2019instant quelques difficult\u00e9s \u00e0 d\u00e9finir la forme cet objet. En tous cas, il serait le moyen de d\u00e9ployer un univers imaginaire, qui s\u2019\u00e9chappe de l\u2019univers hospitalier. L\u2019image du cabinet de curiosit\u00e9 nous inspire, nous pensons qu\u2019il est propice \u00e0 l\u2019envie de d\u00e9couverte et d\u2019exploration.<\/p>\n<p>Ah oui, nous oublions l\u00e0 une pr\u00e9cision importante : nous l\u2019imaginons en s\u00e9ance d\u2019\u00e9ducation th\u00e9rapeutique, servant de support aux discours du m\u00e9decin.<br \/>\nD\u2019autre part, nous nous questionnons sur le suivi du parcours de soin (question que nous avons pu soulever lors de nos ateliers du labo Design+Soin (lien de l\u2019article sur la cellule \u00e9ditoriale)). Vous vous en doutez, lorsqu\u2019un enfant est malade, il est important qu\u2019il soit accompagn\u00e9, de ses parents ou autres adultes responsables. C\u2019est pourquoi nous imaginons une plateforme num\u00e9rique \u00e0 partir de laquelle le parent, avec l\u2019enfant, pourrait suivre l\u2019\u00e9volution du parcours de soin en comprenant les objectifs de chaque s\u00e9ance d\u2019\u00e9ducation th\u00e9rapeutique qui jalonnent le parcours. Les soignants, eux, auraient une position d\u2019administrateur pour pouvoir g\u00e9rer le parcours de chaque patient en l\u2019adaptant \u00e0 son \u00e9volution, ses angoisses et ses difficult\u00e9s, en espa\u00e7ant les s\u00e9ances s\u2019ils estiment que le patient a besoin de plus de temps par exemple. Encore une fois, cette plateforme est la possibilit\u00e9 pour nous de renforcer cet imaginaire du voyage avec des symboles visuels (les s\u00e9ances d\u2019\u00e9ducation th\u00e9rapeutique repr\u00e9sent\u00e9es par un coffre-fort cachant un tr\u00e9sor, ou encore les associations de patients par des maisons).<\/p>\n<p><img loading=\"lazy\" class=\"aligncenter wp-image-316 size-large\" src=\"http:\/\/www.lyceelecorbusier.eu\/design-soin-sante\/wp-content\/uploads\/sites\/29\/2017\/01\/DSC_1548-1024x683.jpg\" width=\"640\" height=\"427\" srcset=\"https:\/\/www.lyceelecorbusier.eu\/design-soin-sante\/wp-content\/uploads\/sites\/29\/2017\/01\/DSC_1548-1024x683.jpg 1024w, https:\/\/www.lyceelecorbusier.eu\/design-soin-sante\/wp-content\/uploads\/sites\/29\/2017\/01\/DSC_1548-300x200.jpg 300w, https:\/\/www.lyceelecorbusier.eu\/design-soin-sante\/wp-content\/uploads\/sites\/29\/2017\/01\/DSC_1548-768x512.jpg 768w, https:\/\/www.lyceelecorbusier.eu\/design-soin-sante\/wp-content\/uploads\/sites\/29\/2017\/01\/DSC_1548-1798x1200.jpg 1798w, https:\/\/www.lyceelecorbusier.eu\/design-soin-sante\/wp-content\/uploads\/sites\/29\/2017\/01\/DSC_1548-960x641.jpg 960w\" sizes=\"(max-width: 640px) 100vw, 640px\" \/> <img loading=\"lazy\" class=\"aligncenter wp-image-319 size-large\" src=\"http:\/\/www.lyceelecorbusier.eu\/design-soin-sante\/wp-content\/uploads\/sites\/29\/2017\/01\/DSC_1523-1024x653.jpg\" width=\"640\" height=\"408\" srcset=\"https:\/\/www.lyceelecorbusier.eu\/design-soin-sante\/wp-content\/uploads\/sites\/29\/2017\/01\/DSC_1523-1024x653.jpg 1024w, https:\/\/www.lyceelecorbusier.eu\/design-soin-sante\/wp-content\/uploads\/sites\/29\/2017\/01\/DSC_1523-300x191.jpg 300w, https:\/\/www.lyceelecorbusier.eu\/design-soin-sante\/wp-content\/uploads\/sites\/29\/2017\/01\/DSC_1523-768x489.jpg 768w, https:\/\/www.lyceelecorbusier.eu\/design-soin-sante\/wp-content\/uploads\/sites\/29\/2017\/01\/DSC_1523-1800x1147.jpg 1800w, https:\/\/www.lyceelecorbusier.eu\/design-soin-sante\/wp-content\/uploads\/sites\/29\/2017\/01\/DSC_1523-960x612.jpg 960w\" sizes=\"(max-width: 640px) 100vw, 640px\" \/> <img loading=\"lazy\" class=\"aligncenter wp-image-320 size-large\" src=\"http:\/\/www.lyceelecorbusier.eu\/design-soin-sante\/wp-content\/uploads\/sites\/29\/2017\/01\/DSC_1529-1024x711.jpg\" width=\"640\" height=\"444\" srcset=\"https:\/\/www.lyceelecorbusier.eu\/design-soin-sante\/wp-content\/uploads\/sites\/29\/2017\/01\/DSC_1529-1024x711.jpg 1024w, https:\/\/www.lyceelecorbusier.eu\/design-soin-sante\/wp-content\/uploads\/sites\/29\/2017\/01\/DSC_1529-300x208.jpg 300w, https:\/\/www.lyceelecorbusier.eu\/design-soin-sante\/wp-content\/uploads\/sites\/29\/2017\/01\/DSC_1529-768x533.jpg 768w, https:\/\/www.lyceelecorbusier.eu\/design-soin-sante\/wp-content\/uploads\/sites\/29\/2017\/01\/DSC_1529-1728x1200.jpg 1728w, https:\/\/www.lyceelecorbusier.eu\/design-soin-sante\/wp-content\/uploads\/sites\/29\/2017\/01\/DSC_1529-960x667.jpg 960w\" sizes=\"(max-width: 640px) 100vw, 640px\" \/> <img loading=\"lazy\" class=\"aligncenter wp-image-321 size-large\" src=\"http:\/\/www.lyceelecorbusier.eu\/design-soin-sante\/wp-content\/uploads\/sites\/29\/2017\/01\/DSC_1533-1024x683.jpg\" width=\"640\" height=\"427\" srcset=\"https:\/\/www.lyceelecorbusier.eu\/design-soin-sante\/wp-content\/uploads\/sites\/29\/2017\/01\/DSC_1533-1024x683.jpg 1024w, https:\/\/www.lyceelecorbusier.eu\/design-soin-sante\/wp-content\/uploads\/sites\/29\/2017\/01\/DSC_1533-300x200.jpg 300w, https:\/\/www.lyceelecorbusier.eu\/design-soin-sante\/wp-content\/uploads\/sites\/29\/2017\/01\/DSC_1533-768x512.jpg 768w, https:\/\/www.lyceelecorbusier.eu\/design-soin-sante\/wp-content\/uploads\/sites\/29\/2017\/01\/DSC_1533-1798x1200.jpg 1798w, https:\/\/www.lyceelecorbusier.eu\/design-soin-sante\/wp-content\/uploads\/sites\/29\/2017\/01\/DSC_1533-960x641.jpg 960w\" sizes=\"(max-width: 640px) 100vw, 640px\" \/> <img loading=\"lazy\" class=\"aligncenter wp-image-318\" src=\"http:\/\/www.lyceelecorbusier.eu\/design-soin-sante\/wp-content\/uploads\/sites\/29\/2017\/01\/DSC_1555-150x150.jpg\" width=\"640\" height=\"1257\" srcset=\"https:\/\/www.lyceelecorbusier.eu\/design-soin-sante\/wp-content\/uploads\/sites\/29\/2017\/01\/DSC_1555-153x300.jpg 153w, https:\/\/www.lyceelecorbusier.eu\/design-soin-sante\/wp-content\/uploads\/sites\/29\/2017\/01\/DSC_1555-768x1508.jpg 768w, https:\/\/www.lyceelecorbusier.eu\/design-soin-sante\/wp-content\/uploads\/sites\/29\/2017\/01\/DSC_1555-521x1024.jpg 521w, https:\/\/www.lyceelecorbusier.eu\/design-soin-sante\/wp-content\/uploads\/sites\/29\/2017\/01\/DSC_1555-815x1600.jpg 815w, https:\/\/www.lyceelecorbusier.eu\/design-soin-sante\/wp-content\/uploads\/sites\/29\/2017\/01\/DSC_1555-611x1200.jpg 611w, https:\/\/www.lyceelecorbusier.eu\/design-soin-sante\/wp-content\/uploads\/sites\/29\/2017\/01\/DSC_1555-489x960.jpg 489w, https:\/\/www.lyceelecorbusier.eu\/design-soin-sante\/wp-content\/uploads\/sites\/29\/2017\/01\/DSC_1555.jpg 1831w\" sizes=\"(max-width: 640px) 100vw, 640px\" \/> <img loading=\"lazy\" class=\"aligncenter wp-image-317\" src=\"http:\/\/www.lyceelecorbusier.eu\/design-soin-sante\/wp-content\/uploads\/sites\/29\/2017\/01\/DSC_1554-150x150.jpg\" width=\"640\" height=\"990\" srcset=\"https:\/\/www.lyceelecorbusier.eu\/design-soin-sante\/wp-content\/uploads\/sites\/29\/2017\/01\/DSC_1554-194x300.jpg 194w, https:\/\/www.lyceelecorbusier.eu\/design-soin-sante\/wp-content\/uploads\/sites\/29\/2017\/01\/DSC_1554-768x1188.jpg 768w, https:\/\/www.lyceelecorbusier.eu\/design-soin-sante\/wp-content\/uploads\/sites\/29\/2017\/01\/DSC_1554-662x1024.jpg 662w, https:\/\/www.lyceelecorbusier.eu\/design-soin-sante\/wp-content\/uploads\/sites\/29\/2017\/01\/DSC_1554-1035x1600.jpg 1035w, https:\/\/www.lyceelecorbusier.eu\/design-soin-sante\/wp-content\/uploads\/sites\/29\/2017\/01\/DSC_1554-776x1200.jpg 776w, https:\/\/www.lyceelecorbusier.eu\/design-soin-sante\/wp-content\/uploads\/sites\/29\/2017\/01\/DSC_1554-621x960.jpg 621w\" sizes=\"(max-width: 640px) 100vw, 640px\" \/> <img loading=\"lazy\" class=\"aligncenter wp-image-322 size-large\" src=\"http:\/\/www.lyceelecorbusier.eu\/design-soin-sante\/wp-content\/uploads\/sites\/29\/2017\/01\/DSC_1534-1024x683.jpg\" width=\"640\" height=\"427\" srcset=\"https:\/\/www.lyceelecorbusier.eu\/design-soin-sante\/wp-content\/uploads\/sites\/29\/2017\/01\/DSC_1534-1024x683.jpg 1024w, https:\/\/www.lyceelecorbusier.eu\/design-soin-sante\/wp-content\/uploads\/sites\/29\/2017\/01\/DSC_1534-300x200.jpg 300w, https:\/\/www.lyceelecorbusier.eu\/design-soin-sante\/wp-content\/uploads\/sites\/29\/2017\/01\/DSC_1534-768x512.jpg 768w, https:\/\/www.lyceelecorbusier.eu\/design-soin-sante\/wp-content\/uploads\/sites\/29\/2017\/01\/DSC_1534-1798x1200.jpg 1798w, https:\/\/www.lyceelecorbusier.eu\/design-soin-sante\/wp-content\/uploads\/sites\/29\/2017\/01\/DSC_1534-960x641.jpg 960w\" sizes=\"(max-width: 640px) 100vw, 640px\" \/><\/p>\n<p>Apr\u00e8s les \u00e9changes avec nos profs de sp\u00e9cialit\u00e9s respectives, quelques points sont d\u00e9sormais \u00e0 pr\u00e9ciser pour pouvoir dessiner la suite de notre projet et ainsi affirmer notre dessein :<\/p>\n<ul>\n<li>Ne faudrait-il pas s\u2019\u00e9loigner des s\u00e9ances d\u2019\u00e9ducation th\u00e9rapeutique et s\u2019implanter ailleurs ? (des salles d\u2019attentes ? dans des lieux non m\u00e9dicaux ?)<\/li>\n<li>Les premiers visuels de la plateforme montrent certains \u00e9l\u00e9ments qui connotent de la ville, un contexte encore trop r\u00e9aliste. Pourquoi ne pas pousser la fiction plus loin dans un univers plus po\u00e9tique encore ? En poursuivant l\u2019id\u00e9e du voyage cosmique ?<\/li>\n<li>Penser \u00e0 la structure-contenant, pouvant se d\u00e9ployer et r\u00e9v\u00e9ler un univers imaginaire. Quels usages p\u00e9dagogiques cette structure pourrait-elle permettre ? Cette structure se r\u00e9f\u00e8re-t-elle uniquement au diab\u00e8te ou n\u2019est-il pas plus l\u00e9gitime de la penser pour l\u2019apprentissage de diff\u00e9rentes maladies chroniques ? Il nous faut \u00e9galement d\u00e9terminer les proc\u00e9d\u00e9s techniques de d\u00e9ploiement et modularit\u00e9 de cet objet.<\/li>\n<\/ul>\n","protected":false},"excerpt":{"rendered":"<p>Jeudi 12 et vendredi 13 janvier 2017 : \u201c\u00e9tat des lieux\u201d. L\u2019occasion pour nous de faire un bilan de mi-parcours. Nos id\u00e9es sont en constantes \u00e9volution. \u00c0 l\u2019heure actuelle voil\u00e0 comment nous imaginons le projet, avec nos objectifs&#8230; <a class=\"read-more\" href=\"https:\/\/www.lyceelecorbusier.eu\/design-soin-sante\/?p=314\">Lire la suite&#8230;<\/a><\/p>\n","protected":false},"author":1,"featured_media":0,"comment_status":"closed","ping_status":"closed","sticky":false,"template":"","format":"standard","meta":[],"categories":[10],"tags":[],"_links":{"self":[{"href":"https:\/\/www.lyceelecorbusier.eu\/design-soin-sante\/index.php?rest_route=\/wp\/v2\/posts\/314"}],"collection":[{"href":"https:\/\/www.lyceelecorbusier.eu\/design-soin-sante\/index.php?rest_route=\/wp\/v2\/posts"}],"about":[{"href":"https:\/\/www.lyceelecorbusier.eu\/design-soin-sante\/index.php?rest_route=\/wp\/v2\/types\/post"}],"author":[{"embeddable":true,"href":"https:\/\/www.lyceelecorbusier.eu\/design-soin-sante\/index.php?rest_route=\/wp\/v2\/users\/1"}],"replies":[{"embeddable":true,"href":"https:\/\/www.lyceelecorbusier.eu\/design-soin-sante\/index.php?rest_route=%2Fwp%2Fv2%2Fcomments&post=314"}],"version-history":[{"count":2,"href":"https:\/\/www.lyceelecorbusier.eu\/design-soin-sante\/index.php?rest_route=\/wp\/v2\/posts\/314\/revisions"}],"predecessor-version":[{"id":324,"href":"https:\/\/www.lyceelecorbusier.eu\/design-soin-sante\/index.php?rest_route=\/wp\/v2\/posts\/314\/revisions\/324"}],"wp:attachment":[{"href":"https:\/\/www.lyceelecorbusier.eu\/design-soin-sante\/index.php?rest_route=%2Fwp%2Fv2%2Fmedia&parent=314"}],"wp:term":[{"taxonomy":"category","embeddable":true,"href":"https:\/\/www.lyceelecorbusier.eu\/design-soin-sante\/index.php?rest_route=%2Fwp%2Fv2%2Fcategories&post=314"},{"taxonomy":"post_tag","embeddable":true,"href":"https:\/\/www.lyceelecorbusier.eu\/design-soin-sante\/index.php?rest_route=%2Fwp%2Fv2%2Ftags&post=314"}],"curies":[{"name":"wp","href":"https:\/\/api.w.org\/{rel}","templated":true}]}}