{"id":31,"date":"2016-11-11T10:19:51","date_gmt":"2016-11-11T09:19:51","guid":{"rendered":"http:\/\/www.lyceelecorbusier.eu\/pratiques-pedagogies\/?p=31"},"modified":"2016-12-13T11:28:18","modified_gmt":"2016-12-13T10:28:18","slug":"pauline-molina","status":"publish","type":"post","link":"https:\/\/www.lyceelecorbusier.eu\/design-soin-sante\/?p=31","title":{"rendered":"El\u00edn-Margot \u00c1rmannsd\u00f3ttir"},"content":{"rendered":"<p><span style=\"font-weight: 400\">N\u00e9e entre l\u2019Auvergne et les \u00eeles Vestmann, El\u00edn d\u00e9veloppe tr\u00e8s vite un attrait pour les objets qui l\u2019accompagnent. Elle suit un bac arts appliqu\u00e9s et un Bts design de produits \u00e0 l\u2019\u00c9SAAB de Nevers avant d\u2019int\u00e9grer le Dsaa design de service \u00e0 l\u2019Insitu Lab d\u2019Illkirch-Graffenstaden. Attach\u00e9e aux relations Hommes\/Objets elle d\u00e9veloppe aujourd\u2019hui un projet de dipl\u00f4me avec Ma\u00ebva Tobalagba au sein du labo sant\u00e9.<\/span><\/p>\n","protected":false},"excerpt":{"rendered":"<p>N\u00e9e entre l\u2019Auvergne et les \u00eeles Vestmann, El\u00edn d\u00e9veloppe tr\u00e8s vite un attrait pour les objets qui l\u2019accompagnent. Elle suit un bac arts appliqu\u00e9s et un Bts design de produits \u00e0 l\u2019\u00c9SAAB de Nevers avant d\u2019int\u00e9grer le Dsaa&#8230; <a class=\"read-more\" href=\"https:\/\/www.lyceelecorbusier.eu\/design-soin-sante\/?p=31\">Lire la suite&#8230;<\/a><\/p>\n","protected":false},"author":1,"featured_media":0,"comment_status":"closed","ping_status":"closed","sticky":false,"template":"","format":"standard","meta":[],"categories":[4],"tags":[],"_links":{"self":[{"href":"https:\/\/www.lyceelecorbusier.eu\/design-soin-sante\/index.php?rest_route=\/wp\/v2\/posts\/31"}],"collection":[{"href":"https:\/\/www.lyceelecorbusier.eu\/design-soin-sante\/index.php?rest_route=\/wp\/v2\/posts"}],"about":[{"href":"https:\/\/www.lyceelecorbusier.eu\/design-soin-sante\/index.php?rest_route=\/wp\/v2\/types\/post"}],"author":[{"embeddable":true,"href":"https:\/\/www.lyceelecorbusier.eu\/design-soin-sante\/index.php?rest_route=\/wp\/v2\/users\/1"}],"replies":[{"embeddable":true,"href":"https:\/\/www.lyceelecorbusier.eu\/design-soin-sante\/index.php?rest_route=%2Fwp%2Fv2%2Fcomments&post=31"}],"version-history":[{"count":3,"href":"https:\/\/www.lyceelecorbusier.eu\/design-soin-sante\/index.php?rest_route=\/wp\/v2\/posts\/31\/revisions"}],"predecessor-version":[{"id":221,"href":"https:\/\/www.lyceelecorbusier.eu\/design-soin-sante\/index.php?rest_route=\/wp\/v2\/posts\/31\/revisions\/221"}],"wp:attachment":[{"href":"https:\/\/www.lyceelecorbusier.eu\/design-soin-sante\/index.php?rest_route=%2Fwp%2Fv2%2Fmedia&parent=31"}],"wp:term":[{"taxonomy":"category","embeddable":true,"href":"https:\/\/www.lyceelecorbusier.eu\/design-soin-sante\/index.php?rest_route=%2Fwp%2Fv2%2Fcategories&post=31"},{"taxonomy":"post_tag","embeddable":true,"href":"https:\/\/www.lyceelecorbusier.eu\/design-soin-sante\/index.php?rest_route=%2Fwp%2Fv2%2Ftags&post=31"}],"curies":[{"name":"wp","href":"https:\/\/api.w.org\/{rel}","templated":true}]}}