{"id":130,"date":"2016-11-10T16:22:45","date_gmt":"2016-11-10T15:22:45","guid":{"rendered":"http:\/\/www.lyceelecorbusier.eu\/design-soin-sante\/?p=130"},"modified":"2017-03-16T14:31:27","modified_gmt":"2017-03-16T13:31:27","slug":"atelier-de-creation-de-service-numerique","status":"publish","type":"post","link":"https:\/\/www.lyceelecorbusier.eu\/design-soin-sante\/?p=130","title":{"rendered":"Les nouvelles technologies au service du patient"},"content":{"rendered":"<p><i>10 Novembre 2016 &#8211; Le matin<\/i><\/p>\n<p>Le labo Design+Soin participe ce jeudi 10 novembre \u00e0 L\u2019\u00c9cole d\u2019automne en management de la cr\u00e9ativit\u00e9. L\u2019\u00c9cole d\u2019Automne est une semaine destin\u00e9e \u00e0 familiariser les participants \u00e0 des processus cr\u00e9atifs et m\u00e9thodologies de projet. Chefs d\u2019entreprises, chercheurs, artisans, ing\u00e9nieurs, managers ou encore d\u00e9veloppeurs, les participants sont tous issus de secteurs d\u2019activit\u00e9s vari\u00e9s. Nous sommes accueillis \u00e0 l\u2019IRCAD (<em>Institut de Recherche contre le Cancer de l&#8217;Appareil Digestif<\/em>) pour une journ\u00e9e qui s\u2019articule autour de conf\u00e9rences et d\u2019ateliers pratiques questionnant \u00ab <em>L\u2019h\u00f4pital cr\u00e9atif : design et technologies au service du patient<\/em> \u00bb<\/p>\n<p>Le matin les conf\u00e9rences s\u2019encha\u00eenent. La premi\u00e8re est anim\u00e9e par Luc Soler, professeur \u00e0 l\u2019IRCAD, qui pr\u00e9sente ce centre de formation et l\u2019association qui forme et d\u00e9mocratise aupr\u00e8s des m\u00e9decins \u00e0 ces nouvelles pratiques chirurgicales. C\u2019est la partie technique du soin, qui se base sur des chiffres, des statistiques, tr\u00e8s \u00ab m\u00e9canique \u00bb, ce n\u2019est pas le prendre soin comme on a pu l\u2019appr\u00e9hender jusque maintenant, mais le soin qui r\u00e9pare le corps. Pour Luc Soler, l\u2019innovation passe irr\u00e9m\u00e9diablement par les nouvelles technologies. Cependant, certains praticiens sont contre ces nouvelles technologies de chirurgies, car elles remplacent la plus grande partie de leur activit\u00e9. Luc Soler souligne que l\u2019objectif de ce m\u00e9tier est sauver des vies, et qu\u2019il faut accepter de se mettre en retrait lorsque les machines travaillent avec plus de fiabilit\u00e9 que l\u2019homme. La conf\u00e9rence suivante est dirig\u00e9e par un des designers de l\u2019\u00e9quipe Volvo. La m\u00e9decine n\u2019est pas au programme de cette pr\u00e9sentation, mais les nouvelles technologies de pointe d\u00e9velopp\u00e9es par l\u2019entreprise y sont expos\u00e9es. Le conf\u00e9rencier explique les m\u00e9thodologies centr\u00e9es usag\u00e9 qu\u2019ils utilisent. Il a pr\u00e9sent\u00e9 le d\u00e9veloppement d\u2019applications qui assistent les ouvriers sur un chantier pour am\u00e9liorer leur s\u00e9curit\u00e9, mais aussi pour un futur plus lointain le d\u00e9veloppement de machines autonomes, \u00e9vitant les accidents de travailleurs, car ils n\u2019auraient plus acc\u00e8s au chantier. Une r\u00e9action du public nous a interpell\u00e9. Selon l\u2019intervenant, le r\u00e9el besoin est d\u2019augmenter la s\u00e9curit\u00e9 des ouvriers, mais pas de supprimer leur travail, remettant ainsi en cause la m\u00e9thode centr\u00e9e usager employ\u00e9e pour ce projet.<\/p>\n<p>Il est int\u00e9ressant de constater que les deux conf\u00e9rences pr\u00f4nent les nouvelles technologies comme principal facteur d\u2019innovation. Les machines sauvent des vies, chez Luc Soler en r\u00e9parant les corps et chez Volvo en enlevant le corps du milieu \u00e0 risque. Est-ce que l\u2019innovation est obligatoirement d\u2019ordre technologique, et a pour but de remplacer l\u2019homme par la machine ?<\/p>\n<p>La conf\u00e9rence de la Fabrique de l\u2019hospitalit\u00e9 ouvre le discours sur les innovations sociales dans l\u2019h\u00f4pital. Deux sociologues viennent pr\u00e9senter d\u2019un point de vue sociologique le projet de la maternit\u00e9. Cette analyse porte sur l\u2019\u00e9volution du service 10 ans apr\u00e8s sa conception par la Fabrique de l\u2019hospitalit\u00e9. Le projet a \u00e9t\u00e9 men\u00e9 sur un temps long de quatre ans, qui a permis aux usagers de s\u2019habituer et intervenir dans l\u2019\u00e9laboration du projet et ce qui a \u00e9galement contribu\u00e9 \u00e0 son succ\u00e8s. La forme d\u00e9coule donc des besoins de ce service hospitalier, et insuffle de nouveaux usages qui favorisent la transmission des savoirs li\u00e9s \u00e0 la maternit\u00e9. C\u2019est un atout pour la Fabrique de l\u2019hospitalit\u00e9 d\u2019\u00eatre int\u00e9gr\u00e9es \u00e0 l\u2019enceinte de l\u2019h\u00f4pital pour assurer le suivi des projets.<\/p>\n<p>A l&#8217;issue de ces conf\u00e9rences, Design + Soin se demande comment le num\u00e9rique va s&#8217;int\u00e9grer dans les projets de son labo. Il nous est important de penser l&#8217;outil num\u00e9rique comme un moyen de soutenir des innovations avant tout sociales, et non pas comme une fin en soi. En tant qu&#8217;outils de fabrication ou de communication, nous souhaitons r\u00e9investir le num\u00e9rique dans la mutualisation d&#8217;informations et la cr\u00e9ation de r\u00e9seaux entre patients. Il nous semble toutefois essentiel que le num\u00e9rique soit compl\u00e9mentaire du soin, et ne remplace pas l&#8217;humain, indispensable dans la relation patient-soignant.<\/p>\n<p style=\"text-align: right\"><i>Agathe, Suzanne, Mathilde, Aur\u00e9lie, El\u00edn, Ma\u00ebva<\/i><\/p>\n","protected":false},"excerpt":{"rendered":"<p>10 Novembre 2016 &#8211; Le matin Le labo Design+Soin participe ce jeudi 10 novembre \u00e0 L\u2019\u00c9cole d\u2019automne en management de la cr\u00e9ativit\u00e9. L\u2019\u00c9cole d\u2019Automne est une semaine destin\u00e9e \u00e0 familiariser les participants \u00e0 des processus cr\u00e9atifs et m\u00e9thodologies&#8230; <a class=\"read-more\" href=\"https:\/\/www.lyceelecorbusier.eu\/design-soin-sante\/?p=130\">Lire la suite&#8230;<\/a><\/p>\n","protected":false},"author":6,"featured_media":375,"comment_status":"closed","ping_status":"closed","sticky":false,"template":"","format":"standard","meta":[],"categories":[3],"tags":[],"_links":{"self":[{"href":"https:\/\/www.lyceelecorbusier.eu\/design-soin-sante\/index.php?rest_route=\/wp\/v2\/posts\/130"}],"collection":[{"href":"https:\/\/www.lyceelecorbusier.eu\/design-soin-sante\/index.php?rest_route=\/wp\/v2\/posts"}],"about":[{"href":"https:\/\/www.lyceelecorbusier.eu\/design-soin-sante\/index.php?rest_route=\/wp\/v2\/types\/post"}],"author":[{"embeddable":true,"href":"https:\/\/www.lyceelecorbusier.eu\/design-soin-sante\/index.php?rest_route=\/wp\/v2\/users\/6"}],"replies":[{"embeddable":true,"href":"https:\/\/www.lyceelecorbusier.eu\/design-soin-sante\/index.php?rest_route=%2Fwp%2Fv2%2Fcomments&post=130"}],"version-history":[{"count":6,"href":"https:\/\/www.lyceelecorbusier.eu\/design-soin-sante\/index.php?rest_route=\/wp\/v2\/posts\/130\/revisions"}],"predecessor-version":[{"id":252,"href":"https:\/\/www.lyceelecorbusier.eu\/design-soin-sante\/index.php?rest_route=\/wp\/v2\/posts\/130\/revisions\/252"}],"wp:featuredmedia":[{"embeddable":true,"href":"https:\/\/www.lyceelecorbusier.eu\/design-soin-sante\/index.php?rest_route=\/wp\/v2\/media\/375"}],"wp:attachment":[{"href":"https:\/\/www.lyceelecorbusier.eu\/design-soin-sante\/index.php?rest_route=%2Fwp%2Fv2%2Fmedia&parent=130"}],"wp:term":[{"taxonomy":"category","embeddable":true,"href":"https:\/\/www.lyceelecorbusier.eu\/design-soin-sante\/index.php?rest_route=%2Fwp%2Fv2%2Fcategories&post=130"},{"taxonomy":"post_tag","embeddable":true,"href":"https:\/\/www.lyceelecorbusier.eu\/design-soin-sante\/index.php?rest_route=%2Fwp%2Fv2%2Ftags&post=130"}],"curies":[{"name":"wp","href":"https:\/\/api.w.org\/{rel}","templated":true}]}}