{"id":97,"date":"2015-10-03T12:08:56","date_gmt":"2015-10-03T11:08:56","guid":{"rendered":"http:\/\/www.lyceelecorbusier.eu\/les-outils-de-la-transmission\/?p=97"},"modified":"2016-01-22T14:48:11","modified_gmt":"2016-01-22T13:48:11","slug":"georges","status":"publish","type":"post","link":"https:\/\/www.lyceelecorbusier.eu\/design-de-la-democratie\/?p=97","title":{"rendered":"Le projet d&#8217;Alice &#8211; Le temps de pause en entreprise."},"content":{"rendered":"<p>&nbsp;<\/p>\n<p>Alice Noll d\u00e9bute son parcours par une MANAA \u00e0 l&#8217;ORT Strasbourg. Elle quitte les bancs de cette \u00e9cole de mode pour rejoindre Le Corbusier et son BTS Design de Produits. A pr\u00e9sent, elle travaille au sein de l&#8217;In Situ Lab\u00a0o\u00f9 elle s&#8217;ouvre \u00e0 une dimension de design globale et de design de service.<\/p>\n<p>&nbsp;<\/p>\n<p>Et si je prenais une pause ?<\/p>\n<p>De ses exp\u00e9riences en entreprise na\u00eet son projet de dipl\u00f4me: LA PAUSE EN ENTREPRISE. Ces moments participent pleinement de la vie de l&#8217;entreprise et du bien-\u00eatre de celui-ci au sein de la structure.<\/p>\n<p><iframe loading=\"lazy\" width=\"640\" height=\"480\" src=\"https:\/\/www.youtube.com\/embed\/5qxXQf18EQI?feature=oembed\" frameborder=\"0\" allowfullscreen><\/iframe><\/p>\n","protected":false},"excerpt":{"rendered":"<p>&nbsp; Alice Noll d\u00e9bute son parcours par une MANAA \u00e0 l&#8217;ORT Strasbourg. Elle quitte les bancs de cette \u00e9cole de mode pour rejoindre Le Corbusier et son BTS Design de Produits. A pr\u00e9sent, elle travaille au sein de&#8230; <a class=\"read-more\" href=\"https:\/\/www.lyceelecorbusier.eu\/design-de-la-democratie\/?p=97\">Lire la suite&#8230;<\/a><\/p>\n","protected":false},"author":1,"featured_media":206,"comment_status":"closed","ping_status":"closed","sticky":true,"template":"","format":"standard","meta":[],"categories":[5,4],"tags":[],"_links":{"self":[{"href":"https:\/\/www.lyceelecorbusier.eu\/design-de-la-democratie\/index.php?rest_route=\/wp\/v2\/posts\/97"}],"collection":[{"href":"https:\/\/www.lyceelecorbusier.eu\/design-de-la-democratie\/index.php?rest_route=\/wp\/v2\/posts"}],"about":[{"href":"https:\/\/www.lyceelecorbusier.eu\/design-de-la-democratie\/index.php?rest_route=\/wp\/v2\/types\/post"}],"author":[{"embeddable":true,"href":"https:\/\/www.lyceelecorbusier.eu\/design-de-la-democratie\/index.php?rest_route=\/wp\/v2\/users\/1"}],"replies":[{"embeddable":true,"href":"https:\/\/www.lyceelecorbusier.eu\/design-de-la-democratie\/index.php?rest_route=%2Fwp%2Fv2%2Fcomments&post=97"}],"version-history":[{"count":13,"href":"https:\/\/www.lyceelecorbusier.eu\/design-de-la-democratie\/index.php?rest_route=\/wp\/v2\/posts\/97\/revisions"}],"predecessor-version":[{"id":359,"href":"https:\/\/www.lyceelecorbusier.eu\/design-de-la-democratie\/index.php?rest_route=\/wp\/v2\/posts\/97\/revisions\/359"}],"wp:featuredmedia":[{"embeddable":true,"href":"https:\/\/www.lyceelecorbusier.eu\/design-de-la-democratie\/index.php?rest_route=\/wp\/v2\/media\/206"}],"wp:attachment":[{"href":"https:\/\/www.lyceelecorbusier.eu\/design-de-la-democratie\/index.php?rest_route=%2Fwp%2Fv2%2Fmedia&parent=97"}],"wp:term":[{"taxonomy":"category","embeddable":true,"href":"https:\/\/www.lyceelecorbusier.eu\/design-de-la-democratie\/index.php?rest_route=%2Fwp%2Fv2%2Fcategories&post=97"},{"taxonomy":"post_tag","embeddable":true,"href":"https:\/\/www.lyceelecorbusier.eu\/design-de-la-democratie\/index.php?rest_route=%2Fwp%2Fv2%2Ftags&post=97"}],"curies":[{"name":"wp","href":"https:\/\/api.w.org\/{rel}","templated":true}]}}