{"id":52,"date":"2015-10-02T10:53:46","date_gmt":"2015-10-02T09:53:46","guid":{"rendered":"http:\/\/www.lyceelecorbusier.eu\/les-outils-de-la-transmission\/?p=52"},"modified":"2016-01-10T20:26:45","modified_gmt":"2016-01-10T19:26:45","slug":"paul","status":"publish","type":"post","link":"https:\/\/www.lyceelecorbusier.eu\/design-de-la-democratie\/?p=52","title":{"rendered":"Le projet de Barbara &#8211; Jeux d&#8217;alt\u00e9rit\u00e9 urbaine."},"content":{"rendered":"<p>&nbsp;<\/p>\n<p><a href=\"http:\/\/www.lyceelecorbusier.eu\/design-de-la-democratie\/wp-content\/uploads\/sites\/23\/2015\/12\/WIN_20151011_164247.jpg\" rel=\"attachment wp-att-230\"><img loading=\"lazy\" class=\"aligncenter wp-image-230 size-thumbnail\" src=\"http:\/\/www.lyceelecorbusier.eu\/design-de-la-democratie\/wp-content\/uploads\/sites\/23\/2015\/12\/WIN_20151011_164247-150x150.jpg\" alt=\"WIN_20151011_164247\" width=\"150\" height=\"150\" \/><\/a><\/p>\n<p>Barbara BELLIER a commenc\u00e9 son parcours en Arts Appliqu\u00e9s sur les bancs de La Souterraines, au lyc\u00e9e Raymond Loewy. Elle a \u00e9t\u00e9 int\u00e9gr\u00e9 \u00e0 l&#8217;\u00e9quipe de l&#8217;In Situ Lab en 2014, en tant que designer d&#8217;objets.\u00a0Aujourd&#8217;hui, elle s&#8217;ouvre sur d&#8217;autres domaines, qui sont le design global et le design de services.<\/p>\n<p>Si vous souhaitez la contacter, c&#8217;est par l\u00e0 : barbara.bllr@gmail.com<\/p>\n<p><a href=\"http:\/\/www.lyceelecorbusier.eu\/design-de-la-democratie\/wp-content\/uploads\/sites\/23\/2015\/10\/retouche-1.jpg\" rel=\"attachment wp-att-295\"><img loading=\"lazy\" width=\"1000\" height=\"563\" class=\"aligncenter size-full wp-image-295\" src=\"http:\/\/www.lyceelecorbusier.eu\/design-de-la-democratie\/wp-content\/uploads\/sites\/23\/2015\/10\/retouche-1.jpg\" alt=\"retouch\u00e9 1\" srcset=\"https:\/\/www.lyceelecorbusier.eu\/design-de-la-democratie\/wp-content\/uploads\/sites\/23\/2015\/10\/retouche-1.jpg 1000w, https:\/\/www.lyceelecorbusier.eu\/design-de-la-democratie\/wp-content\/uploads\/sites\/23\/2015\/10\/retouche-1-300x169.jpg 300w, https:\/\/www.lyceelecorbusier.eu\/design-de-la-democratie\/wp-content\/uploads\/sites\/23\/2015\/10\/retouche-1-768x432.jpg 768w, https:\/\/www.lyceelecorbusier.eu\/design-de-la-democratie\/wp-content\/uploads\/sites\/23\/2015\/10\/retouche-1-960x540.jpg 960w\" sizes=\"(max-width: 1000px) 100vw, 1000px\" \/><\/a><\/p>\n<p>Cette ann\u00e9e, elle a d\u00e9cid\u00e9 de s&#8217;attaquer au large sujet des relations humaines en ville. Elle fera de la ville son terrain de jeux, oui, j&#8217;ai bien dit Terrain de jeux, car c&#8217;est par le biais du jeu qu&#8217;elle abordera ce th\u00e8me.<\/p>\n<p>Agissant tant\u00f4t dans la cage d&#8217;escalier des immeubles, tant\u00f4t sur les trottoirs de la ville, ses exp\u00e9rimentations sociales et soci\u00e9tales visent \u00e0 observer, et \u00e0 cr\u00e9er des interactions.<\/p>\n<p>&nbsp;<\/p>\n<p>Elle se questionne sur diff\u00e9rentes probl\u00e9matiques :<\/p>\n<p>Quels enjeux \u00e0 repenser l&#8217;urbanit\u00e9, le rapport \u00e0 l&#8217;autre en ville ? Quels rapports entretient-on avec notre voisinage ? Quelle l\u00e9gitimit\u00e9 a-t-on \u00e0 vouloir \u00e0 tout prix cr\u00e9er du lien entre les habitants ? Les jeux urbains peuvent-ils \u00eatre un premier pas vers la r\u00e9conciliation entre les citadins dans leur mixit\u00e9 culturelle ?<\/p>\n<p>&nbsp;<\/p>\n<p>&nbsp;<\/p>\n<p>&nbsp;<\/p>\n<p>&nbsp;<\/p>\n","protected":false},"excerpt":{"rendered":"<p>&nbsp; Barbara BELLIER a commenc\u00e9 son parcours en Arts Appliqu\u00e9s sur les bancs de La Souterraines, au lyc\u00e9e Raymond Loewy. Elle a \u00e9t\u00e9 int\u00e9gr\u00e9 \u00e0 l&#8217;\u00e9quipe de l&#8217;In Situ Lab en 2014, en tant que designer d&#8217;objets.\u00a0Aujourd&#8217;hui, elle&#8230; <a class=\"read-more\" href=\"https:\/\/www.lyceelecorbusier.eu\/design-de-la-democratie\/?p=52\">Lire la suite&#8230;<\/a><\/p>\n","protected":false},"author":1,"featured_media":295,"comment_status":"closed","ping_status":"closed","sticky":false,"template":"","format":"standard","meta":[],"categories":[7,4],"tags":[],"_links":{"self":[{"href":"https:\/\/www.lyceelecorbusier.eu\/design-de-la-democratie\/index.php?rest_route=\/wp\/v2\/posts\/52"}],"collection":[{"href":"https:\/\/www.lyceelecorbusier.eu\/design-de-la-democratie\/index.php?rest_route=\/wp\/v2\/posts"}],"about":[{"href":"https:\/\/www.lyceelecorbusier.eu\/design-de-la-democratie\/index.php?rest_route=\/wp\/v2\/types\/post"}],"author":[{"embeddable":true,"href":"https:\/\/www.lyceelecorbusier.eu\/design-de-la-democratie\/index.php?rest_route=\/wp\/v2\/users\/1"}],"replies":[{"embeddable":true,"href":"https:\/\/www.lyceelecorbusier.eu\/design-de-la-democratie\/index.php?rest_route=%2Fwp%2Fv2%2Fcomments&post=52"}],"version-history":[{"count":12,"href":"https:\/\/www.lyceelecorbusier.eu\/design-de-la-democratie\/index.php?rest_route=\/wp\/v2\/posts\/52\/revisions"}],"predecessor-version":[{"id":348,"href":"https:\/\/www.lyceelecorbusier.eu\/design-de-la-democratie\/index.php?rest_route=\/wp\/v2\/posts\/52\/revisions\/348"}],"wp:featuredmedia":[{"embeddable":true,"href":"https:\/\/www.lyceelecorbusier.eu\/design-de-la-democratie\/index.php?rest_route=\/wp\/v2\/media\/295"}],"wp:attachment":[{"href":"https:\/\/www.lyceelecorbusier.eu\/design-de-la-democratie\/index.php?rest_route=%2Fwp%2Fv2%2Fmedia&parent=52"}],"wp:term":[{"taxonomy":"category","embeddable":true,"href":"https:\/\/www.lyceelecorbusier.eu\/design-de-la-democratie\/index.php?rest_route=%2Fwp%2Fv2%2Fcategories&post=52"},{"taxonomy":"post_tag","embeddable":true,"href":"https:\/\/www.lyceelecorbusier.eu\/design-de-la-democratie\/index.php?rest_route=%2Fwp%2Fv2%2Ftags&post=52"}],"curies":[{"name":"wp","href":"https:\/\/api.w.org\/{rel}","templated":true}]}}