{"id":353,"date":"2016-01-20T16:31:43","date_gmt":"2016-01-20T15:31:43","guid":{"rendered":"http:\/\/www.lyceelecorbusier.eu\/design-de-la-democratie\/?p=353"},"modified":"2016-01-20T16:31:43","modified_gmt":"2016-01-20T15:31:43","slug":"la-pause-en-entreprise","status":"publish","type":"post","link":"https:\/\/www.lyceelecorbusier.eu\/design-de-la-democratie\/?p=353","title":{"rendered":"La pause en entreprise"},"content":{"rendered":"<p>L\u2019activit\u00e9 se suspend, pour laisser quelques minutes de pause aux employ\u00e9s. Temps b\u00e9ni du repos, il permet \u00e0 chacun de se soustraire au travail. Pourtant, il se passe n\u00e9cessairement au sein de l\u2019entreprise. Manger ensemble, r\u00e9chauffer son repas, aller fumer une cigarette ou encore boire un caf\u00e9 ? Voici les diff\u00e9rentes options dont dispose un secr\u00e9taire, un ouvrier, ou encore un directeur d\u2019entreprise. Cependant, chaque instrument de la pause, de l\u2019espace aux objets mis \u00e0 disposition rappelle \u00e0 l\u2019employ\u00e9 qu\u2019il se trouve sur son lieu de travail.<\/p>\n<p>Alice NOLL\u00a0s\u2019inscrit dans ce sch\u00e9ma de la pause pour y apporter identit\u00e9 et confort. Elle outille ainsi la pause d\u2019une gamme d\u2019objets destin\u00e9s \u00e0 alimenter l\u2019intimit\u00e9 ou au contraire la sociabilisation. Il s\u2019agit de redonner de l\u2019identit\u00e9 aux ustensiles de la d\u00e9tente pour que les employ\u00e9s se r\u00e9approprient des lieux communs.<\/p>\n","protected":false},"excerpt":{"rendered":"<p>L\u2019activit\u00e9 se suspend, pour laisser quelques minutes de pause aux employ\u00e9s. Temps b\u00e9ni du repos, il permet \u00e0 chacun de se soustraire au travail. Pourtant, il se passe n\u00e9cessairement au sein de l\u2019entreprise. Manger ensemble, r\u00e9chauffer son repas,&#8230; <a class=\"read-more\" href=\"https:\/\/www.lyceelecorbusier.eu\/design-de-la-democratie\/?p=353\">Lire la suite&#8230;<\/a><\/p>\n","protected":false},"author":1,"featured_media":0,"comment_status":"closed","ping_status":"closed","sticky":false,"template":"","format":"standard","meta":[],"categories":[5,4],"tags":[],"_links":{"self":[{"href":"https:\/\/www.lyceelecorbusier.eu\/design-de-la-democratie\/index.php?rest_route=\/wp\/v2\/posts\/353"}],"collection":[{"href":"https:\/\/www.lyceelecorbusier.eu\/design-de-la-democratie\/index.php?rest_route=\/wp\/v2\/posts"}],"about":[{"href":"https:\/\/www.lyceelecorbusier.eu\/design-de-la-democratie\/index.php?rest_route=\/wp\/v2\/types\/post"}],"author":[{"embeddable":true,"href":"https:\/\/www.lyceelecorbusier.eu\/design-de-la-democratie\/index.php?rest_route=\/wp\/v2\/users\/1"}],"replies":[{"embeddable":true,"href":"https:\/\/www.lyceelecorbusier.eu\/design-de-la-democratie\/index.php?rest_route=%2Fwp%2Fv2%2Fcomments&post=353"}],"version-history":[{"count":1,"href":"https:\/\/www.lyceelecorbusier.eu\/design-de-la-democratie\/index.php?rest_route=\/wp\/v2\/posts\/353\/revisions"}],"predecessor-version":[{"id":354,"href":"https:\/\/www.lyceelecorbusier.eu\/design-de-la-democratie\/index.php?rest_route=\/wp\/v2\/posts\/353\/revisions\/354"}],"wp:attachment":[{"href":"https:\/\/www.lyceelecorbusier.eu\/design-de-la-democratie\/index.php?rest_route=%2Fwp%2Fv2%2Fmedia&parent=353"}],"wp:term":[{"taxonomy":"category","embeddable":true,"href":"https:\/\/www.lyceelecorbusier.eu\/design-de-la-democratie\/index.php?rest_route=%2Fwp%2Fv2%2Fcategories&post=353"},{"taxonomy":"post_tag","embeddable":true,"href":"https:\/\/www.lyceelecorbusier.eu\/design-de-la-democratie\/index.php?rest_route=%2Fwp%2Fv2%2Ftags&post=353"}],"curies":[{"name":"wp","href":"https:\/\/api.w.org\/{rel}","templated":true}]}}