{"id":307,"date":"2015-10-16T19:00:47","date_gmt":"2015-10-16T18:00:47","guid":{"rendered":"http:\/\/www.lyceelecorbusier.eu\/design-de-la-democratie\/?p=307"},"modified":"2016-01-10T20:28:43","modified_gmt":"2016-01-10T19:28:43","slug":"semaine-de-linnovation-publique","status":"publish","type":"post","link":"https:\/\/www.lyceelecorbusier.eu\/design-de-la-democratie\/?p=307","title":{"rendered":"SEMAINE DE L&#8217;INNOVATION PUBLIQUE"},"content":{"rendered":"<p><a href=\"http:\/\/www.lyceelecorbusier.eu\/design-de-la-democratie\/wp-content\/uploads\/sites\/23\/2015\/10\/Semaine-innovation-logo-1200x800_485304.jpg\" rel=\"attachment wp-att-317\"><img loading=\"lazy\" class=\"alignleft wp-image-317 size-thumbnail\" src=\"http:\/\/www.lyceelecorbusier.eu\/design-de-la-democratie\/wp-content\/uploads\/sites\/23\/2015\/10\/Semaine-innovation-logo-1200x800_485304-150x150.jpg\" alt=\"Semaine-innovation---logo-1200x800_485304\" width=\"150\" height=\"150\" srcset=\"https:\/\/www.lyceelecorbusier.eu\/design-de-la-democratie\/wp-content\/uploads\/sites\/23\/2015\/10\/Semaine-innovation-logo-1200x800_485304-150x150.jpg 150w, https:\/\/www.lyceelecorbusier.eu\/design-de-la-democratie\/wp-content\/uploads\/sites\/23\/2015\/10\/Semaine-innovation-logo-1200x800_485304-720x720.jpg 720w\" sizes=\"(max-width: 150px) 100vw, 150px\" \/>L<\/a>e 14 et 15 octobre, les \u00e9tudiants du DSAA de l&#8217;In Situ Lab sont multi-pr\u00e9sents dans les rues de Strasbourg ! Ils se lancent et exp\u00e9rimentent de premiers outils avec les usagers.<\/p>\n<p>L&#8217;\u00e9quipe du design de la d\u00e9mocratie s&#8217;est concentr\u00e9 sur le lieu de la maison citoyenne, de la m\u00e9trop\u00f4le de Strasbourg, et de la place Kl\u00e9ber, en plein centre-ville.<\/p>\n<p>&nbsp;<\/p>\n<p><a href=\"http:\/\/www.lyceelecorbusier.eu\/design-de-la-democratie\/wp-content\/uploads\/sites\/23\/2016\/01\/retouche-10.jpg\" rel=\"attachment wp-att-314\"><img loading=\"lazy\" width=\"1000\" height=\"667\" class=\"aligncenter size-large wp-image-314\" src=\"http:\/\/www.lyceelecorbusier.eu\/design-de-la-democratie\/wp-content\/uploads\/sites\/23\/2016\/01\/retouche-10.jpg\" alt=\"retouch\u00e9 10\" srcset=\"https:\/\/www.lyceelecorbusier.eu\/design-de-la-democratie\/wp-content\/uploads\/sites\/23\/2016\/01\/retouche-10.jpg 1000w, https:\/\/www.lyceelecorbusier.eu\/design-de-la-democratie\/wp-content\/uploads\/sites\/23\/2016\/01\/retouche-10-300x200.jpg 300w, https:\/\/www.lyceelecorbusier.eu\/design-de-la-democratie\/wp-content\/uploads\/sites\/23\/2016\/01\/retouche-10-768x512.jpg 768w, https:\/\/www.lyceelecorbusier.eu\/design-de-la-democratie\/wp-content\/uploads\/sites\/23\/2016\/01\/retouche-10-960x640.jpg 960w\" sizes=\"(max-width: 1000px) 100vw, 1000px\" \/><\/a> <a href=\"http:\/\/www.lyceelecorbusier.eu\/design-de-la-democratie\/wp-content\/uploads\/sites\/23\/2016\/01\/retouche-7.jpg\" rel=\"attachment wp-att-311\"><img loading=\"lazy\" width=\"1000\" height=\"667\" class=\"aligncenter size-large wp-image-311\" src=\"http:\/\/www.lyceelecorbusier.eu\/design-de-la-democratie\/wp-content\/uploads\/sites\/23\/2016\/01\/retouche-7.jpg\" alt=\"retouch\u00e9 7\" srcset=\"https:\/\/www.lyceelecorbusier.eu\/design-de-la-democratie\/wp-content\/uploads\/sites\/23\/2016\/01\/retouche-7.jpg 1000w, https:\/\/www.lyceelecorbusier.eu\/design-de-la-democratie\/wp-content\/uploads\/sites\/23\/2016\/01\/retouche-7-300x200.jpg 300w, https:\/\/www.lyceelecorbusier.eu\/design-de-la-democratie\/wp-content\/uploads\/sites\/23\/2016\/01\/retouche-7-768x512.jpg 768w, https:\/\/www.lyceelecorbusier.eu\/design-de-la-democratie\/wp-content\/uploads\/sites\/23\/2016\/01\/retouche-7-960x640.jpg 960w\" sizes=\"(max-width: 1000px) 100vw, 1000px\" \/><\/a><a href=\"http:\/\/www.lyceelecorbusier.eu\/design-de-la-democratie\/wp-content\/uploads\/sites\/23\/2016\/01\/retouche-8.jpg\" rel=\"attachment wp-att-312\"><img loading=\"lazy\" width=\"1000\" height=\"667\" class=\"aligncenter size-large wp-image-312\" src=\"http:\/\/www.lyceelecorbusier.eu\/design-de-la-democratie\/wp-content\/uploads\/sites\/23\/2016\/01\/retouche-8.jpg\" alt=\"retouch\u00e9 8\" srcset=\"https:\/\/www.lyceelecorbusier.eu\/design-de-la-democratie\/wp-content\/uploads\/sites\/23\/2016\/01\/retouche-8.jpg 1000w, https:\/\/www.lyceelecorbusier.eu\/design-de-la-democratie\/wp-content\/uploads\/sites\/23\/2016\/01\/retouche-8-300x200.jpg 300w, https:\/\/www.lyceelecorbusier.eu\/design-de-la-democratie\/wp-content\/uploads\/sites\/23\/2016\/01\/retouche-8-768x512.jpg 768w, https:\/\/www.lyceelecorbusier.eu\/design-de-la-democratie\/wp-content\/uploads\/sites\/23\/2016\/01\/retouche-8-960x640.jpg 960w\" sizes=\"(max-width: 1000px) 100vw, 1000px\" \/><\/a><a href=\"http:\/\/www.lyceelecorbusier.eu\/design-de-la-democratie\/wp-content\/uploads\/sites\/23\/2016\/01\/retouche-9.jpg\" rel=\"attachment wp-att-313\"><img loading=\"lazy\" width=\"1000\" height=\"667\" class=\"aligncenter size-large wp-image-313\" src=\"http:\/\/www.lyceelecorbusier.eu\/design-de-la-democratie\/wp-content\/uploads\/sites\/23\/2016\/01\/retouche-9.jpg\" alt=\"retouch\u00e9 9\" srcset=\"https:\/\/www.lyceelecorbusier.eu\/design-de-la-democratie\/wp-content\/uploads\/sites\/23\/2016\/01\/retouche-9.jpg 1000w, https:\/\/www.lyceelecorbusier.eu\/design-de-la-democratie\/wp-content\/uploads\/sites\/23\/2016\/01\/retouche-9-300x200.jpg 300w, https:\/\/www.lyceelecorbusier.eu\/design-de-la-democratie\/wp-content\/uploads\/sites\/23\/2016\/01\/retouche-9-768x512.jpg 768w, https:\/\/www.lyceelecorbusier.eu\/design-de-la-democratie\/wp-content\/uploads\/sites\/23\/2016\/01\/retouche-9-960x640.jpg 960w\" sizes=\"(max-width: 1000px) 100vw, 1000px\" \/><\/a><a href=\"http:\/\/www.lyceelecorbusier.eu\/design-de-la-democratie\/wp-content\/uploads\/sites\/23\/2016\/01\/retouche-4-3.jpg\" rel=\"attachment wp-att-308\"><img loading=\"lazy\" width=\"1000\" height=\"667\" class=\"aligncenter size-full wp-image-308\" src=\"http:\/\/www.lyceelecorbusier.eu\/design-de-la-democratie\/wp-content\/uploads\/sites\/23\/2016\/01\/retouche-4-3.jpg\" alt=\"retouch\u00e9 4\" srcset=\"https:\/\/www.lyceelecorbusier.eu\/design-de-la-democratie\/wp-content\/uploads\/sites\/23\/2016\/01\/retouche-4-3.jpg 1000w, https:\/\/www.lyceelecorbusier.eu\/design-de-la-democratie\/wp-content\/uploads\/sites\/23\/2016\/01\/retouche-4-3-300x200.jpg 300w, https:\/\/www.lyceelecorbusier.eu\/design-de-la-democratie\/wp-content\/uploads\/sites\/23\/2016\/01\/retouche-4-3-768x512.jpg 768w, https:\/\/www.lyceelecorbusier.eu\/design-de-la-democratie\/wp-content\/uploads\/sites\/23\/2016\/01\/retouche-4-3-960x640.jpg 960w\" sizes=\"(max-width: 1000px) 100vw, 1000px\" \/><\/a><a href=\"http:\/\/www.lyceelecorbusier.eu\/design-de-la-democratie\/wp-content\/uploads\/sites\/23\/2016\/01\/retouche-6-1.jpg\" rel=\"attachment wp-att-310\"><img loading=\"lazy\" width=\"1000\" height=\"667\" class=\"aligncenter size-large wp-image-310\" src=\"http:\/\/www.lyceelecorbusier.eu\/design-de-la-democratie\/wp-content\/uploads\/sites\/23\/2016\/01\/retouche-6-1.jpg\" alt=\"retouch\u00e9 6\" srcset=\"https:\/\/www.lyceelecorbusier.eu\/design-de-la-democratie\/wp-content\/uploads\/sites\/23\/2016\/01\/retouche-6-1.jpg 1000w, https:\/\/www.lyceelecorbusier.eu\/design-de-la-democratie\/wp-content\/uploads\/sites\/23\/2016\/01\/retouche-6-1-300x200.jpg 300w, https:\/\/www.lyceelecorbusier.eu\/design-de-la-democratie\/wp-content\/uploads\/sites\/23\/2016\/01\/retouche-6-1-768x512.jpg 768w, https:\/\/www.lyceelecorbusier.eu\/design-de-la-democratie\/wp-content\/uploads\/sites\/23\/2016\/01\/retouche-6-1-960x640.jpg 960w\" sizes=\"(max-width: 1000px) 100vw, 1000px\" \/><\/a><a href=\"http:\/\/www.lyceelecorbusier.eu\/design-de-la-democratie\/wp-content\/uploads\/sites\/23\/2016\/01\/retouche-5-1.jpg\" rel=\"attachment wp-att-309\"><img loading=\"lazy\" width=\"1000\" height=\"667\" class=\"aligncenter size-large wp-image-309\" src=\"http:\/\/www.lyceelecorbusier.eu\/design-de-la-democratie\/wp-content\/uploads\/sites\/23\/2016\/01\/retouche-5-1.jpg\" alt=\"retouch\u00e9 5\" srcset=\"https:\/\/www.lyceelecorbusier.eu\/design-de-la-democratie\/wp-content\/uploads\/sites\/23\/2016\/01\/retouche-5-1.jpg 1000w, https:\/\/www.lyceelecorbusier.eu\/design-de-la-democratie\/wp-content\/uploads\/sites\/23\/2016\/01\/retouche-5-1-300x200.jpg 300w, https:\/\/www.lyceelecorbusier.eu\/design-de-la-democratie\/wp-content\/uploads\/sites\/23\/2016\/01\/retouche-5-1-768x512.jpg 768w, https:\/\/www.lyceelecorbusier.eu\/design-de-la-democratie\/wp-content\/uploads\/sites\/23\/2016\/01\/retouche-5-1-960x640.jpg 960w\" sizes=\"(max-width: 1000px) 100vw, 1000px\" \/><\/a><a href=\"http:\/\/www.lyceelecorbusier.eu\/design-de-la-democratie\/wp-content\/uploads\/sites\/23\/2016\/01\/retouche.jpg\" rel=\"attachment wp-att-315\"><img loading=\"lazy\" width=\"1000\" height=\"667\" class=\"aligncenter size-large wp-image-315\" src=\"http:\/\/www.lyceelecorbusier.eu\/design-de-la-democratie\/wp-content\/uploads\/sites\/23\/2016\/01\/retouche.jpg\" alt=\"retouch\u00e9\" srcset=\"https:\/\/www.lyceelecorbusier.eu\/design-de-la-democratie\/wp-content\/uploads\/sites\/23\/2016\/01\/retouche.jpg 1000w, https:\/\/www.lyceelecorbusier.eu\/design-de-la-democratie\/wp-content\/uploads\/sites\/23\/2016\/01\/retouche-300x200.jpg 300w, https:\/\/www.lyceelecorbusier.eu\/design-de-la-democratie\/wp-content\/uploads\/sites\/23\/2016\/01\/retouche-768x512.jpg 768w, https:\/\/www.lyceelecorbusier.eu\/design-de-la-democratie\/wp-content\/uploads\/sites\/23\/2016\/01\/retouche-960x640.jpg 960w\" sizes=\"(max-width: 1000px) 100vw, 1000px\" \/><\/a><\/p>\n","protected":false},"excerpt":{"rendered":"<p>Le 14 et 15 octobre, les \u00e9tudiants du DSAA de l&#8217;In Situ Lab sont multi-pr\u00e9sents dans les rues de Strasbourg ! Ils se lancent et exp\u00e9rimentent de premiers outils avec les usagers. L&#8217;\u00e9quipe du design de la d\u00e9mocratie&#8230; <a class=\"read-more\" href=\"https:\/\/www.lyceelecorbusier.eu\/design-de-la-democratie\/?p=307\">Lire la suite&#8230;<\/a><\/p>\n","protected":false},"author":1,"featured_media":315,"comment_status":"closed","ping_status":"closed","sticky":false,"template":"","format":"standard","meta":[],"categories":[2,4],"tags":[],"_links":{"self":[{"href":"https:\/\/www.lyceelecorbusier.eu\/design-de-la-democratie\/index.php?rest_route=\/wp\/v2\/posts\/307"}],"collection":[{"href":"https:\/\/www.lyceelecorbusier.eu\/design-de-la-democratie\/index.php?rest_route=\/wp\/v2\/posts"}],"about":[{"href":"https:\/\/www.lyceelecorbusier.eu\/design-de-la-democratie\/index.php?rest_route=\/wp\/v2\/types\/post"}],"author":[{"embeddable":true,"href":"https:\/\/www.lyceelecorbusier.eu\/design-de-la-democratie\/index.php?rest_route=\/wp\/v2\/users\/1"}],"replies":[{"embeddable":true,"href":"https:\/\/www.lyceelecorbusier.eu\/design-de-la-democratie\/index.php?rest_route=%2Fwp%2Fv2%2Fcomments&post=307"}],"version-history":[{"count":6,"href":"https:\/\/www.lyceelecorbusier.eu\/design-de-la-democratie\/index.php?rest_route=\/wp\/v2\/posts\/307\/revisions"}],"predecessor-version":[{"id":349,"href":"https:\/\/www.lyceelecorbusier.eu\/design-de-la-democratie\/index.php?rest_route=\/wp\/v2\/posts\/307\/revisions\/349"}],"wp:featuredmedia":[{"embeddable":true,"href":"https:\/\/www.lyceelecorbusier.eu\/design-de-la-democratie\/index.php?rest_route=\/wp\/v2\/media\/315"}],"wp:attachment":[{"href":"https:\/\/www.lyceelecorbusier.eu\/design-de-la-democratie\/index.php?rest_route=%2Fwp%2Fv2%2Fmedia&parent=307"}],"wp:term":[{"taxonomy":"category","embeddable":true,"href":"https:\/\/www.lyceelecorbusier.eu\/design-de-la-democratie\/index.php?rest_route=%2Fwp%2Fv2%2Fcategories&post=307"},{"taxonomy":"post_tag","embeddable":true,"href":"https:\/\/www.lyceelecorbusier.eu\/design-de-la-democratie\/index.php?rest_route=%2Fwp%2Fv2%2Ftags&post=307"}],"curies":[{"name":"wp","href":"https:\/\/api.w.org\/{rel}","templated":true}]}}