{"id":245,"date":"2016-01-10T17:27:16","date_gmt":"2016-01-10T16:27:16","guid":{"rendered":"http:\/\/www.lyceelecorbusier.eu\/design-de-la-democratie\/?p=245"},"modified":"2016-01-10T20:16:59","modified_gmt":"2016-01-10T19:16:59","slug":"exposition-des-recherches-de-diplome-a-lin-situ-lab","status":"publish","type":"post","link":"https:\/\/www.lyceelecorbusier.eu\/design-de-la-democratie\/?p=245","title":{"rendered":"\u00c9TAT DES LIEUX DES PROJETS DE DIPL\u00d4ME \u00c0 L&#8217;IN SITU LAB"},"content":{"rendered":"<p>Ce jeudi et vendredi 7 et 8 janvier, la promotion des DSAA 2 a expos\u00e9 un \u00e9tat des lieux des recherches effectu\u00e9es dans le cadre du projet de dipl\u00f4me.<\/p>\n<p>En quelques images, l&#8217;exposition des acteurs du laboratoire du design de la d\u00e9mocratie :<\/p>\n<p style=\"text-align: center\"><strong>LA PAUSE EN ENTREPRISE <\/strong><\/p>\n<p style=\"text-align: center\"><strong>-ALICE NOLL-<\/strong><\/p>\n<p><a href=\"http:\/\/www.lyceelecorbusier.eu\/design-de-la-democratie\/wp-content\/uploads\/sites\/23\/2016\/01\/retouches-wordpress.jpg\" rel=\"attachment wp-att-246\"><img loading=\"lazy\" width=\"500\" height=\"750\" class=\"size-full wp-image-246 aligncenter\" src=\"http:\/\/www.lyceelecorbusier.eu\/design-de-la-democratie\/wp-content\/uploads\/sites\/23\/2016\/01\/retouches-wordpress.jpg\" alt=\"retouches wordpress\" srcset=\"https:\/\/www.lyceelecorbusier.eu\/design-de-la-democratie\/wp-content\/uploads\/sites\/23\/2016\/01\/retouches-wordpress.jpg 500w, https:\/\/www.lyceelecorbusier.eu\/design-de-la-democratie\/wp-content\/uploads\/sites\/23\/2016\/01\/retouches-wordpress-200x300.jpg 200w\" sizes=\"(max-width: 500px) 100vw, 500px\" \/><\/a><a href=\"http:\/\/www.lyceelecorbusier.eu\/design-de-la-democratie\/wp-content\/uploads\/sites\/23\/2016\/01\/retouches-wordpress-3.jpg\" rel=\"attachment wp-att-254\"><img loading=\"lazy\" width=\"1000\" height=\"667\" class=\"aligncenter size-large wp-image-254\" src=\"http:\/\/www.lyceelecorbusier.eu\/design-de-la-democratie\/wp-content\/uploads\/sites\/23\/2016\/01\/retouches-wordpress-3.jpg\" alt=\"retouches wordpress 3\" srcset=\"https:\/\/www.lyceelecorbusier.eu\/design-de-la-democratie\/wp-content\/uploads\/sites\/23\/2016\/01\/retouches-wordpress-3.jpg 1000w, https:\/\/www.lyceelecorbusier.eu\/design-de-la-democratie\/wp-content\/uploads\/sites\/23\/2016\/01\/retouches-wordpress-3-300x200.jpg 300w, https:\/\/www.lyceelecorbusier.eu\/design-de-la-democratie\/wp-content\/uploads\/sites\/23\/2016\/01\/retouches-wordpress-3-768x512.jpg 768w, https:\/\/www.lyceelecorbusier.eu\/design-de-la-democratie\/wp-content\/uploads\/sites\/23\/2016\/01\/retouches-wordpress-3-960x640.jpg 960w\" sizes=\"(max-width: 1000px) 100vw, 1000px\" \/><\/a><a href=\"http:\/\/www.lyceelecorbusier.eu\/design-de-la-democratie\/wp-content\/uploads\/sites\/23\/2016\/01\/retouches-wordpress-9.jpg\" rel=\"attachment wp-att-267\"><img loading=\"lazy\" width=\"1000\" height=\"667\" class=\"aligncenter size-full wp-image-267\" src=\"http:\/\/www.lyceelecorbusier.eu\/design-de-la-democratie\/wp-content\/uploads\/sites\/23\/2016\/01\/retouches-wordpress-9.jpg\" alt=\"retouches wordpress 9\" srcset=\"https:\/\/www.lyceelecorbusier.eu\/design-de-la-democratie\/wp-content\/uploads\/sites\/23\/2016\/01\/retouches-wordpress-9.jpg 1000w, https:\/\/www.lyceelecorbusier.eu\/design-de-la-democratie\/wp-content\/uploads\/sites\/23\/2016\/01\/retouches-wordpress-9-300x200.jpg 300w, https:\/\/www.lyceelecorbusier.eu\/design-de-la-democratie\/wp-content\/uploads\/sites\/23\/2016\/01\/retouches-wordpress-9-768x512.jpg 768w, https:\/\/www.lyceelecorbusier.eu\/design-de-la-democratie\/wp-content\/uploads\/sites\/23\/2016\/01\/retouches-wordpress-9-960x640.jpg 960w\" sizes=\"(max-width: 1000px) 100vw, 1000px\" \/><\/a><\/p>\n<p>&nbsp;<\/p>\n<p style=\"text-align: center\"><strong>JEUX D&#8217;URBANIT\u00c9<\/strong><\/p>\n<p style=\"text-align: center\"><strong>&#8211; BARBARA BELLIER &#8211;<\/strong><\/p>\n<p><a href=\"http:\/\/www.lyceelecorbusier.eu\/design-de-la-democratie\/wp-content\/uploads\/sites\/23\/2016\/01\/retouches-wordpress-8.jpg\" rel=\"attachment wp-att-249\"><img loading=\"lazy\" width=\"888\" height=\"593\" class=\"aligncenter size-full wp-image-249\" src=\"http:\/\/www.lyceelecorbusier.eu\/design-de-la-democratie\/wp-content\/uploads\/sites\/23\/2016\/01\/retouches-wordpress-8.jpg\" alt=\"retouches wordpress 8\" srcset=\"https:\/\/www.lyceelecorbusier.eu\/design-de-la-democratie\/wp-content\/uploads\/sites\/23\/2016\/01\/retouches-wordpress-8.jpg 888w, https:\/\/www.lyceelecorbusier.eu\/design-de-la-democratie\/wp-content\/uploads\/sites\/23\/2016\/01\/retouches-wordpress-8-300x200.jpg 300w, https:\/\/www.lyceelecorbusier.eu\/design-de-la-democratie\/wp-content\/uploads\/sites\/23\/2016\/01\/retouches-wordpress-8-768x513.jpg 768w\" sizes=\"(max-width: 888px) 100vw, 888px\" \/><\/a><a href=\"http:\/\/www.lyceelecorbusier.eu\/design-de-la-democratie\/wp-content\/uploads\/sites\/23\/2016\/01\/retouches-wordpress-4.jpg\" rel=\"attachment wp-att-253\"><img loading=\"lazy\" width=\"1000\" height=\"667\" class=\"aligncenter size-large wp-image-253\" src=\"http:\/\/www.lyceelecorbusier.eu\/design-de-la-democratie\/wp-content\/uploads\/sites\/23\/2016\/01\/retouches-wordpress-4.jpg\" alt=\"retouches wordpress 4\" srcset=\"https:\/\/www.lyceelecorbusier.eu\/design-de-la-democratie\/wp-content\/uploads\/sites\/23\/2016\/01\/retouches-wordpress-4.jpg 1000w, https:\/\/www.lyceelecorbusier.eu\/design-de-la-democratie\/wp-content\/uploads\/sites\/23\/2016\/01\/retouches-wordpress-4-300x200.jpg 300w, https:\/\/www.lyceelecorbusier.eu\/design-de-la-democratie\/wp-content\/uploads\/sites\/23\/2016\/01\/retouches-wordpress-4-768x512.jpg 768w, https:\/\/www.lyceelecorbusier.eu\/design-de-la-democratie\/wp-content\/uploads\/sites\/23\/2016\/01\/retouches-wordpress-4-960x640.jpg 960w\" sizes=\"(max-width: 1000px) 100vw, 1000px\" \/><\/a><a href=\"http:\/\/www.lyceelecorbusier.eu\/design-de-la-democratie\/wp-content\/uploads\/sites\/23\/2016\/01\/retouches-wordpress-2.jpg\" rel=\"attachment wp-att-255\"><img loading=\"lazy\" width=\"1000\" height=\"667\" class=\"aligncenter size-large wp-image-255\" src=\"http:\/\/www.lyceelecorbusier.eu\/design-de-la-democratie\/wp-content\/uploads\/sites\/23\/2016\/01\/retouches-wordpress-2.jpg\" alt=\"retouches wordpress 2\" srcset=\"https:\/\/www.lyceelecorbusier.eu\/design-de-la-democratie\/wp-content\/uploads\/sites\/23\/2016\/01\/retouches-wordpress-2.jpg 1000w, https:\/\/www.lyceelecorbusier.eu\/design-de-la-democratie\/wp-content\/uploads\/sites\/23\/2016\/01\/retouches-wordpress-2-300x200.jpg 300w, https:\/\/www.lyceelecorbusier.eu\/design-de-la-democratie\/wp-content\/uploads\/sites\/23\/2016\/01\/retouches-wordpress-2-768x512.jpg 768w, https:\/\/www.lyceelecorbusier.eu\/design-de-la-democratie\/wp-content\/uploads\/sites\/23\/2016\/01\/retouches-wordpress-2-960x640.jpg 960w\" sizes=\"(max-width: 1000px) 100vw, 1000px\" \/><\/a><\/p>\n<p><a href=\"http:\/\/www.lyceelecorbusier.eu\/design-de-la-democratie\/wp-content\/uploads\/sites\/23\/2016\/01\/retouche-2.jpg\" rel=\"attachment wp-att-257\"><img loading=\"lazy\" class=\"aligncenter wp-image-257\" src=\"http:\/\/www.lyceelecorbusier.eu\/design-de-la-democratie\/wp-content\/uploads\/sites\/23\/2016\/01\/retouche-2-300x200.jpg\" alt=\"J\u00e9r\u00e9mie F.\" width=\"500\" height=\"334\" srcset=\"https:\/\/www.lyceelecorbusier.eu\/design-de-la-democratie\/wp-content\/uploads\/sites\/23\/2016\/01\/retouche-2-300x200.jpg 300w, https:\/\/www.lyceelecorbusier.eu\/design-de-la-democratie\/wp-content\/uploads\/sites\/23\/2016\/01\/retouche-2-768x512.jpg 768w, https:\/\/www.lyceelecorbusier.eu\/design-de-la-democratie\/wp-content\/uploads\/sites\/23\/2016\/01\/retouche-2-960x640.jpg 960w, https:\/\/www.lyceelecorbusier.eu\/design-de-la-democratie\/wp-content\/uploads\/sites\/23\/2016\/01\/retouche-2.jpg 1000w\" sizes=\"(max-width: 500px) 100vw, 500px\" \/><\/a> <a href=\"http:\/\/www.lyceelecorbusier.eu\/design-de-la-democratie\/wp-content\/uploads\/sites\/23\/2016\/01\/retouche-3.jpg\" rel=\"attachment wp-att-258\"><img loading=\"lazy\" class=\"aligncenter wp-image-258\" src=\"http:\/\/www.lyceelecorbusier.eu\/design-de-la-democratie\/wp-content\/uploads\/sites\/23\/2016\/01\/retouche-3-300x200.jpg\" alt=\"Charl\u00e8ne M\" width=\"500\" height=\"334\" srcset=\"https:\/\/www.lyceelecorbusier.eu\/design-de-la-democratie\/wp-content\/uploads\/sites\/23\/2016\/01\/retouche-3-300x200.jpg 300w, https:\/\/www.lyceelecorbusier.eu\/design-de-la-democratie\/wp-content\/uploads\/sites\/23\/2016\/01\/retouche-3-768x512.jpg 768w, https:\/\/www.lyceelecorbusier.eu\/design-de-la-democratie\/wp-content\/uploads\/sites\/23\/2016\/01\/retouche-3-960x640.jpg 960w, https:\/\/www.lyceelecorbusier.eu\/design-de-la-democratie\/wp-content\/uploads\/sites\/23\/2016\/01\/retouche-3.jpg 1000w\" sizes=\"(max-width: 500px) 100vw, 500px\" \/><\/a><a href=\"http:\/\/www.lyceelecorbusier.eu\/design-de-la-democratie\/wp-content\/uploads\/sites\/23\/2016\/01\/Retouche.jpg\" rel=\"attachment wp-att-260\"><img loading=\"lazy\" class=\"aligncenter wp-image-260\" src=\"http:\/\/www.lyceelecorbusier.eu\/design-de-la-democratie\/wp-content\/uploads\/sites\/23\/2016\/01\/Retouche-300x200.jpg\" alt=\"Mickael \" width=\"500\" height=\"334\" srcset=\"https:\/\/www.lyceelecorbusier.eu\/design-de-la-democratie\/wp-content\/uploads\/sites\/23\/2016\/01\/Retouche-300x200.jpg 300w, https:\/\/www.lyceelecorbusier.eu\/design-de-la-democratie\/wp-content\/uploads\/sites\/23\/2016\/01\/Retouche-768x512.jpg 768w, https:\/\/www.lyceelecorbusier.eu\/design-de-la-democratie\/wp-content\/uploads\/sites\/23\/2016\/01\/Retouche-960x640.jpg 960w, https:\/\/www.lyceelecorbusier.eu\/design-de-la-democratie\/wp-content\/uploads\/sites\/23\/2016\/01\/Retouche.jpg 1000w\" sizes=\"(max-width: 500px) 100vw, 500px\" \/><\/a><a href=\"http:\/\/www.lyceelecorbusier.eu\/design-de-la-democratie\/wp-content\/uploads\/sites\/23\/2016\/01\/retouche-3.jpg\" rel=\"attachment wp-att-258\"><img loading=\"lazy\" class=\"aligncenter wp-image-261\" src=\"http:\/\/www.lyceelecorbusier.eu\/design-de-la-democratie\/wp-content\/uploads\/sites\/23\/2016\/01\/retouche-4-1-300x186.jpg\" alt=\"retouch\u00e9 4\" width=\"500\" height=\"311\" srcset=\"https:\/\/www.lyceelecorbusier.eu\/design-de-la-democratie\/wp-content\/uploads\/sites\/23\/2016\/01\/retouche-4-1-300x186.jpg 300w, https:\/\/www.lyceelecorbusier.eu\/design-de-la-democratie\/wp-content\/uploads\/sites\/23\/2016\/01\/retouche-4-1-768x477.jpg 768w, https:\/\/www.lyceelecorbusier.eu\/design-de-la-democratie\/wp-content\/uploads\/sites\/23\/2016\/01\/retouche-4-1-1024x636.jpg 1024w, https:\/\/www.lyceelecorbusier.eu\/design-de-la-democratie\/wp-content\/uploads\/sites\/23\/2016\/01\/retouche-4-1-960x596.jpg 960w, https:\/\/www.lyceelecorbusier.eu\/design-de-la-democratie\/wp-content\/uploads\/sites\/23\/2016\/01\/retouche-4-1.jpg 1074w\" sizes=\"(max-width: 500px) 100vw, 500px\" \/><\/a><\/p>\n<p>&nbsp;<\/p>\n<p>&nbsp;<\/p>\n<p style=\"text-align: center\"><strong>L&#8217;AUTONOMIE\u00a0<\/strong><b>\u00c9NERG\u00c9TIQUE<\/b><\/p>\n<p style=\"text-align: center\"><strong>&#8211; MATHIEU VETTESE &#8211;<\/strong><\/p>\n<p><a href=\"http:\/\/www.lyceelecorbusier.eu\/design-de-la-democratie\/wp-content\/uploads\/sites\/23\/2016\/01\/retouches-wordpress-7.jpg\" rel=\"attachment wp-att-250\"><img loading=\"lazy\" width=\"1000\" height=\"667\" class=\"aligncenter size-large wp-image-250\" src=\"http:\/\/www.lyceelecorbusier.eu\/design-de-la-democratie\/wp-content\/uploads\/sites\/23\/2016\/01\/retouches-wordpress-7.jpg\" alt=\"retouches wordpress 7\" srcset=\"https:\/\/www.lyceelecorbusier.eu\/design-de-la-democratie\/wp-content\/uploads\/sites\/23\/2016\/01\/retouches-wordpress-7.jpg 1000w, https:\/\/www.lyceelecorbusier.eu\/design-de-la-democratie\/wp-content\/uploads\/sites\/23\/2016\/01\/retouches-wordpress-7-300x200.jpg 300w, https:\/\/www.lyceelecorbusier.eu\/design-de-la-democratie\/wp-content\/uploads\/sites\/23\/2016\/01\/retouches-wordpress-7-768x512.jpg 768w, https:\/\/www.lyceelecorbusier.eu\/design-de-la-democratie\/wp-content\/uploads\/sites\/23\/2016\/01\/retouches-wordpress-7-960x640.jpg 960w\" sizes=\"(max-width: 1000px) 100vw, 1000px\" \/><\/a><\/p>\n<p style=\"text-align: center\"><strong><em>A tr\u00e8s bient\u00f4t \u00a0pour de nouvelles aventures au Lab !\u00a0<\/em><\/strong><\/p>\n","protected":false},"excerpt":{"rendered":"<p>Ce jeudi et vendredi 7 et 8 janvier, la promotion des DSAA 2 a expos\u00e9 un \u00e9tat des lieux des recherches effectu\u00e9es dans le cadre du projet de dipl\u00f4me. En quelques images, l&#8217;exposition des acteurs du laboratoire du&#8230; <a class=\"read-more\" href=\"https:\/\/www.lyceelecorbusier.eu\/design-de-la-democratie\/?p=245\">Lire la suite&#8230;<\/a><\/p>\n","protected":false},"author":1,"featured_media":255,"comment_status":"closed","ping_status":"closed","sticky":false,"template":"","format":"standard","meta":[],"categories":[2,4],"tags":[],"_links":{"self":[{"href":"https:\/\/www.lyceelecorbusier.eu\/design-de-la-democratie\/index.php?rest_route=\/wp\/v2\/posts\/245"}],"collection":[{"href":"https:\/\/www.lyceelecorbusier.eu\/design-de-la-democratie\/index.php?rest_route=\/wp\/v2\/posts"}],"about":[{"href":"https:\/\/www.lyceelecorbusier.eu\/design-de-la-democratie\/index.php?rest_route=\/wp\/v2\/types\/post"}],"author":[{"embeddable":true,"href":"https:\/\/www.lyceelecorbusier.eu\/design-de-la-democratie\/index.php?rest_route=\/wp\/v2\/users\/1"}],"replies":[{"embeddable":true,"href":"https:\/\/www.lyceelecorbusier.eu\/design-de-la-democratie\/index.php?rest_route=%2Fwp%2Fv2%2Fcomments&post=245"}],"version-history":[{"count":12,"href":"https:\/\/www.lyceelecorbusier.eu\/design-de-la-democratie\/index.php?rest_route=\/wp\/v2\/posts\/245\/revisions"}],"predecessor-version":[{"id":331,"href":"https:\/\/www.lyceelecorbusier.eu\/design-de-la-democratie\/index.php?rest_route=\/wp\/v2\/posts\/245\/revisions\/331"}],"wp:featuredmedia":[{"embeddable":true,"href":"https:\/\/www.lyceelecorbusier.eu\/design-de-la-democratie\/index.php?rest_route=\/wp\/v2\/media\/255"}],"wp:attachment":[{"href":"https:\/\/www.lyceelecorbusier.eu\/design-de-la-democratie\/index.php?rest_route=%2Fwp%2Fv2%2Fmedia&parent=245"}],"wp:term":[{"taxonomy":"category","embeddable":true,"href":"https:\/\/www.lyceelecorbusier.eu\/design-de-la-democratie\/index.php?rest_route=%2Fwp%2Fv2%2Fcategories&post=245"},{"taxonomy":"post_tag","embeddable":true,"href":"https:\/\/www.lyceelecorbusier.eu\/design-de-la-democratie\/index.php?rest_route=%2Fwp%2Fv2%2Ftags&post=245"}],"curies":[{"name":"wp","href":"https:\/\/api.w.org\/{rel}","templated":true}]}}