{"id":161,"date":"2015-11-06T17:37:35","date_gmt":"2015-11-06T16:37:35","guid":{"rendered":"http:\/\/www.lyceelecorbusier.eu\/design-de-la-democratie\/?p=161"},"modified":"2016-01-10T20:12:00","modified_gmt":"2016-01-10T19:12:00","slug":"161","status":"publish","type":"post","link":"https:\/\/www.lyceelecorbusier.eu\/design-de-la-democratie\/?p=161","title":{"rendered":"RENCONTRE DES PORTEURS DE PROJET DE LA MAISON CITOYENNE"},"content":{"rendered":"<p><!--more--><\/p>\n<p><strong>05 novembre<\/strong><br \/>\nAujourd\u2019hui c\u2019est notre premi\u00e8re rencontre avec les acteurs de la <em>Maison Citoyenne<\/em>.<\/p>\n<p>Projet participatif, la <em>Maison Citoyenne<\/em> a d\u00e9j\u00e0 r\u00e9uni dans le but de r\u00e9nover une b\u00e2tisse situ\u00e9e entre les arr\u00eats de tramway Schluthfeld et Etoile bourse. Nous faisons connaissance avec\u00a0les principaux porteurs du projet que sont Ma\u00eft\u00e9 GAYET et Emmanuel MARX, ainsi que Pierre, en service civique sur le projet jusqu&#8217;\u00e0 d\u00e9cembre.<\/p>\n<p>Nous comprenons les enjeux de la demande : \u00e9laborer des outils afin de convenir ensemble d\u2019un mode de gouvernance, et la d\u00e9finition des usages des espaces ext\u00e9rieurs.<br \/>\nPour nous, il s\u2019agit \u00e0 partir de cette premi\u00e8re rencontre, d\u2019\u00e9laborer un outil en vue de la prochaine r\u00e9union qui vise \u00e0 d\u00e9finir le futur de mode de gouvernance de la <em>Maison Citoyenne.\u00a0<\/em><\/p>\n<p>____<\/p>\n<p>&nbsp;<\/p>\n<p><a href=\"http:\/\/www.lyceelecorbusier.eu\/design-de-la-democratie\/wp-content\/uploads\/sites\/23\/2015\/11\/2015-10-strasbourg-magazine-264-emmanuelle-marx.jpg\" rel=\"attachment wp-att-322\"><img loading=\"lazy\" width=\"891\" height=\"1024\" class=\"aligncenter size-large wp-image-322\" src=\"http:\/\/www.lyceelecorbusier.eu\/design-de-la-democratie\/wp-content\/uploads\/sites\/23\/2015\/11\/2015-10-strasbourg-magazine-264-emmanuelle-marx-891x1024.jpg\" alt=\"2015-10-strasbourg-magazine-264-emmanuelle-marx\" srcset=\"https:\/\/www.lyceelecorbusier.eu\/design-de-la-democratie\/wp-content\/uploads\/sites\/23\/2015\/11\/2015-10-strasbourg-magazine-264-emmanuelle-marx-891x1024.jpg 891w, https:\/\/www.lyceelecorbusier.eu\/design-de-la-democratie\/wp-content\/uploads\/sites\/23\/2015\/11\/2015-10-strasbourg-magazine-264-emmanuelle-marx-261x300.jpg 261w, https:\/\/www.lyceelecorbusier.eu\/design-de-la-democratie\/wp-content\/uploads\/sites\/23\/2015\/11\/2015-10-strasbourg-magazine-264-emmanuelle-marx-768x882.jpg 768w, https:\/\/www.lyceelecorbusier.eu\/design-de-la-democratie\/wp-content\/uploads\/sites\/23\/2015\/11\/2015-10-strasbourg-magazine-264-emmanuelle-marx-836x960.jpg 836w, https:\/\/www.lyceelecorbusier.eu\/design-de-la-democratie\/wp-content\/uploads\/sites\/23\/2015\/11\/2015-10-strasbourg-magazine-264-emmanuelle-marx.jpg 1000w\" sizes=\"(max-width: 891px) 100vw, 891px\" \/><\/a><\/p>\n<p><em><a href=\"http:\/\/antigone.coop\/wp-content\/uploads\/2015\/10\/2015-10-strasbourg-magazine-264-emmanuelle-marx.pdf\">ICI,<\/a> le lien direct vers l&#8217;article en ligne.<\/em><\/p>\n<p>&nbsp;<\/p>\n<p>&nbsp;<\/p>\n","protected":false},"excerpt":{"rendered":"","protected":false},"author":1,"featured_media":323,"comment_status":"closed","ping_status":"closed","sticky":false,"template":"","format":"standard","meta":[],"categories":[2,4],"tags":[],"_links":{"self":[{"href":"https:\/\/www.lyceelecorbusier.eu\/design-de-la-democratie\/index.php?rest_route=\/wp\/v2\/posts\/161"}],"collection":[{"href":"https:\/\/www.lyceelecorbusier.eu\/design-de-la-democratie\/index.php?rest_route=\/wp\/v2\/posts"}],"about":[{"href":"https:\/\/www.lyceelecorbusier.eu\/design-de-la-democratie\/index.php?rest_route=\/wp\/v2\/types\/post"}],"author":[{"embeddable":true,"href":"https:\/\/www.lyceelecorbusier.eu\/design-de-la-democratie\/index.php?rest_route=\/wp\/v2\/users\/1"}],"replies":[{"embeddable":true,"href":"https:\/\/www.lyceelecorbusier.eu\/design-de-la-democratie\/index.php?rest_route=%2Fwp%2Fv2%2Fcomments&post=161"}],"version-history":[{"count":13,"href":"https:\/\/www.lyceelecorbusier.eu\/design-de-la-democratie\/index.php?rest_route=\/wp\/v2\/posts\/161\/revisions"}],"predecessor-version":[{"id":327,"href":"https:\/\/www.lyceelecorbusier.eu\/design-de-la-democratie\/index.php?rest_route=\/wp\/v2\/posts\/161\/revisions\/327"}],"wp:featuredmedia":[{"embeddable":true,"href":"https:\/\/www.lyceelecorbusier.eu\/design-de-la-democratie\/index.php?rest_route=\/wp\/v2\/media\/323"}],"wp:attachment":[{"href":"https:\/\/www.lyceelecorbusier.eu\/design-de-la-democratie\/index.php?rest_route=%2Fwp%2Fv2%2Fmedia&parent=161"}],"wp:term":[{"taxonomy":"category","embeddable":true,"href":"https:\/\/www.lyceelecorbusier.eu\/design-de-la-democratie\/index.php?rest_route=%2Fwp%2Fv2%2Fcategories&post=161"},{"taxonomy":"post_tag","embeddable":true,"href":"https:\/\/www.lyceelecorbusier.eu\/design-de-la-democratie\/index.php?rest_route=%2Fwp%2Fv2%2Ftags&post=161"}],"curies":[{"name":"wp","href":"https:\/\/api.w.org\/{rel}","templated":true}]}}