{"id":706,"date":"2016-03-21T17:11:41","date_gmt":"2016-03-21T16:11:41","guid":{"rendered":"http:\/\/www.lyceelecorbusier.eu\/cultures-communes\/?p=706"},"modified":"2016-03-23T11:30:22","modified_gmt":"2016-03-23T10:30:22","slug":"la-seduction-de-la-manuscrite","status":"publish","type":"post","link":"https:\/\/www.lyceelecorbusier.eu\/cultures-communes\/?p=706","title":{"rendered":"La s\u00e9duction de la manuscrite"},"content":{"rendered":"<p><em>Nom :<\/em>\u00a0La s\u00e9duction de la manuscrite<br \/>\n<em>Sous-titre :<\/em>\u00a0Carnets pour formation<br \/>\n<em>Grille d&#8217;\u00e9criture :<\/em> Carr\u00e9, pointill\u00e9, lignes s\u00e9rr\u00e9es ou droites ou diagonales, &#8230;<br \/>\n<em>Reliure :<\/em>\u00a0Couture,\u00a0\u00e9lastique, agrafes.<br \/>\n<em>Papier :<\/em>\u00a0Calque, papiers recycl\u00e9s, papiers canson, papiers color\u00e9s<br \/>\n<em>Grammage :<\/em>\u00a0110, 80 et 50 grammes<br \/>\n<em>Format :<\/em>\u00a0A5 et A6<br \/>\n<em>Nombres de pages :<\/em>\u00a0Variable, de 10 \u00e0 22 pages<br \/>\n<em>Impression :<\/em> Laser<br \/>\n<em>Lieu de dispersion\u00a0:<\/em>\u00a0Biblioth\u00e8que D\u00e9partementale du Bas-Rhin de Truchtersheim pour la formation du 21 et 22 mars.<\/p>\n<p><a href=\"http:\/\/margotbonnet.fr\/wp-content\/uploads\/2016\/03\/20160318_132908.jpg\"><img loading=\"lazy\" class=\"alignnone size-full wp-image-638\" src=\"http:\/\/margotbonnet.fr\/wp-content\/uploads\/2016\/03\/20160318_132908.jpg\" alt=\"20160318_132908\" width=\"3264\" height=\"2448\" \/><img loading=\"lazy\" class=\"alignnone size-full wp-image-650\" src=\"http:\/\/margotbonnet.fr\/wp-content\/uploads\/2016\/03\/20160318_133734_HDR.jpg\" alt=\"20160318_133734_HDR\" width=\"2444\" height=\"2767\" \/><img loading=\"lazy\" class=\"alignnone size-full wp-image-649\" src=\"http:\/\/margotbonnet.fr\/wp-content\/uploads\/2016\/03\/20160318_133648_HDR.jpg\" alt=\"20160318_133648_HDR\" width=\"2448\" height=\"2683\" \/><img loading=\"lazy\" class=\"alignnone size-full wp-image-648\" src=\"http:\/\/margotbonnet.fr\/wp-content\/uploads\/2016\/03\/20160318_133613_HDR.jpg\" alt=\"20160318_133613_HDR\" width=\"2448\" height=\"2772\" \/><\/a> <a href=\"http:\/\/margotbonnet.fr\/wp-content\/uploads\/2016\/03\/20160318_133306_HDR.jpg\"><img loading=\"lazy\" class=\"alignnone size-full wp-image-644\" src=\"http:\/\/margotbonnet.fr\/wp-content\/uploads\/2016\/03\/20160318_133306_HDR.jpg\" alt=\"20160318_133306_HDR\" width=\"3264\" height=\"2448\" \/><\/a><a href=\"http:\/\/margotbonnet.fr\/wp-content\/uploads\/2016\/03\/20160318_133842_HDR-e1458574282333.jpg\"><img loading=\"lazy\" class=\"alignnone size-full wp-image-654\" src=\"http:\/\/margotbonnet.fr\/wp-content\/uploads\/2016\/03\/20160318_133842_HDR-e1458574282333.jpg\" alt=\"20160318_133842_HDR\" width=\"2448\" height=\"3264\" \/><\/a><a href=\"http:\/\/margotbonnet.fr\/wp-content\/uploads\/2016\/03\/20160318_133826_HDR-e1458574346908.jpg\"><img loading=\"lazy\" class=\"alignnone size-full wp-image-653\" src=\"http:\/\/margotbonnet.fr\/wp-content\/uploads\/2016\/03\/20160318_133826_HDR-e1458574346908.jpg\" alt=\"20160318_133826_HDR\" width=\"2448\" height=\"3264\" \/><\/a> <a href=\"http:\/\/margotbonnet.fr\/wp-content\/uploads\/2016\/03\/20160318_133809_HDR-e1458574361129.jpg\"><img loading=\"lazy\" class=\"alignnone size-full wp-image-652\" src=\"http:\/\/margotbonnet.fr\/wp-content\/uploads\/2016\/03\/20160318_133809_HDR-e1458574361129.jpg\" alt=\"20160318_133809_HDR\" width=\"2448\" height=\"3264\" \/><\/a> <a href=\"http:\/\/margotbonnet.fr\/wp-content\/uploads\/2016\/03\/20160318_133753_HDR-e1458574374808.jpg\"><img loading=\"lazy\" class=\"alignnone size-full wp-image-651\" src=\"http:\/\/margotbonnet.fr\/wp-content\/uploads\/2016\/03\/20160318_133753_HDR-e1458574374808.jpg\" alt=\"20160318_133753_HDR\" width=\"2448\" height=\"3264\" \/><\/a><a href=\"http:\/\/margotbonnet.fr\/wp-content\/uploads\/2016\/03\/20160318_133401_HDR-e1458574422543.jpg\"><img loading=\"lazy\" class=\"alignnone size-full wp-image-645\" src=\"http:\/\/margotbonnet.fr\/wp-content\/uploads\/2016\/03\/20160318_133401_HDR-e1458574422543.jpg\" alt=\"20160318_133401_HDR\" width=\"2448\" height=\"3264\" \/><\/a> <a href=\"http:\/\/margotbonnet.fr\/wp-content\/uploads\/2016\/03\/20160318_133449_HDR-e1458574408518.jpg\"><img loading=\"lazy\" class=\"alignnone size-full wp-image-646\" src=\"http:\/\/margotbonnet.fr\/wp-content\/uploads\/2016\/03\/20160318_133449_HDR-e1458574408518.jpg\" alt=\"20160318_133449_HDR\" width=\"2448\" height=\"3264\" \/><\/a> \u00a0\u00a0\u00a0 <a href=\"http:\/\/margotbonnet.fr\/wp-content\/uploads\/2016\/03\/20160318_133917_HDR.jpg\"><img loading=\"lazy\" class=\"alignnone size-full wp-image-655\" src=\"http:\/\/margotbonnet.fr\/wp-content\/uploads\/2016\/03\/20160318_133917_HDR.jpg\" alt=\"20160318_133917_HDR\" width=\"2448\" height=\"3105\" \/><\/a><a href=\"http:\/\/margotbonnet.fr\/wp-content\/uploads\/2016\/03\/20160318_133152_HDR-e1458574467178.jpg\"><img loading=\"lazy\" class=\"alignnone size-full wp-image-643\" src=\"http:\/\/margotbonnet.fr\/wp-content\/uploads\/2016\/03\/20160318_133152_HDR-e1458574467178.jpg\" alt=\"20160318_133152_HDR\" width=\"2448\" height=\"3264\" \/><\/a><a href=\"http:\/\/margotbonnet.fr\/wp-content\/uploads\/2016\/03\/20160318_133137_HDR-e1458574482963.jpg\"><img loading=\"lazy\" class=\"alignnone size-full wp-image-642\" src=\"http:\/\/margotbonnet.fr\/wp-content\/uploads\/2016\/03\/20160318_133137_HDR-e1458574482963.jpg\" alt=\"20160318_133137_HDR\" width=\"2448\" height=\"3264\" \/><\/a><a href=\"http:\/\/margotbonnet.fr\/wp-content\/uploads\/2016\/03\/20160318_133100_HDR-e1458574495119.jpg\"><img loading=\"lazy\" class=\"alignnone size-full wp-image-641\" src=\"http:\/\/margotbonnet.fr\/wp-content\/uploads\/2016\/03\/20160318_133100_HDR-e1458574495119.jpg\" alt=\"20160318_133100_HDR\" width=\"2448\" height=\"3264\" \/><\/a><a href=\"http:\/\/margotbonnet.fr\/wp-content\/uploads\/2016\/03\/20160318_133038_HDR-e1458574509694.jpg\"><img loading=\"lazy\" class=\"alignnone size-full wp-image-640\" src=\"http:\/\/margotbonnet.fr\/wp-content\/uploads\/2016\/03\/20160318_133038_HDR-e1458574509694.jpg\" alt=\"20160318_133038_HDR\" width=\"2448\" height=\"3264\" \/><\/a><a href=\"http:\/\/margotbonnet.fr\/wp-content\/uploads\/2016\/03\/20160318_132939_HDR-e1458574524240.jpg\"><img loading=\"lazy\" class=\"alignnone size-full wp-image-639\" src=\"http:\/\/margotbonnet.fr\/wp-content\/uploads\/2016\/03\/20160318_132939_HDR-e1458574524240.jpg\" alt=\"20160318_132939_HDR\" width=\"2448\" height=\"3264\" \/><\/a> <a href=\"http:\/\/margotbonnet.fr\/wp-content\/uploads\/2016\/03\/20160318_134001_HDR.jpg\"><img loading=\"lazy\" class=\"alignnone size-full wp-image-656\" src=\"http:\/\/margotbonnet.fr\/wp-content\/uploads\/2016\/03\/20160318_134001_HDR.jpg\" alt=\"20160318_134001_HDR\" width=\"2448\" height=\"2769\" \/><\/a> <a href=\"http:\/\/margotbonnet.fr\/wp-content\/uploads\/2016\/03\/20160318_161554.jpg\"><img loading=\"lazy\" class=\"alignnone size-full wp-image-658\" src=\"http:\/\/margotbonnet.fr\/wp-content\/uploads\/2016\/03\/20160318_161554.jpg\" alt=\"20160318_161554\" width=\"2448\" height=\"3264\" \/><\/a>Ces carnets ont \u00e9t\u00e9 distribu\u00e9s le lundi 21 mars, au matin. Ils \u00e9taient en libre service au d\u00e9but de la formation, afin d&#8217;\u00eatre utilis\u00e9 en tant que carnet de note.<\/p>\n<blockquote><p>&#8220;Les carnets ont \u00e9t\u00e9 distribu\u00e9s ce matin et ont rencontr\u00e9 un vif int\u00e9r\u00eat de la part des stagiaires.&#8221;<\/p><\/blockquote>\n<p>Mardi apr\u00e8s-midi, \u00e0 la fin de la formation, d\u00e9couverte des ressentis vis-\u00e0-vis de ces carnets.<br \/>\nPublic exclusivement f\u00e9minin, avec une moyenne d&#8217;\u00e2ge de 45 ans. Aucunes n&#8217;avaient d&#8217;ordinateurs pour prendre des notes, les seuls supports \u00e9taient : un questionnaire \u00e0 retourner, un paper-board, des carnets de notes et des blocs papiers.<\/p>\n<p><img loading=\"lazy\" class=\"alignnone size-full wp-image-671\" src=\"http:\/\/margotbonnet.fr\/wp-content\/uploads\/2016\/03\/20160322_163958-e1458719804995.jpg\" alt=\"20160322_163958\" width=\"2448\" height=\"3264\" \/><\/p>\n<blockquote><p><a href=\"http:\/\/margotbonnet.fr\/wp-content\/uploads\/2016\/03\/20160322_165422-e1458719847430.jpg\"><img loading=\"lazy\" class=\"alignnone size-full wp-image-673\" src=\"http:\/\/margotbonnet.fr\/wp-content\/uploads\/2016\/03\/20160322_165422-e1458719847430.jpg\" alt=\"20160322_165422\" width=\"2448\" height=\"3264\" \/><\/a><span style=\"font-size: 2rem;line-height: 1.55\">&#8220;D&#8217;abord j&#8217;avais choisi celui avec les lignes diagonales, pensant que c&#8217;\u00e9tait seulement la couverture. Quand j&#8217;ai d\u00e9couvert que cela \u00e9tait aussi l&#8217;int\u00e9rieur, j&#8217;ai pris peur et j&#8217;ai chang\u00e9 de carnet. Celui-ci est simple, sans ligne cela me convenait mieux. Le papier jaune est tr\u00e8s agr\u00e9able ainsi que la couleur.&#8221;<\/span><\/p>\n<p><span style=\"font-size: 2rem;line-height: 1.55\">\u00a0<\/span> <a style=\"font-size: 2rem;line-height: 1.55\" href=\"http:\/\/margotbonnet.fr\/wp-content\/uploads\/2016\/03\/20160322_165714.jpg\"><img loading=\"lazy\" class=\"alignnone size-full wp-image-687\" src=\"http:\/\/margotbonnet.fr\/wp-content\/uploads\/2016\/03\/20160322_165714.jpg\" alt=\"20160322_165714\" width=\"3264\" height=\"2448\" \/><\/a>&#8220;Je l&#8217;ai choisi car il me rappel\u00e9 le livre de recette de ma m\u00e8re. [choix affectif] Pris par plaisir du souvenirs et par la couleur des pages qui m&#8217;a rappel\u00e9 les vieux manuscrits. Inconsciemment, j&#8217;ai pris soin de bien \u00e9crire, de ne pas faire de fautes, de ratures. Comme si ce carnet, \u00e0 travers sa forme, est vecteur de transmission, est pr\u00e9cieux.&#8221;<\/p>\n<p><a style=\"font-size: 2rem;line-height: 1.55\" href=\"http:\/\/margotbonnet.fr\/wp-content\/uploads\/2016\/03\/20160322_165701.jpg\"><img loading=\"lazy\" class=\"alignnone size-full wp-image-686\" src=\"http:\/\/margotbonnet.fr\/wp-content\/uploads\/2016\/03\/20160322_165701.jpg\" alt=\"20160322_165701\" width=\"3264\" height=\"2448\" \/><\/a><span style=\"font-size: 2rem;line-height: 1.55\">&#8220;Je n&#8217;ai pas pu choisir mon carnet comme je suis arriv\u00e9e en retard. Pour moi la grille \u00e9tait trop grande, les espacements trop large. Mais \u00e9crire sur ce papier est tr\u00e8s agr\u00e9able.&#8221;<\/span><\/p>\n<p><a style=\"font-size: 2rem;line-height: 1.55\" href=\"http:\/\/margotbonnet.fr\/wp-content\/uploads\/2016\/03\/20160322_165637.jpg\"><img loading=\"lazy\" class=\"alignnone size-full wp-image-683\" src=\"http:\/\/margotbonnet.fr\/wp-content\/uploads\/2016\/03\/20160322_165637.jpg\" alt=\"20160322_165637\" width=\"3264\" height=\"2448\" \/><\/a><span style=\"font-size: 2rem;line-height: 1.55\">&#8220;J&#8217;aime le bleu, c&#8217;est pour cela que je l&#8217;ai choisi. C&#8217;\u00e9tait tr\u00e8s agr\u00e9able d&#8217;\u00e9crire dessus&#8221;<\/span><\/p>\n<p><a style=\"font-size: 2rem;line-height: 1.55\" href=\"http:\/\/margotbonnet.fr\/wp-content\/uploads\/2016\/03\/20160322_165606.jpg\"><img loading=\"lazy\" class=\"alignnone size-full wp-image-682\" src=\"http:\/\/margotbonnet.fr\/wp-content\/uploads\/2016\/03\/20160322_165606.jpg\" alt=\"20160322_165606\" width=\"3264\" height=\"2448\" \/><\/a><span style=\"font-size: 2rem;line-height: 1.55\">&#8220;Je n&#8217;ai pas eu non plus le choix, \u00e9tant arriv\u00e9e en retard. Mais le format anodin du carnet de notes est sympa, cela change de mes habitudes.&#8221;<\/span><\/p>\n<p><a style=\"font-size: 2rem;line-height: 1.55\" href=\"http:\/\/margotbonnet.fr\/wp-content\/uploads\/2016\/03\/20160322_165543.jpg\"><img loading=\"lazy\" class=\"alignnone size-full wp-image-680\" src=\"http:\/\/margotbonnet.fr\/wp-content\/uploads\/2016\/03\/20160322_165543.jpg\" alt=\"20160322_165543\" width=\"3264\" height=\"2448\" \/><\/a><span style=\"font-size: 2rem;line-height: 1.55\">&#8220;Cela a \u00e9t\u00e9 la surprise en l&#8217;ouvrant, je ne m&#8217;attendais pas \u00e0 des lignes comme cela. Je me suis demand\u00e9e : est-ce que j&#8217;essaye de respecter et \u00e9crire sur ces lignes, ou est-ce que je ne les suis pas et \u00e9crit naturellement droit comme d&#8217;habitude ? Comme nous \u00e9tions dans une formation sur les jeunes, les adolescents, j&#8217;ai jou\u00e9 la rebelle et suivi les lignes. Au d\u00e9but cela a \u00e9t\u00e9 difficile mais apr\u00e8s j&#8217;y est pris go\u00fbt et me suis amus\u00e9e ! &#8220;<\/span><\/p>\n<p><a style=\"font-size: 2rem;line-height: 1.55\" href=\"http:\/\/margotbonnet.fr\/wp-content\/uploads\/2016\/03\/20160322_165510.jpg\"><img loading=\"lazy\" class=\"alignnone size-full wp-image-677\" src=\"http:\/\/margotbonnet.fr\/wp-content\/uploads\/2016\/03\/20160322_165510.jpg\" alt=\"20160322_165510\" width=\"3264\" height=\"2448\" \/><\/a><span style=\"font-size: 2rem;line-height: 1.55\">&#8220;Je pensais que les petits points \u00e9taient seulement sur la couverture quand je l&#8217;ai choisi. Quelle n&#8217;a pas \u00e9t\u00e9 ma surprise quand j&#8217;ai voulu prendre des notes. J&#8217;ai eu une crise d&#8217;angoisse ! J&#8217;avais peur de commencer \u00e0 \u00e9crire, de ne pas pouvoir me relire apr\u00e8s. Mais au bout d&#8217;un moment j&#8217;ai surpasser l&#8217;angoisse et j&#8217;ai pris du plaisir \u00e0 me l&#8217;approprier, \u00e0 \u00e9crire. Mon \u0153il s&#8217;est habitu\u00e9, les points ne me g\u00eanent plus. C&#8217;est devenu tr\u00e8s agr\u00e9able et dans un sens tr\u00e8s ludique.&#8221;<\/span><\/p>\n<p><a style=\"font-size: 2rem;line-height: 1.55\" href=\"http:\/\/margotbonnet.fr\/wp-content\/uploads\/2016\/03\/20160322_165452.jpg\"><img loading=\"lazy\" class=\"alignnone size-full wp-image-675\" src=\"http:\/\/margotbonnet.fr\/wp-content\/uploads\/2016\/03\/20160322_165452.jpg\" alt=\"20160322_165452\" width=\"3264\" height=\"2448\" \/><\/a><span style=\"font-size: 2rem;line-height: 1.55\">&#8220;Le carnet est agr\u00e9able, c&#8217;est mieux que mon bloc-note. Le jaune est tr\u00e8s bien. Je n&#8217;ai pas utilis\u00e9 les premi\u00e8res pages blanches.&#8221;<\/span><\/p>\n<p><a style=\"font-size: 2rem;line-height: 1.55\" href=\"http:\/\/margotbonnet.fr\/wp-content\/uploads\/2016\/03\/20160322_165358-e1458719829543.jpg\"><img loading=\"lazy\" class=\"alignnone size-full wp-image-672\" src=\"http:\/\/margotbonnet.fr\/wp-content\/uploads\/2016\/03\/20160322_165358-e1458719829543.jpg\" alt=\"20160322_165358\" width=\"3264\" height=\"2448\" \/><\/a>&#8220;Les carreaux sont trop importants, j&#8217;ai fait sans.&#8221;<\/p><\/blockquote>\n<p><span style=\"font-size: 2rem;line-height: 1.55\">\u00a0<\/span><\/p>\n","protected":false},"excerpt":{"rendered":"<p>Nom :\u00a0La s\u00e9duction de la manuscrite Sous-titre :\u00a0Carnets pour formation Grille d&#8217;\u00e9criture : Carr\u00e9, pointill\u00e9, lignes s\u00e9rr\u00e9es ou droites ou diagonales, &#8230; Reliure :\u00a0Couture,\u00a0\u00e9lastique, agrafes. Papier :\u00a0Calque, papiers recycl\u00e9s, papiers canson, papiers color\u00e9s Grammage :\u00a0110, 80 et 50&#8230; <a class=\"read-more\" href=\"https:\/\/www.lyceelecorbusier.eu\/cultures-communes\/?p=706\">Lire la suite&#8230;<\/a><\/p>\n","protected":false},"author":1,"featured_media":707,"comment_status":"closed","ping_status":"closed","sticky":false,"template":"","format":"standard","meta":[],"categories":[5,12],"tags":[],"_links":{"self":[{"href":"https:\/\/www.lyceelecorbusier.eu\/cultures-communes\/index.php?rest_route=\/wp\/v2\/posts\/706"}],"collection":[{"href":"https:\/\/www.lyceelecorbusier.eu\/cultures-communes\/index.php?rest_route=\/wp\/v2\/posts"}],"about":[{"href":"https:\/\/www.lyceelecorbusier.eu\/cultures-communes\/index.php?rest_route=\/wp\/v2\/types\/post"}],"author":[{"embeddable":true,"href":"https:\/\/www.lyceelecorbusier.eu\/cultures-communes\/index.php?rest_route=\/wp\/v2\/users\/1"}],"replies":[{"embeddable":true,"href":"https:\/\/www.lyceelecorbusier.eu\/cultures-communes\/index.php?rest_route=%2Fwp%2Fv2%2Fcomments&post=706"}],"version-history":[{"count":5,"href":"https:\/\/www.lyceelecorbusier.eu\/cultures-communes\/index.php?rest_route=\/wp\/v2\/posts\/706\/revisions"}],"predecessor-version":[{"id":714,"href":"https:\/\/www.lyceelecorbusier.eu\/cultures-communes\/index.php?rest_route=\/wp\/v2\/posts\/706\/revisions\/714"}],"wp:featuredmedia":[{"embeddable":true,"href":"https:\/\/www.lyceelecorbusier.eu\/cultures-communes\/index.php?rest_route=\/wp\/v2\/media\/707"}],"wp:attachment":[{"href":"https:\/\/www.lyceelecorbusier.eu\/cultures-communes\/index.php?rest_route=%2Fwp%2Fv2%2Fmedia&parent=706"}],"wp:term":[{"taxonomy":"category","embeddable":true,"href":"https:\/\/www.lyceelecorbusier.eu\/cultures-communes\/index.php?rest_route=%2Fwp%2Fv2%2Fcategories&post=706"},{"taxonomy":"post_tag","embeddable":true,"href":"https:\/\/www.lyceelecorbusier.eu\/cultures-communes\/index.php?rest_route=%2Fwp%2Fv2%2Ftags&post=706"}],"curies":[{"name":"wp","href":"https:\/\/api.w.org\/{rel}","templated":true}]}}