{"id":544,"date":"2016-01-13T15:40:33","date_gmt":"2016-01-13T14:40:33","guid":{"rendered":"http:\/\/www.lyceelecorbusier.eu\/cultures-communes\/?p=544"},"modified":"2016-01-13T15:41:59","modified_gmt":"2016-01-13T14:41:59","slug":"etat-des-lieux-la-manuscripte-sexpose","status":"publish","type":"post","link":"https:\/\/www.lyceelecorbusier.eu\/cultures-communes\/?p=544","title":{"rendered":"{ \u00c9tat des lieux } La manuscripte s&#8217;expose"},"content":{"rendered":"<p>Exposition au sein du Lyc\u00e9e Le Corbusier retra\u00e7ant toutes nos productions depuis le d\u00e9but de l&#8217;ann\u00e9e. Pr\u00e9sentation des outils de la journ\u00e9e de l&#8217;innovation, des outils scripteurs de base (stylo, feutre, plume, tire-ligne, &#8230;), une \u00e9dition retra\u00e7ant une reportage photographie autour de l&#8217;\u00e9criture dans notre quotidien, un morceau de l&#8217;arbre \u00e0 souhaits, et des testes d&#8217;\u00e9criture.<\/p>\n<p>&nbsp;<\/p>\n<p><a href=\"http:\/\/www.lyceelecorbusier.eu\/cultures-communes\/wp-content\/uploads\/sites\/19\/2016\/01\/12483776_1724117697817414_1853388034_n.jpg\" rel=\"attachment wp-att-545\"><img loading=\"lazy\" class=\"alignnone wp-image-545\" src=\"http:\/\/www.lyceelecorbusier.eu\/cultures-communes\/wp-content\/uploads\/sites\/19\/2016\/01\/12483776_1724117697817414_1853388034_n.jpg\" alt=\"12483776_1724117697817414_1853388034_n\" width=\"393\" height=\"570\" srcset=\"https:\/\/www.lyceelecorbusier.eu\/cultures-communes\/wp-content\/uploads\/sites\/19\/2016\/01\/12483776_1724117697817414_1853388034_n.jpg 541w, https:\/\/www.lyceelecorbusier.eu\/cultures-communes\/wp-content\/uploads\/sites\/19\/2016\/01\/12483776_1724117697817414_1853388034_n-207x300.jpg 207w\" sizes=\"(max-width: 393px) 100vw, 393px\" \/>\u00a0 \u00a0<\/a><a href=\"http:\/\/www.lyceelecorbusier.eu\/cultures-communes\/wp-content\/uploads\/sites\/19\/2016\/01\/12540346_1724117744484076_731010558_n.jpg\" rel=\"attachment wp-att-548\"><img loading=\"lazy\" class=\"alignnone wp-image-548\" src=\"http:\/\/www.lyceelecorbusier.eu\/cultures-communes\/wp-content\/uploads\/sites\/19\/2016\/01\/12540346_1724117744484076_731010558_n.jpg\" alt=\"12540346_1724117744484076_731010558_n\" width=\"315\" height=\"571\" srcset=\"https:\/\/www.lyceelecorbusier.eu\/cultures-communes\/wp-content\/uploads\/sites\/19\/2016\/01\/12540346_1724117744484076_731010558_n.jpg 529w, https:\/\/www.lyceelecorbusier.eu\/cultures-communes\/wp-content\/uploads\/sites\/19\/2016\/01\/12540346_1724117744484076_731010558_n-165x300.jpg 165w\" sizes=\"(max-width: 315px) 100vw, 315px\" \/><\/a> <a href=\"http:\/\/www.lyceelecorbusier.eu\/cultures-communes\/wp-content\/uploads\/sites\/19\/2016\/01\/12511867_1724117761150741_1532953374_n.jpg\" rel=\"attachment wp-att-547\"><img loading=\"lazy\" width=\"960\" height=\"541\" class=\"alignnone size-full wp-image-547\" src=\"http:\/\/www.lyceelecorbusier.eu\/cultures-communes\/wp-content\/uploads\/sites\/19\/2016\/01\/12511867_1724117761150741_1532953374_n.jpg\" alt=\"12511867_1724117761150741_1532953374_n\" srcset=\"https:\/\/www.lyceelecorbusier.eu\/cultures-communes\/wp-content\/uploads\/sites\/19\/2016\/01\/12511867_1724117761150741_1532953374_n.jpg 960w, https:\/\/www.lyceelecorbusier.eu\/cultures-communes\/wp-content\/uploads\/sites\/19\/2016\/01\/12511867_1724117761150741_1532953374_n-300x169.jpg 300w, https:\/\/www.lyceelecorbusier.eu\/cultures-communes\/wp-content\/uploads\/sites\/19\/2016\/01\/12511867_1724117761150741_1532953374_n-768x433.jpg 768w\" sizes=\"(max-width: 960px) 100vw, 960px\" \/><\/a><\/p>\n","protected":false},"excerpt":{"rendered":"<p>Exposition au sein du Lyc\u00e9e Le Corbusier retra\u00e7ant toutes nos productions depuis le d\u00e9but de l&#8217;ann\u00e9e. Pr\u00e9sentation des outils de la journ\u00e9e de l&#8217;innovation, des outils scripteurs de base (stylo, feutre, plume, tire-ligne, &#8230;), une \u00e9dition retra\u00e7ant une&#8230; <a class=\"read-more\" href=\"https:\/\/www.lyceelecorbusier.eu\/cultures-communes\/?p=544\">Lire la suite&#8230;<\/a><\/p>\n","protected":false},"author":1,"featured_media":549,"comment_status":"closed","ping_status":"closed","sticky":false,"template":"","format":"standard","meta":[],"categories":[5,12],"tags":[],"_links":{"self":[{"href":"https:\/\/www.lyceelecorbusier.eu\/cultures-communes\/index.php?rest_route=\/wp\/v2\/posts\/544"}],"collection":[{"href":"https:\/\/www.lyceelecorbusier.eu\/cultures-communes\/index.php?rest_route=\/wp\/v2\/posts"}],"about":[{"href":"https:\/\/www.lyceelecorbusier.eu\/cultures-communes\/index.php?rest_route=\/wp\/v2\/types\/post"}],"author":[{"embeddable":true,"href":"https:\/\/www.lyceelecorbusier.eu\/cultures-communes\/index.php?rest_route=\/wp\/v2\/users\/1"}],"replies":[{"embeddable":true,"href":"https:\/\/www.lyceelecorbusier.eu\/cultures-communes\/index.php?rest_route=%2Fwp%2Fv2%2Fcomments&post=544"}],"version-history":[{"count":4,"href":"https:\/\/www.lyceelecorbusier.eu\/cultures-communes\/index.php?rest_route=\/wp\/v2\/posts\/544\/revisions"}],"predecessor-version":[{"id":553,"href":"https:\/\/www.lyceelecorbusier.eu\/cultures-communes\/index.php?rest_route=\/wp\/v2\/posts\/544\/revisions\/553"}],"wp:featuredmedia":[{"embeddable":true,"href":"https:\/\/www.lyceelecorbusier.eu\/cultures-communes\/index.php?rest_route=\/wp\/v2\/media\/549"}],"wp:attachment":[{"href":"https:\/\/www.lyceelecorbusier.eu\/cultures-communes\/index.php?rest_route=%2Fwp%2Fv2%2Fmedia&parent=544"}],"wp:term":[{"taxonomy":"category","embeddable":true,"href":"https:\/\/www.lyceelecorbusier.eu\/cultures-communes\/index.php?rest_route=%2Fwp%2Fv2%2Fcategories&post=544"},{"taxonomy":"post_tag","embeddable":true,"href":"https:\/\/www.lyceelecorbusier.eu\/cultures-communes\/index.php?rest_route=%2Fwp%2Fv2%2Ftags&post=544"}],"curies":[{"name":"wp","href":"https:\/\/api.w.org\/{rel}","templated":true}]}}