{"id":168,"date":"2015-11-16T10:00:22","date_gmt":"2015-11-16T09:00:22","guid":{"rendered":"http:\/\/www.lyceelecorbusier.eu\/cultures-communes\/?p=168"},"modified":"2015-12-10T10:33:55","modified_gmt":"2015-12-10T09:33:55","slug":"se-faire-un-reseau","status":"publish","type":"post","link":"https:\/\/www.lyceelecorbusier.eu\/cultures-communes\/?p=168","title":{"rendered":"Se faire un r\u00e9seau &#8230;"},"content":{"rendered":"<p>&nbsp;<\/p>\n<p><a href=\"http:\/\/www.lyceelecorbusier.eu\/cultures-communes\/wp-content\/uploads\/sites\/19\/2015\/11\/20151112_151443.jpg\"><img loading=\"lazy\" width=\"3264\" height=\"2448\" class=\"size-full wp-image-173 aligncenter\" src=\"http:\/\/www.lyceelecorbusier.eu\/cultures-communes\/wp-content\/uploads\/sites\/19\/2015\/11\/20151112_151443.jpg\" alt=\"20151112_151443\" srcset=\"https:\/\/www.lyceelecorbusier.eu\/cultures-communes\/wp-content\/uploads\/sites\/19\/2015\/11\/20151112_151443.jpg 3264w, https:\/\/www.lyceelecorbusier.eu\/cultures-communes\/wp-content\/uploads\/sites\/19\/2015\/11\/20151112_151443-300x225.jpg 300w, https:\/\/www.lyceelecorbusier.eu\/cultures-communes\/wp-content\/uploads\/sites\/19\/2015\/11\/20151112_151443-1024x768.jpg 1024w, https:\/\/www.lyceelecorbusier.eu\/cultures-communes\/wp-content\/uploads\/sites\/19\/2015\/11\/20151112_151443-1600x1200.jpg 1600w, https:\/\/www.lyceelecorbusier.eu\/cultures-communes\/wp-content\/uploads\/sites\/19\/2015\/11\/20151112_151443-960x720.jpg 960w\" sizes=\"(max-width: 3264px) 100vw, 3264px\" \/><\/a><\/p>\n<p><a href=\"http:\/\/www.lyceelecorbusier.eu\/cultures-communes\/wp-content\/uploads\/sites\/19\/2015\/11\/20151112_151340_HDR.jpg\"><img loading=\"lazy\" width=\"3264\" height=\"2448\" class=\"size-full wp-image-171 aligncenter\" src=\"http:\/\/www.lyceelecorbusier.eu\/cultures-communes\/wp-content\/uploads\/sites\/19\/2015\/11\/20151112_151246.jpg\" alt=\"20151112_151246\" srcset=\"https:\/\/www.lyceelecorbusier.eu\/cultures-communes\/wp-content\/uploads\/sites\/19\/2015\/11\/20151112_151246.jpg 3264w, https:\/\/www.lyceelecorbusier.eu\/cultures-communes\/wp-content\/uploads\/sites\/19\/2015\/11\/20151112_151246-300x225.jpg 300w, https:\/\/www.lyceelecorbusier.eu\/cultures-communes\/wp-content\/uploads\/sites\/19\/2015\/11\/20151112_151246-1024x768.jpg 1024w, https:\/\/www.lyceelecorbusier.eu\/cultures-communes\/wp-content\/uploads\/sites\/19\/2015\/11\/20151112_151246-1600x1200.jpg 1600w, https:\/\/www.lyceelecorbusier.eu\/cultures-communes\/wp-content\/uploads\/sites\/19\/2015\/11\/20151112_151246-960x720.jpg 960w\" sizes=\"(max-width: 3264px) 100vw, 3264px\" \/><\/a><\/p>\n<p><a href=\"http:\/\/www.lyceelecorbusier.eu\/cultures-communes\/wp-content\/uploads\/sites\/19\/2015\/11\/20151112_151340_HDR.jpg\"><img loading=\"lazy\" width=\"3264\" height=\"924\" class=\"size-full wp-image-172 aligncenter\" src=\"http:\/\/www.lyceelecorbusier.eu\/cultures-communes\/wp-content\/uploads\/sites\/19\/2015\/11\/20151112_151340_HDR.jpg\" alt=\"20151112_151340_HDR\" srcset=\"https:\/\/www.lyceelecorbusier.eu\/cultures-communes\/wp-content\/uploads\/sites\/19\/2015\/11\/20151112_151340_HDR.jpg 3264w, https:\/\/www.lyceelecorbusier.eu\/cultures-communes\/wp-content\/uploads\/sites\/19\/2015\/11\/20151112_151340_HDR-300x85.jpg 300w, https:\/\/www.lyceelecorbusier.eu\/cultures-communes\/wp-content\/uploads\/sites\/19\/2015\/11\/20151112_151340_HDR-1024x290.jpg 1024w, https:\/\/www.lyceelecorbusier.eu\/cultures-communes\/wp-content\/uploads\/sites\/19\/2015\/11\/20151112_151340_HDR-1800x510.jpg 1800w, https:\/\/www.lyceelecorbusier.eu\/cultures-communes\/wp-content\/uploads\/sites\/19\/2015\/11\/20151112_151340_HDR-960x272.jpg 960w\" sizes=\"(max-width: 3264px) 100vw, 3264px\" \/><\/a><br \/>\n<a href=\"http:\/\/www.lyceelecorbusier.eu\/cultures-communes\/wp-content\/uploads\/sites\/19\/2015\/11\/20151112_151213.jpg\"><img loading=\"lazy\" width=\"3264\" height=\"2448\" class=\"size-full wp-image-170 aligncenter\" src=\"http:\/\/www.lyceelecorbusier.eu\/cultures-communes\/wp-content\/uploads\/sites\/19\/2015\/11\/20151112_151213.jpg\" alt=\"20151112_151213\" srcset=\"https:\/\/www.lyceelecorbusier.eu\/cultures-communes\/wp-content\/uploads\/sites\/19\/2015\/11\/20151112_151213.jpg 3264w, https:\/\/www.lyceelecorbusier.eu\/cultures-communes\/wp-content\/uploads\/sites\/19\/2015\/11\/20151112_151213-300x225.jpg 300w, https:\/\/www.lyceelecorbusier.eu\/cultures-communes\/wp-content\/uploads\/sites\/19\/2015\/11\/20151112_151213-1024x768.jpg 1024w, https:\/\/www.lyceelecorbusier.eu\/cultures-communes\/wp-content\/uploads\/sites\/19\/2015\/11\/20151112_151213-1600x1200.jpg 1600w, https:\/\/www.lyceelecorbusier.eu\/cultures-communes\/wp-content\/uploads\/sites\/19\/2015\/11\/20151112_151213-960x720.jpg 960w\" sizes=\"(max-width: 3264px) 100vw, 3264px\" \/><\/a><\/p>\n<p>D\u00e9termination des acteurs et partenaires n\u00e9cessaires pour notre projet.<br \/>\nR\u00e9alisation sous forme d\u2019\u00e9ventail.<br \/>\nCependant cette forme est temporaire et a permis une premi\u00e8re approche de nos n\u00e9cessit\u00e9s, qui par la suite seront regroup\u00e9es sous forme de labo pour voir les corr\u00e9lations.<\/p>\n<p>&nbsp;<\/p>\n","protected":false},"excerpt":{"rendered":"<p>&nbsp; D\u00e9termination des acteurs et partenaires n\u00e9cessaires pour notre projet. R\u00e9alisation sous forme d\u2019\u00e9ventail. Cependant cette forme est temporaire et a permis une premi\u00e8re approche de nos n\u00e9cessit\u00e9s, qui par la suite seront regroup\u00e9es sous forme de labo&#8230; <a class=\"read-more\" href=\"https:\/\/www.lyceelecorbusier.eu\/cultures-communes\/?p=168\">Lire la suite&#8230;<\/a><\/p>\n","protected":false},"author":1,"featured_media":169,"comment_status":"closed","ping_status":"closed","sticky":false,"template":"","format":"standard","meta":[],"categories":[12],"tags":[],"_links":{"self":[{"href":"https:\/\/www.lyceelecorbusier.eu\/cultures-communes\/index.php?rest_route=\/wp\/v2\/posts\/168"}],"collection":[{"href":"https:\/\/www.lyceelecorbusier.eu\/cultures-communes\/index.php?rest_route=\/wp\/v2\/posts"}],"about":[{"href":"https:\/\/www.lyceelecorbusier.eu\/cultures-communes\/index.php?rest_route=\/wp\/v2\/types\/post"}],"author":[{"embeddable":true,"href":"https:\/\/www.lyceelecorbusier.eu\/cultures-communes\/index.php?rest_route=\/wp\/v2\/users\/1"}],"replies":[{"embeddable":true,"href":"https:\/\/www.lyceelecorbusier.eu\/cultures-communes\/index.php?rest_route=%2Fwp%2Fv2%2Fcomments&post=168"}],"version-history":[{"count":4,"href":"https:\/\/www.lyceelecorbusier.eu\/cultures-communes\/index.php?rest_route=\/wp\/v2\/posts\/168\/revisions"}],"predecessor-version":[{"id":322,"href":"https:\/\/www.lyceelecorbusier.eu\/cultures-communes\/index.php?rest_route=\/wp\/v2\/posts\/168\/revisions\/322"}],"wp:featuredmedia":[{"embeddable":true,"href":"https:\/\/www.lyceelecorbusier.eu\/cultures-communes\/index.php?rest_route=\/wp\/v2\/media\/169"}],"wp:attachment":[{"href":"https:\/\/www.lyceelecorbusier.eu\/cultures-communes\/index.php?rest_route=%2Fwp%2Fv2%2Fmedia&parent=168"}],"wp:term":[{"taxonomy":"category","embeddable":true,"href":"https:\/\/www.lyceelecorbusier.eu\/cultures-communes\/index.php?rest_route=%2Fwp%2Fv2%2Fcategories&post=168"},{"taxonomy":"post_tag","embeddable":true,"href":"https:\/\/www.lyceelecorbusier.eu\/cultures-communes\/index.php?rest_route=%2Fwp%2Fv2%2Ftags&post=168"}],"curies":[{"name":"wp","href":"https:\/\/api.w.org\/{rel}","templated":true}]}}