{"id":153,"date":"2015-11-15T17:06:14","date_gmt":"2015-11-15T16:06:14","guid":{"rendered":"http:\/\/www.lyceelecorbusier.eu\/cultures-communes\/?p=153"},"modified":"2015-12-20T18:57:39","modified_gmt":"2015-12-20T17:57:39","slug":"celine-vanderkelen","status":"publish","type":"post","link":"https:\/\/www.lyceelecorbusier.eu\/cultures-communes\/?p=153","title":{"rendered":"C\u00e9line VANDERKELEN"},"content":{"rendered":"<p class=\"p1\">Dipl\u00f4m\u00e9e d&#8217;un CAP, d\u2019un Bac Professionnel\u00a0et enfin d\u2019un BTS dans le champ du Design Graphique, C\u00e9line a souhait\u00e9 int\u00e9grer une formation qui lui permettrait d&#8217;\u00e9largir le champ de ses comp\u00e9tences et sa vision du design. Le DSAA InSituLab, m\u00e9langeant trois sp\u00e9cialit\u00e9s compl\u00e9mentaires &#8211;\u00a0l\u2019espace, le\u00a0produit\u00a0et le graphisme &#8211; correspond \u00e0 ses attentes. Sensible \u00e0 la philosophie de cette formation orient\u00e9e usager, elle souhaite mettre le design de service au centre de ses pr\u00e9occupations.<\/p>\n<p class=\"p1\">&gt; gen\u00e8se du\u00a0projet de dipl\u00f4me 2016 :<a href=\"http:\/\/www.lyceelecorbusier.eu\/cultures-communes\/?p=97\">\u00a0L&#8217;orientation, un cap<\/a><\/p>\n<p class=\"p1\">\u2014<br \/>\nmail : celine.vanderkelen@gmail.com<br \/>\nportfolio :\u00a0<a href=\"http:\/\/celine-vanderkelen.fr\">celine-vanderkelen.fr<\/a><\/p>\n<p class=\"p1\">\u2014<\/p>\n","protected":false},"excerpt":{"rendered":"<p>Dipl\u00f4m\u00e9e d&#8217;un CAP, d\u2019un Bac Professionnel\u00a0et enfin d\u2019un BTS dans le champ du Design Graphique, C\u00e9line a souhait\u00e9 int\u00e9grer une formation qui lui permettrait d&#8217;\u00e9largir le champ de ses comp\u00e9tences et sa vision du design. Le DSAA InSituLab,&#8230; <a class=\"read-more\" href=\"https:\/\/www.lyceelecorbusier.eu\/cultures-communes\/?p=153\">Lire la suite&#8230;<\/a><\/p>\n","protected":false},"author":1,"featured_media":0,"comment_status":"closed","ping_status":"closed","sticky":false,"template":"","format":"standard","meta":[],"categories":[11],"tags":[],"_links":{"self":[{"href":"https:\/\/www.lyceelecorbusier.eu\/cultures-communes\/index.php?rest_route=\/wp\/v2\/posts\/153"}],"collection":[{"href":"https:\/\/www.lyceelecorbusier.eu\/cultures-communes\/index.php?rest_route=\/wp\/v2\/posts"}],"about":[{"href":"https:\/\/www.lyceelecorbusier.eu\/cultures-communes\/index.php?rest_route=\/wp\/v2\/types\/post"}],"author":[{"embeddable":true,"href":"https:\/\/www.lyceelecorbusier.eu\/cultures-communes\/index.php?rest_route=\/wp\/v2\/users\/1"}],"replies":[{"embeddable":true,"href":"https:\/\/www.lyceelecorbusier.eu\/cultures-communes\/index.php?rest_route=%2Fwp%2Fv2%2Fcomments&post=153"}],"version-history":[{"count":6,"href":"https:\/\/www.lyceelecorbusier.eu\/cultures-communes\/index.php?rest_route=\/wp\/v2\/posts\/153\/revisions"}],"predecessor-version":[{"id":446,"href":"https:\/\/www.lyceelecorbusier.eu\/cultures-communes\/index.php?rest_route=\/wp\/v2\/posts\/153\/revisions\/446"}],"wp:attachment":[{"href":"https:\/\/www.lyceelecorbusier.eu\/cultures-communes\/index.php?rest_route=%2Fwp%2Fv2%2Fmedia&parent=153"}],"wp:term":[{"taxonomy":"category","embeddable":true,"href":"https:\/\/www.lyceelecorbusier.eu\/cultures-communes\/index.php?rest_route=%2Fwp%2Fv2%2Fcategories&post=153"},{"taxonomy":"post_tag","embeddable":true,"href":"https:\/\/www.lyceelecorbusier.eu\/cultures-communes\/index.php?rest_route=%2Fwp%2Fv2%2Ftags&post=153"}],"curies":[{"name":"wp","href":"https:\/\/api.w.org\/{rel}","templated":true}]}}