{"id":145,"date":"2015-11-05T12:26:38","date_gmt":"2015-11-05T11:26:38","guid":{"rendered":"http:\/\/www.lyceelecorbusier.eu\/cultures-communes\/?p=145"},"modified":"2015-12-10T10:36:07","modified_gmt":"2015-12-10T09:36:07","slug":"presentation-margot","status":"publish","type":"post","link":"https:\/\/www.lyceelecorbusier.eu\/cultures-communes\/?p=145","title":{"rendered":"Margot Bonnet"},"content":{"rendered":"<p>&nbsp;<\/p>\n<div class=\"texte\">\n<p>Actuellement en DSAA option graphisme au Lyc\u00e9e Le Corbusier, et apr\u00e8s mon obtention en 2014 de mon BTS Design Graphique \u00e0 La Souterraine, j\u2019ai choisi de m\u2019orienter vers le design global pour croiser d\u2019autres sp\u00e9cialit\u00e9s, o\u00f9 la d\u00e9marche de cr\u00e9ation est orient\u00e9e\u00a0sur l\u2019usager. J\u2019ai l\u2019habitude de travailler avec des designers produit et espace sur des terrains divers et vari\u00e9s afin de mieux r\u00e9pondre \u00e0 la demande et aux usages existants. J\u2019essaie d\u2019orienter principalement mes d\u00e9marches sur le travail et l\u2019exp\u00e9rimentation de la manuscrite.<\/p>\n<\/div>\n<p>\u223c<br \/>\n<a href=\"http:\/\/www.lyceelecorbusier.eu\/cultures-communes\/?cat=12\">Le projet de Margot<br \/>\n<\/a>margotbonnet.fr<br \/>\nmargotjuliebonnet@gmail.com<\/p>\n","protected":false},"excerpt":{"rendered":"<p>&nbsp; Actuellement en DSAA option graphisme au Lyc\u00e9e Le Corbusier, et apr\u00e8s mon obtention en 2014 de mon BTS Design Graphique \u00e0 La Souterraine, j\u2019ai choisi de m\u2019orienter vers le design global pour croiser d\u2019autres sp\u00e9cialit\u00e9s, o\u00f9 la&#8230; <a class=\"read-more\" href=\"https:\/\/www.lyceelecorbusier.eu\/cultures-communes\/?p=145\">Lire la suite&#8230;<\/a><\/p>\n","protected":false},"author":1,"featured_media":0,"comment_status":"closed","ping_status":"closed","sticky":false,"template":"","format":"standard","meta":[],"categories":[11],"tags":[],"_links":{"self":[{"href":"https:\/\/www.lyceelecorbusier.eu\/cultures-communes\/index.php?rest_route=\/wp\/v2\/posts\/145"}],"collection":[{"href":"https:\/\/www.lyceelecorbusier.eu\/cultures-communes\/index.php?rest_route=\/wp\/v2\/posts"}],"about":[{"href":"https:\/\/www.lyceelecorbusier.eu\/cultures-communes\/index.php?rest_route=\/wp\/v2\/types\/post"}],"author":[{"embeddable":true,"href":"https:\/\/www.lyceelecorbusier.eu\/cultures-communes\/index.php?rest_route=\/wp\/v2\/users\/1"}],"replies":[{"embeddable":true,"href":"https:\/\/www.lyceelecorbusier.eu\/cultures-communes\/index.php?rest_route=%2Fwp%2Fv2%2Fcomments&post=145"}],"version-history":[{"count":7,"href":"https:\/\/www.lyceelecorbusier.eu\/cultures-communes\/index.php?rest_route=\/wp\/v2\/posts\/145\/revisions"}],"predecessor-version":[{"id":324,"href":"https:\/\/www.lyceelecorbusier.eu\/cultures-communes\/index.php?rest_route=\/wp\/v2\/posts\/145\/revisions\/324"}],"wp:attachment":[{"href":"https:\/\/www.lyceelecorbusier.eu\/cultures-communes\/index.php?rest_route=%2Fwp%2Fv2%2Fmedia&parent=145"}],"wp:term":[{"taxonomy":"category","embeddable":true,"href":"https:\/\/www.lyceelecorbusier.eu\/cultures-communes\/index.php?rest_route=%2Fwp%2Fv2%2Fcategories&post=145"},{"taxonomy":"post_tag","embeddable":true,"href":"https:\/\/www.lyceelecorbusier.eu\/cultures-communes\/index.php?rest_route=%2Fwp%2Fv2%2Ftags&post=145"}],"curies":[{"name":"wp","href":"https:\/\/api.w.org\/{rel}","templated":true}]}}