{"id":111,"date":"2015-10-03T13:48:00","date_gmt":"2015-10-03T12:48:00","guid":{"rendered":"http:\/\/www.lyceelecorbusier.eu\/cultures-communes\/?p=111"},"modified":"2015-12-13T14:02:10","modified_gmt":"2015-12-13T13:02:10","slug":"presentation-john","status":"publish","type":"post","link":"https:\/\/www.lyceelecorbusier.eu\/cultures-communes\/?p=111","title":{"rendered":"Charl\u00e8ne Marquet"},"content":{"rendered":"<p>Originaire de Marseille, et issue d&#8217;un Baccalaur\u00e9at Litt\u00e9raire, option Arts Plastiques, puis d&#8217;un BTS en Design Graphique option M\u00e9dias imprim\u00e9s, je suis aujourd&#8217;hui dans la\u00a0formation en Design Global de l&#8217;InSituLab \u00e0 Strasbourg. Le partage des connaissances de cette classe compos\u00e9e d&#8217;\u00e9tudiants venant de milieux tout aussi diff\u00e9rents et riches les uns des autres est tr\u00e8s certainement une des plus grandes forces de cette formation. Suite \u00e0 ce parcours, c&#8217;est tout naturellement que je me suis positionn\u00e9e entre Design Graphique (mais pas que), partage et acc\u00e8s \u00e0 tous, dans le domaine de la\u00a0philosophie et de la litt\u00e9rature.<\/p>\n<blockquote data-secret=\"wwo7dEvYmd\" class=\"wp-embedded-content\"><p><a href=\"http:\/\/www.lyceelecorbusier.eu\/cultures-communes\/?p=352\">Teaser &laquo;&nbsp;Susciter le d\u00e9sir de lecture&nbsp;&raquo;<\/a><\/p><\/blockquote>\n<p><iframe class=\"wp-embedded-content\" sandbox=\"allow-scripts\" security=\"restricted\" style=\"display:none;\" src=\"http:\/\/www.lyceelecorbusier.eu\/cultures-communes\/?p=352&#038;embed=true#?secret=wwo7dEvYmd\" data-secret=\"wwo7dEvYmd\" width=\"600\" height=\"338\" title=\"Inclure un article WordPress\" frameborder=\"0\" marginwidth=\"0\" marginheight=\"0\" scrolling=\"no\"><\/iframe><\/p>\n<p style=\"text-align: right\"><a href=\"https:\/\/www.behance.net\/charlenemarquet\" target=\"_blank\">Portfolio en ligne<\/a><\/p>\n<p style=\"text-align: right\">marquet.charlene@gmail.com<\/p>\n","protected":false},"excerpt":{"rendered":"<p>Originaire de Marseille, et issue d&#8217;un Baccalaur\u00e9at Litt\u00e9raire, option Arts Plastiques, puis d&#8217;un BTS en Design Graphique option M\u00e9dias imprim\u00e9s, je suis aujourd&#8217;hui dans la\u00a0formation en Design Global de l&#8217;InSituLab \u00e0 Strasbourg. Le partage des connaissances de cette&#8230; <a class=\"read-more\" href=\"https:\/\/www.lyceelecorbusier.eu\/cultures-communes\/?p=111\">Lire la suite&#8230;<\/a><\/p>\n","protected":false},"author":1,"featured_media":0,"comment_status":"closed","ping_status":"closed","sticky":false,"template":"","format":"standard","meta":[],"categories":[11],"tags":[],"_links":{"self":[{"href":"https:\/\/www.lyceelecorbusier.eu\/cultures-communes\/index.php?rest_route=\/wp\/v2\/posts\/111"}],"collection":[{"href":"https:\/\/www.lyceelecorbusier.eu\/cultures-communes\/index.php?rest_route=\/wp\/v2\/posts"}],"about":[{"href":"https:\/\/www.lyceelecorbusier.eu\/cultures-communes\/index.php?rest_route=\/wp\/v2\/types\/post"}],"author":[{"embeddable":true,"href":"https:\/\/www.lyceelecorbusier.eu\/cultures-communes\/index.php?rest_route=\/wp\/v2\/users\/1"}],"replies":[{"embeddable":true,"href":"https:\/\/www.lyceelecorbusier.eu\/cultures-communes\/index.php?rest_route=%2Fwp%2Fv2%2Fcomments&post=111"}],"version-history":[{"count":9,"href":"https:\/\/www.lyceelecorbusier.eu\/cultures-communes\/index.php?rest_route=\/wp\/v2\/posts\/111\/revisions"}],"predecessor-version":[{"id":421,"href":"https:\/\/www.lyceelecorbusier.eu\/cultures-communes\/index.php?rest_route=\/wp\/v2\/posts\/111\/revisions\/421"}],"wp:attachment":[{"href":"https:\/\/www.lyceelecorbusier.eu\/cultures-communes\/index.php?rest_route=%2Fwp%2Fv2%2Fmedia&parent=111"}],"wp:term":[{"taxonomy":"category","embeddable":true,"href":"https:\/\/www.lyceelecorbusier.eu\/cultures-communes\/index.php?rest_route=%2Fwp%2Fv2%2Fcategories&post=111"},{"taxonomy":"post_tag","embeddable":true,"href":"https:\/\/www.lyceelecorbusier.eu\/cultures-communes\/index.php?rest_route=%2Fwp%2Fv2%2Ftags&post=111"}],"curies":[{"name":"wp","href":"https:\/\/api.w.org\/{rel}","templated":true}]}}