{"id":290,"date":"2022-01-24T16:50:44","date_gmt":"2022-01-24T15:50:44","guid":{"rendered":"https:\/\/www.lyceelecorbusier.eu\/bnu\/?p=290"},"modified":"2022-01-28T00:12:18","modified_gmt":"2022-01-27T23:12:18","slug":"l-a-p-y-our-space","status":"publish","type":"post","link":"https:\/\/www.lyceelecorbusier.eu\/bnu\/?p=290","title":{"rendered":"L.A.P.Y our space"},"content":{"rendered":"\r\n<p><img loading=\"lazy\" class=\"alignnone  wp-image-301\" style=\"font-size: 1em\" src=\"https:\/\/www.lyceelecorbusier.eu\/bnu\/wp-content\/uploads\/sites\/56\/2022\/01\/BNU-DESSIN-1-V-2-300x169.jpg\" alt=\"\" width=\"1204\" height=\"678\" \/><\/p>\r\n<p style=\"text-align: center\"><span style=\"font-weight: 400;font-size: 14pt\">Bonjour, nous sommes <strong>L<\/strong>aurine, <strong>A<\/strong>m\u00e9lie, <strong>P<\/strong>aula et <strong>Y<\/strong>ann, et nous formons l&#8217;agence <\/span><\/p>\r\n<p style=\"text-align: center\"><span style=\"font-weight: 400;font-size: 18pt\"><strong>L<\/strong>.<strong>A<\/strong>.<strong>P<\/strong>.<strong>Y<\/strong> our space !<\/span><\/p>\r\n<p>&nbsp;<\/p>\r\n<p style=\"text-align: center\">Notre Objectif :\u00a0<\/p>\r\n<p style=\"text-align: center\"><strong>\u201cFaire de la BNU un espace culturel et un lieu d&#8217;\u00e9change incontournable sur la sc\u00e8ne Strasbourgeoise\u201d<\/strong><\/p>\r\n<p>&nbsp;<\/p>\r\n<p><span style=\"font-weight: 400\">La BNU est un lieu polyvalent compos\u00e9 de deux types d\u2019espaces : un espace r\u00e9serv\u00e9 \u00e0 ses adh\u00e9rents et un espace public accessible qui va du parvis aux portiques du niveau 2. Lors de notre travail de prospection, nous avons pu constater quelques points \u00e0 am\u00e9liorer : la lisibilit\u00e9 de la fa\u00e7ade ext\u00e9rieure de la BNU et de ses activit\u00e9s, la distinction des diff\u00e9rents espaces et usages ainsi que leur visibilit\u00e9,, une lecture du sens de la circulation plus claire, et enfin, des espaces manquantes de mobilier et d\u2019installation permettant des moments de partage.<\/span><\/p>\r\n<p><span style=\"font-weight: 400\">Suite \u00e0 cette analyse, nous avons d\u00e9cid\u00e9 de travailler autour de 3 th\u00e9matiques. Elles nous ont permis de r\u00e9fl\u00e9chir \u00e0 des principes qui dynamiseront ces espaces et attireront les usagers.<\/span><\/p>\r\n<p>&nbsp;<\/p>\r\n<p style=\"text-align: center\"><span style=\"font-size: 18pt\"><strong>Commen\u00e7ons la visite !\u00a0\u00a0<\/strong><\/span><\/p>\r\n<p><span style=\"font-weight: 400\"><span style=\"font-size: 1em\"><br \/><img loading=\"lazy\" width=\"300\" height=\"84\" class=\"size-medium wp-image-527 alignleft\" src=\"https:\/\/www.lyceelecorbusier.eu\/bnu\/wp-content\/uploads\/sites\/56\/2022\/01\/Cest-par-ici--300x84.jpg\" alt=\"\" srcset=\"https:\/\/www.lyceelecorbusier.eu\/bnu\/wp-content\/uploads\/sites\/56\/2022\/01\/Cest-par-ici--300x84.jpg 300w, https:\/\/www.lyceelecorbusier.eu\/bnu\/wp-content\/uploads\/sites\/56\/2022\/01\/Cest-par-ici--1024x288.jpg 1024w, https:\/\/www.lyceelecorbusier.eu\/bnu\/wp-content\/uploads\/sites\/56\/2022\/01\/Cest-par-ici--768x216.jpg 768w, https:\/\/www.lyceelecorbusier.eu\/bnu\/wp-content\/uploads\/sites\/56\/2022\/01\/Cest-par-ici--1536x432.jpg 1536w, https:\/\/www.lyceelecorbusier.eu\/bnu\/wp-content\/uploads\/sites\/56\/2022\/01\/Cest-par-ici--960x270.jpg 960w, https:\/\/www.lyceelecorbusier.eu\/bnu\/wp-content\/uploads\/sites\/56\/2022\/01\/Cest-par-ici-.jpg 1600w\" sizes=\"(max-width: 300px) 100vw, 300px\" \/><\/span><\/span><\/p>\r\n<p><strong><span style=\"font-size: 10pt\">La communication est un \u00e9l\u00e9ment cl\u00e9 pour se familiariser avec un environnement, c\u2019est pourquoi nous avons travaill\u00e9 sur la clart\u00e9 de la signal\u00e9tique dans les espaces publics. <\/span><\/strong><\/p>\r\n<p>&nbsp;<\/p>\r\n<p><img loading=\"lazy\" width=\"300\" height=\"84\" class=\"size-medium wp-image-524 alignleft\" style=\"font-size: 1em\" src=\"https:\/\/www.lyceelecorbusier.eu\/bnu\/wp-content\/uploads\/sites\/56\/2022\/01\/ca-bouge--300x84.jpg\" alt=\"\" srcset=\"https:\/\/www.lyceelecorbusier.eu\/bnu\/wp-content\/uploads\/sites\/56\/2022\/01\/ca-bouge--300x84.jpg 300w, https:\/\/www.lyceelecorbusier.eu\/bnu\/wp-content\/uploads\/sites\/56\/2022\/01\/ca-bouge--1024x288.jpg 1024w, https:\/\/www.lyceelecorbusier.eu\/bnu\/wp-content\/uploads\/sites\/56\/2022\/01\/ca-bouge--768x216.jpg 768w, https:\/\/www.lyceelecorbusier.eu\/bnu\/wp-content\/uploads\/sites\/56\/2022\/01\/ca-bouge--1536x432.jpg 1536w, https:\/\/www.lyceelecorbusier.eu\/bnu\/wp-content\/uploads\/sites\/56\/2022\/01\/ca-bouge--960x270.jpg 960w, https:\/\/www.lyceelecorbusier.eu\/bnu\/wp-content\/uploads\/sites\/56\/2022\/01\/ca-bouge-.jpg 1600w\" sizes=\"(max-width: 300px) 100vw, 300px\" \/><\/p>\r\n<p><strong><span style=\"font-size: 10pt\">Les foyers sud et nord du niveau 1 sont des espaces o\u00f9 les usagers de la BNU peuvent travailler ou passer leur temps libre. Ces lieux, constamment en mouvements, manquent\u00a0 de flexibilit\u00e9. <\/span><\/strong><\/p>\r\n<p>&nbsp;<\/p>\r\n<p><img class=\"size-medium wp-image-526 alignleft\" src=\"https:\/\/www.lyceelecorbusier.eu\/bnu\/wp-content\/uploads\/sites\/56\/2022\/01\/Partageons-ensemble-1-1-300x84.jpg\" alt=\"\" \/><\/p>\r\n<p><span style=\"font-weight: 400\"><img loading=\"lazy\" width=\"300\" height=\"84\" class=\"size-medium wp-image-525 alignleft\" src=\"https:\/\/www.lyceelecorbusier.eu\/bnu\/wp-content\/uploads\/sites\/56\/2022\/01\/Partageons-ensemble--300x84.jpg\" alt=\"\" srcset=\"https:\/\/www.lyceelecorbusier.eu\/bnu\/wp-content\/uploads\/sites\/56\/2022\/01\/Partageons-ensemble--300x84.jpg 300w, https:\/\/www.lyceelecorbusier.eu\/bnu\/wp-content\/uploads\/sites\/56\/2022\/01\/Partageons-ensemble--1024x288.jpg 1024w, https:\/\/www.lyceelecorbusier.eu\/bnu\/wp-content\/uploads\/sites\/56\/2022\/01\/Partageons-ensemble--768x216.jpg 768w, https:\/\/www.lyceelecorbusier.eu\/bnu\/wp-content\/uploads\/sites\/56\/2022\/01\/Partageons-ensemble--1536x432.jpg 1536w, https:\/\/www.lyceelecorbusier.eu\/bnu\/wp-content\/uploads\/sites\/56\/2022\/01\/Partageons-ensemble--960x270.jpg 960w, https:\/\/www.lyceelecorbusier.eu\/bnu\/wp-content\/uploads\/sites\/56\/2022\/01\/Partageons-ensemble-.jpg 1600w\" sizes=\"(max-width: 300px) 100vw, 300px\" \/><\/span><\/p>\r\n<p><strong><span style=\"font-size: 10pt\">Faire une pause se r\u00e9sume-t-il seulement \u00e0 boire un caf\u00e9 ? Les espaces publics sont des lieux permettant les rencontres et les \u00e9changes. Afin de permettre aux usagers de cr\u00e9er des lien.<\/span><\/strong><\/p>\r\n<p>&nbsp;<\/p>\r\n<p>&nbsp;<\/p>\r\n<p><img loading=\"lazy\" class=\"alignnone  wp-image-347\" style=\"font-size: 1em\" src=\"https:\/\/www.lyceelecorbusier.eu\/bnu\/wp-content\/uploads\/sites\/56\/2022\/01\/BNU-DESSIN-8-300x169.jpg\" alt=\"\" width=\"1179\" height=\"664\" srcset=\"https:\/\/www.lyceelecorbusier.eu\/bnu\/wp-content\/uploads\/sites\/56\/2022\/01\/BNU-DESSIN-8-300x169.jpg 300w, https:\/\/www.lyceelecorbusier.eu\/bnu\/wp-content\/uploads\/sites\/56\/2022\/01\/BNU-DESSIN-8-1024x576.jpg 1024w, https:\/\/www.lyceelecorbusier.eu\/bnu\/wp-content\/uploads\/sites\/56\/2022\/01\/BNU-DESSIN-8-768x432.jpg 768w, https:\/\/www.lyceelecorbusier.eu\/bnu\/wp-content\/uploads\/sites\/56\/2022\/01\/BNU-DESSIN-8-1536x864.jpg 1536w, https:\/\/www.lyceelecorbusier.eu\/bnu\/wp-content\/uploads\/sites\/56\/2022\/01\/BNU-DESSIN-8-960x540.jpg 960w, https:\/\/www.lyceelecorbusier.eu\/bnu\/wp-content\/uploads\/sites\/56\/2022\/01\/BNU-DESSIN-8.jpg 1600w\" sizes=\"(max-width: 1179px) 100vw, 1179px\" \/><br \/>\n\t\t<div class=\"toggle-box\">\n\t\t<p class=\"toggle-trigger\"><a href=\"javascript:void(0);\">Parvis<\/a><\/p>\n\t\t<div class=\"toggle-section\"><p>\r\n<p>Les Panneaux ext\u00e9rieur\u00a0<\/p>\r\n\n\t\t<!-- MasterSlider -->\n\t\t<div id=\"P_MS69f3b8da2b45e\" class=\"master-slider-parent msl ms-parent-id-18\" style=\"max-width:780px;\">\n\n\t\t\t\n\t\t\t<!-- MasterSlider Main -->\n\t\t\t<div id=\"MS69f3b8da2b45e\" class=\"master-slider ms-skin-default\" >\n\t\t\t\t \t\t\t\t \n\t\t\t\t<div  class=\"ms-slide\" data-delay=\"3\" data-fill-mode=\"fill\"  >\n\t\t\t\t\t<img src=\"https:\/\/www.lyceelecorbusier.eu\/bnu\/wp-content\/plugins\/master-slider\/public\/assets\/css\/blank.gif\" alt=\"\" title=\"\" data-src=\"https:\/\/www.lyceelecorbusier.eu\/bnu\/wp-content\/uploads\/sites\/56\/2022\/01\/BNU-PHOTO-1-b.jpg\" \/>\n\n\n\t<div class=\"ms-thumb\" ><div class=\"ms-tab-context\"><div class=&quot;ms-tab-context&quot;><\/div><\/div>\n<\/div>\n\t\t\t\t<\/div>\n\t\t\t\t<div  class=\"ms-slide\" data-delay=\"3\" data-fill-mode=\"fill\"  >\n\t\t\t\t\t<img src=\"https:\/\/www.lyceelecorbusier.eu\/bnu\/wp-content\/plugins\/master-slider\/public\/assets\/css\/blank.gif\" alt=\"\" title=\"\" data-src=\"https:\/\/www.lyceelecorbusier.eu\/bnu\/wp-content\/uploads\/sites\/56\/2022\/01\/BNU-C-3-b.jpg\" \/>\n\n\n\t<div class=\"ms-thumb\" ><div class=\"ms-tab-context\"><div class=&quot;ms-tab-context&quot;><\/div><\/div>\n<\/div>\n\t\t\t\t<\/div>\n\t\t\t\t<div  class=\"ms-slide\" data-delay=\"3\" data-fill-mode=\"fill\"  >\n\t\t\t\t\t<img src=\"https:\/\/www.lyceelecorbusier.eu\/bnu\/wp-content\/plugins\/master-slider\/public\/assets\/css\/blank.gif\" alt=\"\" title=\"\" data-src=\"https:\/\/www.lyceelecorbusier.eu\/bnu\/wp-content\/uploads\/sites\/56\/2022\/01\/BNU-C-2-b.jpg\" \/>\n\n\n\t<div class=\"ms-thumb\" ><div class=\"ms-tab-context\"><div class=&quot;ms-tab-context&quot;><\/div><\/div>\n<\/div>\n\t\t\t\t<\/div>\n\n\t\t\t<\/div>\n\t\t\t<!-- END MasterSlider Main -->\n\n\t\t\t \n\t\t<\/div>\n\t\t<!-- END MasterSlider -->\n\n\t\t<script>\n\t\t(function ( $ ) {\n\t\t\t\"use strict\";\n\n\t\t\t$(function () {\n\t\t\t\tvar masterslider_b45e = new MasterSlider();\n\n\t\t\t\t\/\/ slider controls\n\n\t\t\t\tmasterslider_b45e.control('scrollbar'  ,{ autohide:false, overVideo:true, dir:'h', inset:true, align:'bottom', color:'#1f4392' , margin:10  , width:4 });\n\t\t\t\t\/\/ slider setup\n\t\t\t\tmasterslider_b45e.setup(\"MS69f3b8da2b45e\", {\n\t\t\t\t\t\twidth           : 780,\n\t\t\t\t\t\theight          : 500,\n\t\t\t\t\t\tminHeight       : 0,\n\t\t\t\t\t\tspace           : 0,\n\t\t\t\t\t\tstart           : 1,\n\t\t\t\t\t\tgrabCursor      : true,\n\t\t\t\t\t\tswipe           : true,\n\t\t\t\t\t\tmouse           : true,\n\t\t\t\t\t\tlayout          : \"boxed\",\n\t\t\t\t\t\twheel           : true,\n\t\t\t\t\t\tautoplay        : true,\n\t\t\t\t\t\tinstantStartLayers:false,\n\t\t\t\t\t\tloop            : true,\n\t\t\t\t\t\tshuffle         : false,\n\t\t\t\t\t\tpreload         : 'all',\n\t\t\t\t\t\theightLimit     : true,\n\t\t\t\t\t\tautoHeight      : true,\n\t\t\t\t\t\tsmoothHeight    : true,\n\t\t\t\t\t\tendPause        : false,\n\t\t\t\t\t\toverPause       : false,\n\t\t\t\t\t\tfillMode        : \"fill\",\n\t\t\t\t\t\tcenterControls  : true,\n\t\t\t\t\t\tstartOnAppear   : false,\n\t\t\t\t\t\tlayersMode      : \"center\",\n\t\t\t\t\t\thideLayers      : false,\n\t\t\t\t\t\tfullscreenMargin: 0,\n\t\t\t\t\t\tspeed           : 20,\n\t\t\t\t\t\tdir             : \"h\",\n\t\t\t\t\t\tparallaxMode    : 'swipe',\n\t\t\t\t\t\tview            : \"basic\"\n\t\t\t\t});\n\n\t\t\t\t\n\t\t\t\twindow.masterslider_instances = window.masterslider_instances || [];\n\t\t\t\twindow.masterslider_instances.push( masterslider_b45e );\n\t\t\t });\n\n\t\t})(jQuery);\n\t\t<\/script>\n\n\r\n<p><span style=\"font-weight: 400\">La communication ext\u00e9rieure de la BNU manque de visibilit\u00e9. Les immenses Kakemonos ne sont remarquables que de loin. Les seules personnes\u00a0 qui peuvent potentiellement les voir sont celles qui arrivent face \u00e0 la BNU et les touristes qui ont le temps de lever les yeux pour admirer l\u2019architecture n\u00e9o-classique de la Neustadt. Cependant, ils sont invisibles pour ceux qui descendent du tram \u00e0 l\u2019arr\u00eat r\u00e9publique, les universitaires <\/span><span style=\"font-weight: 400\">ou <\/span><span style=\"font-weight: 400\">les habitu\u00e9s qui fonce \u00e0 la recherche de leur place pr\u00e9f\u00e9r\u00e9e pour travailler ou ceux qui ne font que passer pour rendre leur livres. <\/span><span style=\"font-weight: 400\">Il n\u2019est pas question ici de les retirer, mais de retravailler cette communication ext\u00e9rieure.<\/span><\/p>\r\n<p><span style=\"font-weight: 400\">Notre premi\u00e8re proposition consiste donc \u00e0 ramener l\u2019information au niveau du regard gr\u00e2ce \u00e0 des panneaux embo\u00eet\u00e9s, sur les colonnes indiquant l\u2019entr\u00e9e et la sortie, les diff\u00e9rents \u00e9v\u00e9nements accueillis par la BNU, ainsi que les services pr\u00e9sents dans cette derni\u00e8re, tel que la caf\u00e9t\u00e9ria.\u00a0<\/span><\/p>\r\n<p><img loading=\"lazy\" class=\"alignnone  wp-image-544\" src=\"https:\/\/www.lyceelecorbusier.eu\/bnu\/wp-content\/uploads\/sites\/56\/2022\/01\/BNU-PHOTO-2-b-300x169.jpg\" alt=\"\" width=\"1063\" height=\"599\" srcset=\"https:\/\/www.lyceelecorbusier.eu\/bnu\/wp-content\/uploads\/sites\/56\/2022\/01\/BNU-PHOTO-2-b-300x169.jpg 300w, https:\/\/www.lyceelecorbusier.eu\/bnu\/wp-content\/uploads\/sites\/56\/2022\/01\/BNU-PHOTO-2-b-1024x576.jpg 1024w, https:\/\/www.lyceelecorbusier.eu\/bnu\/wp-content\/uploads\/sites\/56\/2022\/01\/BNU-PHOTO-2-b-768x432.jpg 768w, https:\/\/www.lyceelecorbusier.eu\/bnu\/wp-content\/uploads\/sites\/56\/2022\/01\/BNU-PHOTO-2-b-1536x864.jpg 1536w, https:\/\/www.lyceelecorbusier.eu\/bnu\/wp-content\/uploads\/sites\/56\/2022\/01\/BNU-PHOTO-2-b-960x540.jpg 960w, https:\/\/www.lyceelecorbusier.eu\/bnu\/wp-content\/uploads\/sites\/56\/2022\/01\/BNU-PHOTO-2-b.jpg 1600w\" sizes=\"(max-width: 1063px) 100vw, 1063px\" \/><\/p>\r\n<p>&nbsp;<\/p>\r\n<\/p><\/div>\n\t\t<\/div>\r\n<p>&nbsp;<\/p>\r\n<hr \/>\r\n<p><br \/><img loading=\"lazy\" class=\"alignnone  wp-image-338\" src=\"https:\/\/www.lyceelecorbusier.eu\/bnu\/wp-content\/uploads\/sites\/56\/2022\/01\/BNU-DESSIN-2-300x169.jpg\" alt=\"\" width=\"1202\" height=\"674\" srcset=\"https:\/\/www.lyceelecorbusier.eu\/bnu\/wp-content\/uploads\/sites\/56\/2022\/01\/BNU-DESSIN-2-300x169.jpg 300w, https:\/\/www.lyceelecorbusier.eu\/bnu\/wp-content\/uploads\/sites\/56\/2022\/01\/BNU-DESSIN-2-768x432.jpg 768w\" sizes=\"(max-width: 1202px) 100vw, 1202px\" \/><br \/>\n\t\t<div class=\"toggle-box\">\n\t\t<p class=\"toggle-trigger\"><a href=\"javascript:void(0);\">Niveau 0<\/a><\/p>\n\t\t<div class=\"toggle-section\"><p><br \/><span style=\"font-weight: 400\">L\u2019escalier est un \u00e9l\u00e9ment important dans le passage des usagers car il est l\u2019axe de circulation principal reliant tous les espaces. <\/span><span style=\"font-weight: 400\">Lors de notre observation nous avons pu voir que beaucoup de personnes se perdent. En effet, dans les escaliers, imposant, aucun \u00e9l\u00e9ment de signal\u00e9tique ne se distingue.<\/span><\/p>\r\n<p><span style=\"font-weight: 400\">L\u2019am\u00e9lioration de la signal\u00e9tique nous paraissait donc le point le plus important \u00e0 travailler. Si les usagers n\u2019arrivent pas \u00e0 se rep\u00e9rer et \u00e0 se d\u00e9placer ais\u00e9ment, tout autre type d\u2019activit\u00e9s ou de solutions apport\u00e9es aurait eu un impact moins important que souhait\u00e9. <\/span><span style=\"font-weight: 400\">Gr\u00e2ce \u00e0 un ensemble d\u2019\u00e9l\u00e9ments de communication, nous avons essay\u00e9 de rediriger de mani\u00e8re plus intuitive les usagers. Pour mieux comprendre, nous avons discut\u00e9\u00a0 avec les agents de s\u00e9curit\u00e9. Deux probl\u00e8mes sont ressortis.\u00a0<\/span><\/p>\r\n<p><span style=\"font-weight: 400\">Le 1er est la chute des usagers qui ont tendance \u00e0 confondre la derni\u00e8re marche des escaliers avec le tapis au niveau de la sortie.<\/span><\/p>\r\n<p><img loading=\"lazy\" class=\"alignnone  wp-image-551\" src=\"https:\/\/www.lyceelecorbusier.eu\/bnu\/wp-content\/uploads\/sites\/56\/2022\/01\/BNU-escalier-chute--300x169.jpg\" alt=\"\" width=\"1014\" height=\"571\" srcset=\"https:\/\/www.lyceelecorbusier.eu\/bnu\/wp-content\/uploads\/sites\/56\/2022\/01\/BNU-escalier-chute--300x169.jpg 300w, https:\/\/www.lyceelecorbusier.eu\/bnu\/wp-content\/uploads\/sites\/56\/2022\/01\/BNU-escalier-chute--1024x576.jpg 1024w, https:\/\/www.lyceelecorbusier.eu\/bnu\/wp-content\/uploads\/sites\/56\/2022\/01\/BNU-escalier-chute--768x432.jpg 768w, https:\/\/www.lyceelecorbusier.eu\/bnu\/wp-content\/uploads\/sites\/56\/2022\/01\/BNU-escalier-chute--1536x864.jpg 1536w, https:\/\/www.lyceelecorbusier.eu\/bnu\/wp-content\/uploads\/sites\/56\/2022\/01\/BNU-escalier-chute--960x540.jpg 960w, https:\/\/www.lyceelecorbusier.eu\/bnu\/wp-content\/uploads\/sites\/56\/2022\/01\/BNU-escalier-chute-.jpg 1600w\" sizes=\"(max-width: 1014px) 100vw, 1014px\" \/><\/p>\r\n<p>&nbsp;<\/p>\r\n<\/p><\/div>\n\t\t<\/div>\r\n<p>&nbsp;<\/p>\r\n<hr \/>\r\n<p><img loading=\"lazy\" class=\"alignnone  wp-image-345\" src=\"https:\/\/www.lyceelecorbusier.eu\/bnu\/wp-content\/uploads\/sites\/56\/2022\/01\/BNU-DESSIN-6-300x169.jpg\" alt=\"\" width=\"1189\" height=\"670\" srcset=\"https:\/\/www.lyceelecorbusier.eu\/bnu\/wp-content\/uploads\/sites\/56\/2022\/01\/BNU-DESSIN-6-300x169.jpg 300w, https:\/\/www.lyceelecorbusier.eu\/bnu\/wp-content\/uploads\/sites\/56\/2022\/01\/BNU-DESSIN-6-1024x576.jpg 1024w, https:\/\/www.lyceelecorbusier.eu\/bnu\/wp-content\/uploads\/sites\/56\/2022\/01\/BNU-DESSIN-6-768x432.jpg 768w, https:\/\/www.lyceelecorbusier.eu\/bnu\/wp-content\/uploads\/sites\/56\/2022\/01\/BNU-DESSIN-6-1536x864.jpg 1536w, https:\/\/www.lyceelecorbusier.eu\/bnu\/wp-content\/uploads\/sites\/56\/2022\/01\/BNU-DESSIN-6-960x540.jpg 960w, https:\/\/www.lyceelecorbusier.eu\/bnu\/wp-content\/uploads\/sites\/56\/2022\/01\/BNU-DESSIN-6.jpg 1600w\" sizes=\"(max-width: 1189px) 100vw, 1189px\" \/><br \/><br \/>\n\t\t<div class=\"toggle-box\">\n\t\t<p class=\"toggle-trigger\"><a href=\"javascript:void(0);\">Niveau 1<\/a><\/p>\n\t\t<div class=\"toggle-section\"><p>\r\n<p><em><strong>Escalier inferieur : <\/strong><\/em><\/p>\r\n\n\t\t<!-- MasterSlider -->\n\t\t<div id=\"P_MS69f3b8da33bf9\" class=\"master-slider-parent msl ms-parent-id-23\" style=\"max-width:780px;\">\n\n\t\t\t\n\t\t\t<!-- MasterSlider Main -->\n\t\t\t<div id=\"MS69f3b8da33bf9\" class=\"master-slider ms-skin-default\" >\n\t\t\t\t \t\t\t\t \n\t\t\t\t<div  class=\"ms-slide\" data-delay=\"3\" data-fill-mode=\"fill\"  >\n\t\t\t\t\t<img src=\"https:\/\/www.lyceelecorbusier.eu\/bnu\/wp-content\/plugins\/master-slider\/public\/assets\/css\/blank.gif\" alt=\"\" title=\"\" data-src=\"https:\/\/www.lyceelecorbusier.eu\/bnu\/wp-content\/uploads\/sites\/56\/2022\/01\/BNU-C-4-2.jpg\" \/>\n\n\n\t<div class=\"ms-thumb\" ><div class=\"ms-tab-context\"><div class=&quot;ms-tab-context&quot;><\/div><\/div>\n<\/div>\n\t\t\t\t<\/div>\n\t\t\t\t<div  class=\"ms-slide\" data-delay=\"3\" data-fill-mode=\"fill\"  >\n\t\t\t\t\t<img src=\"https:\/\/www.lyceelecorbusier.eu\/bnu\/wp-content\/plugins\/master-slider\/public\/assets\/css\/blank.gif\" alt=\"\" title=\"\" data-src=\"https:\/\/www.lyceelecorbusier.eu\/bnu\/wp-content\/uploads\/sites\/56\/2022\/01\/BNU-SOL-1-d-.jpg\" \/>\n\n\n\t<div class=\"ms-thumb\" ><div class=\"ms-tab-context\"><div class=&quot;ms-tab-context&quot;><\/div><\/div>\n<\/div>\n\t\t\t\t<\/div>\n\t\t\t\t<div  class=\"ms-slide\" data-delay=\"3\" data-fill-mode=\"fill\"  >\n\t\t\t\t\t<img src=\"https:\/\/www.lyceelecorbusier.eu\/bnu\/wp-content\/plugins\/master-slider\/public\/assets\/css\/blank.gif\" alt=\"\" title=\"\" data-src=\"https:\/\/www.lyceelecorbusier.eu\/bnu\/wp-content\/uploads\/sites\/56\/2022\/01\/BNU-SOL-1-b-.jpg\" \/>\n\n\n\t<div class=\"ms-thumb\" ><div class=\"ms-tab-context\"><div class=&quot;ms-tab-context&quot;><\/div><\/div>\n<\/div>\n\t\t\t\t<\/div>\n\n\t\t\t<\/div>\n\t\t\t<!-- END MasterSlider Main -->\n\n\t\t\t \n\t\t<\/div>\n\t\t<!-- END MasterSlider -->\n\n\t\t<script>\n\t\t(function ( $ ) {\n\t\t\t\"use strict\";\n\n\t\t\t$(function () {\n\t\t\t\tvar masterslider_3bf9 = new MasterSlider();\n\n\t\t\t\t\/\/ slider controls\n\n\t\t\t\t\/\/ slider setup\n\t\t\t\tmasterslider_3bf9.setup(\"MS69f3b8da33bf9\", {\n\t\t\t\t\t\twidth           : 780,\n\t\t\t\t\t\theight          : 500,\n\t\t\t\t\t\tminHeight       : 0,\n\t\t\t\t\t\tspace           : 0,\n\t\t\t\t\t\tstart           : 1,\n\t\t\t\t\t\tgrabCursor      : true,\n\t\t\t\t\t\tswipe           : true,\n\t\t\t\t\t\tmouse           : true,\n\t\t\t\t\t\tlayout          : \"boxed\",\n\t\t\t\t\t\twheel           : true,\n\t\t\t\t\t\tautoplay        : true,\n\t\t\t\t\t\tinstantStartLayers:false,\n\t\t\t\t\t\tloop            : false,\n\t\t\t\t\t\tshuffle         : false,\n\t\t\t\t\t\tpreload         : 0,\n\t\t\t\t\t\theightLimit     : true,\n\t\t\t\t\t\tautoHeight      : true,\n\t\t\t\t\t\tsmoothHeight    : true,\n\t\t\t\t\t\tendPause        : false,\n\t\t\t\t\t\toverPause       : false,\n\t\t\t\t\t\tfillMode        : \"fill\",\n\t\t\t\t\t\tcenterControls  : true,\n\t\t\t\t\t\tstartOnAppear   : false,\n\t\t\t\t\t\tlayersMode      : \"center\",\n\t\t\t\t\t\thideLayers      : false,\n\t\t\t\t\t\tfullscreenMargin: 0,\n\t\t\t\t\t\tspeed           : 20,\n\t\t\t\t\t\tdir             : \"h\",\n\t\t\t\t\t\tparallaxMode    : 'swipe',\n\t\t\t\t\t\tview            : \"basic\"\n\t\t\t\t});\n\n\t\t\t\t\n\t\t\t\twindow.masterslider_instances = window.masterslider_instances || [];\n\t\t\t\twindow.masterslider_instances.push( masterslider_3bf9 );\n\t\t\t });\n\n\t\t})(jQuery);\n\t\t<\/script>\n\n\r\n<p><span style=\"font-weight: 400\">le deuxi\u00e8me probl\u00e8me point\u00e9 du doigt est le sens de circulation dans les escaliers.<\/span><\/p>\r\n<p><img loading=\"lazy\" class=\"alignnone  wp-image-549\" src=\"https:\/\/www.lyceelecorbusier.eu\/bnu\/wp-content\/uploads\/sites\/56\/2022\/01\/BNU-SOL-1--300x169.jpg\" alt=\"\" width=\"1042\" height=\"587\" srcset=\"https:\/\/www.lyceelecorbusier.eu\/bnu\/wp-content\/uploads\/sites\/56\/2022\/01\/BNU-SOL-1--300x169.jpg 300w, https:\/\/www.lyceelecorbusier.eu\/bnu\/wp-content\/uploads\/sites\/56\/2022\/01\/BNU-SOL-1--1024x576.jpg 1024w, https:\/\/www.lyceelecorbusier.eu\/bnu\/wp-content\/uploads\/sites\/56\/2022\/01\/BNU-SOL-1--768x432.jpg 768w, https:\/\/www.lyceelecorbusier.eu\/bnu\/wp-content\/uploads\/sites\/56\/2022\/01\/BNU-SOL-1--1536x864.jpg 1536w, https:\/\/www.lyceelecorbusier.eu\/bnu\/wp-content\/uploads\/sites\/56\/2022\/01\/BNU-SOL-1--960x540.jpg 960w, https:\/\/www.lyceelecorbusier.eu\/bnu\/wp-content\/uploads\/sites\/56\/2022\/01\/BNU-SOL-1-.jpg 1600w\" sizes=\"(max-width: 1042px) 100vw, 1042px\" \/><\/p>\r\n<p><em><strong>Foyer nord :<\/strong><\/em><\/p>\r\n<p><img loading=\"lazy\" class=\"wp-image-562 aligncenter\" src=\"https:\/\/www.lyceelecorbusier.eu\/bnu\/wp-content\/uploads\/sites\/56\/2022\/01\/BNU-DESSIN-4-1-300x246.jpg\" alt=\"\" width=\"524\" height=\"422\" \/><\/p>\r\n<p>&nbsp;<\/p>\r\n<p>&nbsp;<\/p>\r\n<p>Mur d&#8217;expression : D\u00e9posez, affichez, \u00e9crivez vos petites annonces<\/p>\r\n<p>&nbsp;<\/p>\r\n<p><img loading=\"lazy\" class=\"alignnone  wp-image-557\" src=\"https:\/\/www.lyceelecorbusier.eu\/bnu\/wp-content\/uploads\/sites\/56\/2022\/01\/BNU-mur-expression-300x169.jpg\" alt=\"\" width=\"1017\" height=\"573\" srcset=\"https:\/\/www.lyceelecorbusier.eu\/bnu\/wp-content\/uploads\/sites\/56\/2022\/01\/BNU-mur-expression-300x169.jpg 300w, https:\/\/www.lyceelecorbusier.eu\/bnu\/wp-content\/uploads\/sites\/56\/2022\/01\/BNU-mur-expression-1024x576.jpg 1024w, https:\/\/www.lyceelecorbusier.eu\/bnu\/wp-content\/uploads\/sites\/56\/2022\/01\/BNU-mur-expression-768x432.jpg 768w, https:\/\/www.lyceelecorbusier.eu\/bnu\/wp-content\/uploads\/sites\/56\/2022\/01\/BNU-mur-expression-1536x864.jpg 1536w, https:\/\/www.lyceelecorbusier.eu\/bnu\/wp-content\/uploads\/sites\/56\/2022\/01\/BNU-mur-expression-960x540.jpg 960w, https:\/\/www.lyceelecorbusier.eu\/bnu\/wp-content\/uploads\/sites\/56\/2022\/01\/BNU-mur-expression.jpg 1600w\" sizes=\"(max-width: 1017px) 100vw, 1017px\" \/><\/p>\r\n<p>signal\u00e9tique aux sol : rendre l&#8217;exposition et l&#8217;auditorium plus visibles.<\/p>\r\n<p><img loading=\"lazy\" class=\"alignnone  wp-image-572\" src=\"https:\/\/www.lyceelecorbusier.eu\/bnu\/wp-content\/uploads\/sites\/56\/2022\/01\/Sol-audito-expo-300x169.jpg\" alt=\"\" width=\"1014\" height=\"571\" srcset=\"https:\/\/www.lyceelecorbusier.eu\/bnu\/wp-content\/uploads\/sites\/56\/2022\/01\/Sol-audito-expo-300x169.jpg 300w, https:\/\/www.lyceelecorbusier.eu\/bnu\/wp-content\/uploads\/sites\/56\/2022\/01\/Sol-audito-expo-1024x576.jpg 1024w, https:\/\/www.lyceelecorbusier.eu\/bnu\/wp-content\/uploads\/sites\/56\/2022\/01\/Sol-audito-expo-768x432.jpg 768w, https:\/\/www.lyceelecorbusier.eu\/bnu\/wp-content\/uploads\/sites\/56\/2022\/01\/Sol-audito-expo-1536x864.jpg 1536w, https:\/\/www.lyceelecorbusier.eu\/bnu\/wp-content\/uploads\/sites\/56\/2022\/01\/Sol-audito-expo-960x540.jpg 960w, https:\/\/www.lyceelecorbusier.eu\/bnu\/wp-content\/uploads\/sites\/56\/2022\/01\/Sol-audito-expo.jpg 1600w\" sizes=\"(max-width: 1014px) 100vw, 1014px\" \/><\/p>\r\n<p>&nbsp;<\/p>\r\n<p>&nbsp;<\/p>\r\n<p><em><strong>Foyer sud :<\/strong><\/em><\/p>\r\n<p>&nbsp;<\/p>\r\n<p><img loading=\"lazy\" class=\"wp-image-561 aligncenter\" src=\"https:\/\/www.lyceelecorbusier.eu\/bnu\/wp-content\/uploads\/sites\/56\/2022\/01\/BNU-DESSIN-5-1-300x246.jpg\" alt=\"\" width=\"522\" height=\"428\" srcset=\"https:\/\/www.lyceelecorbusier.eu\/bnu\/wp-content\/uploads\/sites\/56\/2022\/01\/BNU-DESSIN-5-1-300x246.jpg 300w, https:\/\/www.lyceelecorbusier.eu\/bnu\/wp-content\/uploads\/sites\/56\/2022\/01\/BNU-DESSIN-5-1-1024x839.jpg 1024w, https:\/\/www.lyceelecorbusier.eu\/bnu\/wp-content\/uploads\/sites\/56\/2022\/01\/BNU-DESSIN-5-1-768x629.jpg 768w, https:\/\/www.lyceelecorbusier.eu\/bnu\/wp-content\/uploads\/sites\/56\/2022\/01\/BNU-DESSIN-5-1-960x786.jpg 960w, https:\/\/www.lyceelecorbusier.eu\/bnu\/wp-content\/uploads\/sites\/56\/2022\/01\/BNU-DESSIN-5-1.jpg 1099w\" sizes=\"(max-width: 522px) 100vw, 522px\" \/><br \/><br \/>D\u00e9bat mural\u00a0: Une question, des post-it disposer sur le mur<\/p>\r\n<p><img loading=\"lazy\" class=\"alignnone  wp-image-553\" src=\"https:\/\/www.lyceelecorbusier.eu\/bnu\/wp-content\/uploads\/sites\/56\/2022\/01\/BNU-Debat-muraux-1-a-300x169.jpg\" alt=\"\" width=\"1017\" height=\"573\" srcset=\"https:\/\/www.lyceelecorbusier.eu\/bnu\/wp-content\/uploads\/sites\/56\/2022\/01\/BNU-Debat-muraux-1-a-300x169.jpg 300w, https:\/\/www.lyceelecorbusier.eu\/bnu\/wp-content\/uploads\/sites\/56\/2022\/01\/BNU-Debat-muraux-1-a-1024x576.jpg 1024w, https:\/\/www.lyceelecorbusier.eu\/bnu\/wp-content\/uploads\/sites\/56\/2022\/01\/BNU-Debat-muraux-1-a-768x432.jpg 768w, https:\/\/www.lyceelecorbusier.eu\/bnu\/wp-content\/uploads\/sites\/56\/2022\/01\/BNU-Debat-muraux-1-a-1536x864.jpg 1536w, https:\/\/www.lyceelecorbusier.eu\/bnu\/wp-content\/uploads\/sites\/56\/2022\/01\/BNU-Debat-muraux-1-a-960x540.jpg 960w, https:\/\/www.lyceelecorbusier.eu\/bnu\/wp-content\/uploads\/sites\/56\/2022\/01\/BNU-Debat-muraux-1-a.jpg 1600w\" sizes=\"(max-width: 1017px) 100vw, 1017px\" \/><\/p>\r\n<p>Jeux de table\u00a0: transformer les tables pressentent dans le foyer nord en espace hybride, entre jeux et travaille. Exemple\u00a0: le jeux de palet.<img loading=\"lazy\" class=\"alignnone  wp-image-547\" src=\"https:\/\/www.lyceelecorbusier.eu\/bnu\/wp-content\/uploads\/sites\/56\/2022\/01\/BNU-Hochey-sur-table-b-1-300x169.jpg\" alt=\"\" width=\"1021\" height=\"575\" srcset=\"https:\/\/www.lyceelecorbusier.eu\/bnu\/wp-content\/uploads\/sites\/56\/2022\/01\/BNU-Hochey-sur-table-b-1-300x169.jpg 300w, https:\/\/www.lyceelecorbusier.eu\/bnu\/wp-content\/uploads\/sites\/56\/2022\/01\/BNU-Hochey-sur-table-b-1-1024x576.jpg 1024w, https:\/\/www.lyceelecorbusier.eu\/bnu\/wp-content\/uploads\/sites\/56\/2022\/01\/BNU-Hochey-sur-table-b-1-768x432.jpg 768w, https:\/\/www.lyceelecorbusier.eu\/bnu\/wp-content\/uploads\/sites\/56\/2022\/01\/BNU-Hochey-sur-table-b-1-1536x864.jpg 1536w, https:\/\/www.lyceelecorbusier.eu\/bnu\/wp-content\/uploads\/sites\/56\/2022\/01\/BNU-Hochey-sur-table-b-1-960x540.jpg 960w, https:\/\/www.lyceelecorbusier.eu\/bnu\/wp-content\/uploads\/sites\/56\/2022\/01\/BNU-Hochey-sur-table-b-1.jpg 1600w\" sizes=\"(max-width: 1021px) 100vw, 1021px\" \/><\/p>\r\n<p><em><strong>Escalier sup\u00e9rieur : <\/strong><\/em><\/p>\r\n\n\t\t<!-- MasterSlider -->\n\t\t<div id=\"P_MS69f3b8da39557\" class=\"master-slider-parent msl ms-parent-id-24\" style=\"max-width:780px;\">\n\n\t\t\t\n\t\t\t<!-- MasterSlider Main -->\n\t\t\t<div id=\"MS69f3b8da39557\" class=\"master-slider ms-skin-default\" >\n\t\t\t\t \t\t\t\t \n\t\t\t\t<div  class=\"ms-slide\" data-delay=\"3\" data-fill-mode=\"fill\"  >\n\t\t\t\t\t<img src=\"https:\/\/www.lyceelecorbusier.eu\/bnu\/wp-content\/plugins\/master-slider\/public\/assets\/css\/blank.gif\" alt=\"\" title=\"\" data-src=\"https:\/\/www.lyceelecorbusier.eu\/bnu\/wp-content\/uploads\/sites\/56\/2022\/01\/BNU-C-7.jpg\" \/>\n\n\n\t<div class=\"ms-thumb\" ><div class=\"ms-tab-context\"><div class=&quot;ms-tab-context&quot;><\/div><\/div>\n<\/div>\n\t\t\t\t<\/div>\n\t\t\t\t<div  class=\"ms-slide\" data-delay=\"3\" data-fill-mode=\"fill\"  >\n\t\t\t\t\t<img src=\"https:\/\/www.lyceelecorbusier.eu\/bnu\/wp-content\/plugins\/master-slider\/public\/assets\/css\/blank.gif\" alt=\"\" title=\"\" data-src=\"https:\/\/www.lyceelecorbusier.eu\/bnu\/wp-content\/uploads\/sites\/56\/2022\/01\/BNU-Panneaux-int-1-c.jpg\" \/>\n\n\n\t<div class=\"ms-thumb\" ><div class=\"ms-tab-context\"><div class=&quot;ms-tab-context&quot;><\/div><\/div>\n<\/div>\n\t\t\t\t<\/div>\n\t\t\t\t<div  class=\"ms-slide\" data-delay=\"3\" data-fill-mode=\"fill\"  >\n\t\t\t\t\t<img src=\"https:\/\/www.lyceelecorbusier.eu\/bnu\/wp-content\/plugins\/master-slider\/public\/assets\/css\/blank.gif\" alt=\"\" title=\"\" data-src=\"https:\/\/www.lyceelecorbusier.eu\/bnu\/wp-content\/uploads\/sites\/56\/2022\/01\/BNU-C-8.jpg\" \/>\n\n\n\t<div class=\"ms-thumb\" ><div class=\"ms-tab-context\"><div class=&quot;ms-tab-context&quot;><\/div><\/div>\n<\/div>\n\t\t\t\t<\/div>\n\n\t\t\t<\/div>\n\t\t\t<!-- END MasterSlider Main -->\n\n\t\t\t \n\t\t<\/div>\n\t\t<!-- END MasterSlider -->\n\n\t\t<script>\n\t\t(function ( $ ) {\n\t\t\t\"use strict\";\n\n\t\t\t$(function () {\n\t\t\t\tvar masterslider_9557 = new MasterSlider();\n\n\t\t\t\t\/\/ slider controls\n\n\t\t\t\t\/\/ slider setup\n\t\t\t\tmasterslider_9557.setup(\"MS69f3b8da39557\", {\n\t\t\t\t\t\twidth           : 780,\n\t\t\t\t\t\theight          : 500,\n\t\t\t\t\t\tminHeight       : 0,\n\t\t\t\t\t\tspace           : 0,\n\t\t\t\t\t\tstart           : 1,\n\t\t\t\t\t\tgrabCursor      : true,\n\t\t\t\t\t\tswipe           : true,\n\t\t\t\t\t\tmouse           : true,\n\t\t\t\t\t\tlayout          : \"boxed\",\n\t\t\t\t\t\twheel           : true,\n\t\t\t\t\t\tautoplay        : true,\n\t\t\t\t\t\tinstantStartLayers:false,\n\t\t\t\t\t\tloop            : false,\n\t\t\t\t\t\tshuffle         : false,\n\t\t\t\t\t\tpreload         : 0,\n\t\t\t\t\t\theightLimit     : true,\n\t\t\t\t\t\tautoHeight      : true,\n\t\t\t\t\t\tsmoothHeight    : true,\n\t\t\t\t\t\tendPause        : false,\n\t\t\t\t\t\toverPause       : false,\n\t\t\t\t\t\tfillMode        : \"fill\",\n\t\t\t\t\t\tcenterControls  : true,\n\t\t\t\t\t\tstartOnAppear   : false,\n\t\t\t\t\t\tlayersMode      : \"center\",\n\t\t\t\t\t\thideLayers      : false,\n\t\t\t\t\t\tfullscreenMargin: 0,\n\t\t\t\t\t\tspeed           : 20,\n\t\t\t\t\t\tdir             : \"h\",\n\t\t\t\t\t\tparallaxMode    : 'swipe',\n\t\t\t\t\t\tview            : \"basic\"\n\t\t\t\t});\n\n\t\t\t\t\n\t\t\t\twindow.masterslider_instances = window.masterslider_instances || [];\n\t\t\t\twindow.masterslider_instances.push( masterslider_9557 );\n\t\t\t });\n\n\t\t})(jQuery);\n\t\t<\/script>\n\n\r\n<p>Panneaux d&#8217;indications :\u00a0<\/p>\r\n<p><img loading=\"lazy\" class=\"alignnone  wp-image-567\" src=\"https:\/\/www.lyceelecorbusier.eu\/bnu\/wp-content\/uploads\/sites\/56\/2022\/01\/BNU-Panneaux-int-1-b-300x169.jpg\" alt=\"\" width=\"1021\" height=\"575\" srcset=\"https:\/\/www.lyceelecorbusier.eu\/bnu\/wp-content\/uploads\/sites\/56\/2022\/01\/BNU-Panneaux-int-1-b-300x169.jpg 300w, https:\/\/www.lyceelecorbusier.eu\/bnu\/wp-content\/uploads\/sites\/56\/2022\/01\/BNU-Panneaux-int-1-b-1024x576.jpg 1024w, https:\/\/www.lyceelecorbusier.eu\/bnu\/wp-content\/uploads\/sites\/56\/2022\/01\/BNU-Panneaux-int-1-b-768x432.jpg 768w, https:\/\/www.lyceelecorbusier.eu\/bnu\/wp-content\/uploads\/sites\/56\/2022\/01\/BNU-Panneaux-int-1-b-1536x864.jpg 1536w, https:\/\/www.lyceelecorbusier.eu\/bnu\/wp-content\/uploads\/sites\/56\/2022\/01\/BNU-Panneaux-int-1-b-960x540.jpg 960w, https:\/\/www.lyceelecorbusier.eu\/bnu\/wp-content\/uploads\/sites\/56\/2022\/01\/BNU-Panneaux-int-1-b.jpg 1600w\" sizes=\"(max-width: 1021px) 100vw, 1021px\" \/><\/p>\r\n<\/p><\/div>\n\t\t<\/div>\r\n<p>&nbsp;<\/p>\r\n<hr \/>\r\n<p><br \/><img loading=\"lazy\" class=\"alignnone  wp-image-339\" src=\"https:\/\/www.lyceelecorbusier.eu\/bnu\/wp-content\/uploads\/sites\/56\/2022\/01\/BNU-DESSIN-3-300x169.jpg\" alt=\"\" width=\"1191\" height=\"671\" srcset=\"https:\/\/www.lyceelecorbusier.eu\/bnu\/wp-content\/uploads\/sites\/56\/2022\/01\/BNU-DESSIN-3-300x169.jpg 300w, https:\/\/www.lyceelecorbusier.eu\/bnu\/wp-content\/uploads\/sites\/56\/2022\/01\/BNU-DESSIN-3-1024x576.jpg 1024w, https:\/\/www.lyceelecorbusier.eu\/bnu\/wp-content\/uploads\/sites\/56\/2022\/01\/BNU-DESSIN-3-768x432.jpg 768w, https:\/\/www.lyceelecorbusier.eu\/bnu\/wp-content\/uploads\/sites\/56\/2022\/01\/BNU-DESSIN-3-1536x864.jpg 1536w, https:\/\/www.lyceelecorbusier.eu\/bnu\/wp-content\/uploads\/sites\/56\/2022\/01\/BNU-DESSIN-3-960x540.jpg 960w, https:\/\/www.lyceelecorbusier.eu\/bnu\/wp-content\/uploads\/sites\/56\/2022\/01\/BNU-DESSIN-3.jpg 1600w\" sizes=\"(max-width: 1191px) 100vw, 1191px\" \/><br \/>\n\t\t<div class=\"toggle-box\">\n\t\t<p class=\"toggle-trigger\"><a href=\"javascript:void(0);\">Niveau 2<\/a><\/p>\n\t\t<div class=\"toggle-section\"><p>\r\n<p><span style=\"font-size: 1em\">Montons maintenant au niveau 2, pour aller dans la salle de coworking,\u00a0 anciennement la salle d&#8217;actualit\u00e9.\u00a0\u00a0<\/span><\/p>\r\n\n\t\t<!-- MasterSlider -->\n\t\t<div id=\"P_MS69f3b8da3d250\" class=\"master-slider-parent msl ms-parent-id-22\" style=\"max-width:780px;\">\n\n\t\t\t\n\t\t\t<!-- MasterSlider Main -->\n\t\t\t<div id=\"MS69f3b8da3d250\" class=\"master-slider ms-skin-default\" >\n\t\t\t\t \t\t\t\t \n\t\t\t\t<div  class=\"ms-slide\" data-delay=\"3\" data-fill-mode=\"fill\"  >\n\t\t\t\t\t<img src=\"https:\/\/www.lyceelecorbusier.eu\/bnu\/wp-content\/plugins\/master-slider\/public\/assets\/css\/blank.gif\" alt=\"\" title=\"\" data-src=\"https:\/\/www.lyceelecorbusier.eu\/bnu\/wp-content\/uploads\/sites\/56\/2022\/01\/BNU-Amelie-3-b-.jpg\" \/>\n\n\n\t<div class=\"ms-thumb\" ><div class=\"ms-tab-context\"><div class=&quot;ms-tab-context&quot;><\/div><\/div>\n<\/div>\n\t\t\t\t<\/div>\n\t\t\t\t<div  class=\"ms-slide\" data-delay=\"3\" data-fill-mode=\"fill\"  >\n\t\t\t\t\t<img src=\"https:\/\/www.lyceelecorbusier.eu\/bnu\/wp-content\/plugins\/master-slider\/public\/assets\/css\/blank.gif\" alt=\"\" title=\"\" data-src=\"https:\/\/www.lyceelecorbusier.eu\/bnu\/wp-content\/uploads\/sites\/56\/2022\/01\/BNU-C-6-b.jpg\" \/>\n\n\n\t<div class=\"ms-thumb\" ><div class=\"ms-tab-context\"><div class=&quot;ms-tab-context&quot;><\/div><\/div>\n<\/div>\n\t\t\t\t<\/div>\n\n\t\t\t<\/div>\n\t\t\t<!-- END MasterSlider Main -->\n\n\t\t\t \n\t\t<\/div>\n\t\t<!-- END MasterSlider -->\n\n\t\t<script>\n\t\t(function ( $ ) {\n\t\t\t\"use strict\";\n\n\t\t\t$(function () {\n\t\t\t\tvar masterslider_d250 = new MasterSlider();\n\n\t\t\t\t\/\/ slider controls\n\n\t\t\t\t\/\/ slider setup\n\t\t\t\tmasterslider_d250.setup(\"MS69f3b8da3d250\", {\n\t\t\t\t\t\twidth           : 780,\n\t\t\t\t\t\theight          : 500,\n\t\t\t\t\t\tminHeight       : 0,\n\t\t\t\t\t\tspace           : 0,\n\t\t\t\t\t\tstart           : 1,\n\t\t\t\t\t\tgrabCursor      : true,\n\t\t\t\t\t\tswipe           : true,\n\t\t\t\t\t\tmouse           : true,\n\t\t\t\t\t\tlayout          : \"boxed\",\n\t\t\t\t\t\twheel           : true,\n\t\t\t\t\t\tautoplay        : true,\n\t\t\t\t\t\tinstantStartLayers:false,\n\t\t\t\t\t\tloop            : true,\n\t\t\t\t\t\tshuffle         : false,\n\t\t\t\t\t\tpreload         : 0,\n\t\t\t\t\t\theightLimit     : true,\n\t\t\t\t\t\tautoHeight      : true,\n\t\t\t\t\t\tsmoothHeight    : true,\n\t\t\t\t\t\tendPause        : false,\n\t\t\t\t\t\toverPause       : false,\n\t\t\t\t\t\tfillMode        : \"fill\",\n\t\t\t\t\t\tcenterControls  : true,\n\t\t\t\t\t\tstartOnAppear   : false,\n\t\t\t\t\t\tlayersMode      : \"center\",\n\t\t\t\t\t\thideLayers      : false,\n\t\t\t\t\t\tfullscreenMargin: 0,\n\t\t\t\t\t\tspeed           : 20,\n\t\t\t\t\t\tdir             : \"h\",\n\t\t\t\t\t\tparallaxMode    : 'swipe',\n\t\t\t\t\t\tview            : \"basic\"\n\t\t\t\t});\n\n\t\t\t\t\n\t\t\t\twindow.masterslider_instances = window.masterslider_instances || [];\n\t\t\t\twindow.masterslider_instances.push( masterslider_d250 );\n\t\t\t });\n\n\t\t})(jQuery);\n\t\t<\/script>\n\n\r\n<p><span style=\"font-weight: 400\">Son ancienne utilisation \u00e9tait tr\u00e8s appr\u00e9ci\u00e9 et est toujours tr\u00e8s demand\u00e9, c\u2019est pour cela nous avons d\u00e9cid\u00e9 de redonner une dimension plus culturelle et \u00e9v\u00e9nementielle \u00e0 cette salle, tout en laissant, bien \u00e9videmment, la possibilit\u00e9 aux usagers de s&#8217; installer pour travailler.\u00a0<\/span><\/p>\r\n<p><span style=\"font-weight: 400\">Ainsi, pour cette nouvelle organisation on\u00a0 pourrait envisager de retirer au fond de la salle une partie des longues tables noires, pour gagner de la profondeur.\u00a0 Dans ce nouvel espace , pourrait \u00eatre install\u00e9e une table pour 6 ou 8\u00a0 personnes. <\/span><span style=\"font-weight: 400\">En remplacement des armoires \u00e0 magazine, une banquette munie de tables extensibles permettant d\u2019accueillir plus ou moins de monde. c<\/span><span style=\"font-weight: 400\">r\u00e9ant un espace de travail chaleureux. Cet ensemble a pour but de favoriser le travail de groupe. <\/span><span style=\"font-weight: 400\">La table de 6 \u00e0 8 pour du travail et\u00a0<\/span><span style=\"font-weight: 400\">les ateliers en petit comit\u00e9 et la banquette pour accueillir de plus grande assembl\u00e9e.<\/span><\/p>\r\n<p><img loading=\"lazy\" class=\"alignnone  wp-image-540\" src=\"https:\/\/www.lyceelecorbusier.eu\/bnu\/wp-content\/uploads\/sites\/56\/2022\/01\/BNU-Amelie-2-b--300x169.jpg\" alt=\"\" width=\"1040\" height=\"586\" srcset=\"https:\/\/www.lyceelecorbusier.eu\/bnu\/wp-content\/uploads\/sites\/56\/2022\/01\/BNU-Amelie-2-b--300x169.jpg 300w, https:\/\/www.lyceelecorbusier.eu\/bnu\/wp-content\/uploads\/sites\/56\/2022\/01\/BNU-Amelie-2-b--1024x576.jpg 1024w, https:\/\/www.lyceelecorbusier.eu\/bnu\/wp-content\/uploads\/sites\/56\/2022\/01\/BNU-Amelie-2-b--768x432.jpg 768w, https:\/\/www.lyceelecorbusier.eu\/bnu\/wp-content\/uploads\/sites\/56\/2022\/01\/BNU-Amelie-2-b--1536x864.jpg 1536w, https:\/\/www.lyceelecorbusier.eu\/bnu\/wp-content\/uploads\/sites\/56\/2022\/01\/BNU-Amelie-2-b--960x540.jpg 960w, https:\/\/www.lyceelecorbusier.eu\/bnu\/wp-content\/uploads\/sites\/56\/2022\/01\/BNU-Amelie-2-b-.jpg 1600w\" sizes=\"(max-width: 1040px) 100vw, 1040px\" \/><\/p>\r\n<p><span style=\"font-weight: 400\">\u00a0<\/span><\/p><\/div>\n\t\t<\/div>\r\n<p>&nbsp;<\/p>\r\n<hr \/>\r\n<p><img loading=\"lazy\" class=\"alignnone  wp-image-346\" src=\"https:\/\/www.lyceelecorbusier.eu\/bnu\/wp-content\/uploads\/sites\/56\/2022\/01\/BNU-DESSIN-7-300x169.jpg\" alt=\"\" width=\"1182\" height=\"666\" srcset=\"https:\/\/www.lyceelecorbusier.eu\/bnu\/wp-content\/uploads\/sites\/56\/2022\/01\/BNU-DESSIN-7-300x169.jpg 300w, https:\/\/www.lyceelecorbusier.eu\/bnu\/wp-content\/uploads\/sites\/56\/2022\/01\/BNU-DESSIN-7-1024x576.jpg 1024w, https:\/\/www.lyceelecorbusier.eu\/bnu\/wp-content\/uploads\/sites\/56\/2022\/01\/BNU-DESSIN-7-768x432.jpg 768w, https:\/\/www.lyceelecorbusier.eu\/bnu\/wp-content\/uploads\/sites\/56\/2022\/01\/BNU-DESSIN-7-1536x864.jpg 1536w, https:\/\/www.lyceelecorbusier.eu\/bnu\/wp-content\/uploads\/sites\/56\/2022\/01\/BNU-DESSIN-7-960x540.jpg 960w, https:\/\/www.lyceelecorbusier.eu\/bnu\/wp-content\/uploads\/sites\/56\/2022\/01\/BNU-DESSIN-7.jpg 1600w\" sizes=\"(max-width: 1182px) 100vw, 1182px\" \/><\/p>\r\n<p style=\"text-align: center\">Laurine LE SAULNIER, Am\u00e9lie BERT, Paula HOUINSAVI, Yann BONIN &#8211; L.A.P.Y<\/p>\r\n<p style=\"text-align: center\">&#8211; Novembre 2021 &gt; Janvier 2022-<\/p>\r\n","protected":false},"excerpt":{"rendered":"<p>Bonjour, nous sommes Laurine, Am\u00e9lie, Paula et Yann, et nous formons l&#8217;agence L.A.P.Y our space ! &nbsp; Notre Objectif :\u00a0 \u201cFaire de la BNU un espace culturel et un lieu d&#8217;\u00e9change incontournable sur la sc\u00e8ne Strasbourgeoise\u201d &nbsp; La&#8230; <a class=\"read-more\" href=\"https:\/\/www.lyceelecorbusier.eu\/bnu\/?p=290\">Lire la suite&#8230;<\/a><\/p>\n","protected":false},"author":330,"featured_media":0,"comment_status":"closed","ping_status":"closed","sticky":false,"template":"","format":"standard","meta":[],"categories":[1],"tags":[],"_links":{"self":[{"href":"https:\/\/www.lyceelecorbusier.eu\/bnu\/index.php?rest_route=\/wp\/v2\/posts\/290"}],"collection":[{"href":"https:\/\/www.lyceelecorbusier.eu\/bnu\/index.php?rest_route=\/wp\/v2\/posts"}],"about":[{"href":"https:\/\/www.lyceelecorbusier.eu\/bnu\/index.php?rest_route=\/wp\/v2\/types\/post"}],"author":[{"embeddable":true,"href":"https:\/\/www.lyceelecorbusier.eu\/bnu\/index.php?rest_route=\/wp\/v2\/users\/330"}],"replies":[{"embeddable":true,"href":"https:\/\/www.lyceelecorbusier.eu\/bnu\/index.php?rest_route=%2Fwp%2Fv2%2Fcomments&post=290"}],"version-history":[{"count":36,"href":"https:\/\/www.lyceelecorbusier.eu\/bnu\/index.php?rest_route=\/wp\/v2\/posts\/290\/revisions"}],"predecessor-version":[{"id":569,"href":"https:\/\/www.lyceelecorbusier.eu\/bnu\/index.php?rest_route=\/wp\/v2\/posts\/290\/revisions\/569"}],"wp:attachment":[{"href":"https:\/\/www.lyceelecorbusier.eu\/bnu\/index.php?rest_route=%2Fwp%2Fv2%2Fmedia&parent=290"}],"wp:term":[{"taxonomy":"category","embeddable":true,"href":"https:\/\/www.lyceelecorbusier.eu\/bnu\/index.php?rest_route=%2Fwp%2Fv2%2Fcategories&post=290"},{"taxonomy":"post_tag","embeddable":true,"href":"https:\/\/www.lyceelecorbusier.eu\/bnu\/index.php?rest_route=%2Fwp%2Fv2%2Ftags&post=290"}],"curies":[{"name":"wp","href":"https:\/\/api.w.org\/{rel}","templated":true}]}}